{"id":254153,"date":"2025-11-25T00:36:12","date_gmt":"2025-11-25T00:36:12","guid":{"rendered":"https:\/\/www.europesays.com\/es\/254153\/"},"modified":"2025-11-25T00:36:12","modified_gmt":"2025-11-25T00:36:12","slug":"un-juzgado-condena-al-marido-de-esperanza-aguirre-a-pagar-853-732-euros-por-la-venta-de-un-goya-de-su-familia-cultura","status":"publish","type":"post","link":"https:\/\/www.europesays.com\/es\/254153\/","title":{"rendered":"Un juzgado condena al marido de Esperanza Aguirre a pagar 853.732 euros por la venta de un \u2018goya\u2019 de su familia | Cultura"},"content":{"rendered":"<p class=\"\">El marido de Esperanza Aguirre, Fernando Ram\u00edrez de Haro, ha sido condenado a pagar 853.732,83 euros a un hermano por un cuadro de Goya que vendi\u00f3 en 2012 y que pertenec\u00eda a la familia. Fernando Ram\u00edrez de Haro, seg\u00fan la sentencia a la que ha tenido acceso EL PA\u00cdS, <a href=\"https:\/\/elpais.com\/cultura\/2022-05-10\/se-reabre-el-caso-por-la-venta-del-goya-del-marido-de-esperanza-aguirre.html\" target=\"_self\" rel=\"nofollow noopener\" title=\"https:\/\/elpais.com\/cultura\/2022-05-10\/se-reabre-el-caso-por-la-venta-del-goya-del-marido-de-esperanza-aguirre.html\">vendi\u00f3 el goya, que formaba parte de la herencia indivisa del padre<\/a> (fallecido 2010), al empresario Juan Miguel Villar Mir por un precio total de 5.800.000 euros (Sotheby\u2019s, como intermediaria de la venta privada, se qued\u00f3 con 684.400 euros). La sentencia, contra la que a\u00fan cabe recurso, se\u00f1ala que el marido de la expresidenta de la Comunidad de Madrid nunca devolvi\u00f3 a sus hermanos lo que les correspond\u00eda por la venta del cuadro y le obliga a hacerlo.<\/p>\n<p>M\u00e1s informaci\u00f3n<\/p>\n<p class=\"\">El cuadro, un retrato de Valent\u00edn Belv\u00eds de Moncada Pizarro, conde de Bornos igual que el marido de Aguirre, <a href=\"https:\/\/elpais.com\/cultura\/2022-04-03\/indolentes-frivolos-y-tacanos-la-aristocracia-espanola-retratada-por-un-marques.html\" target=\"_self\" rel=\"nofollow noopener\" title=\"https:\/\/elpais.com\/cultura\/2022-04-03\/indolentes-frivolos-y-tacanos-la-aristocracia-espanola-retratada-por-un-marques.html\">llevaba a\u00f1os en su casa del centro de Madrid cuando<\/a>, presionado por los acreedores, Ram\u00edrez de Haro decidi\u00f3 ponerlo a la venta a trav\u00e9s de Sotheby\u2019s. Acord\u00f3 por escrito con sus hermanos que les dar\u00eda su parte cuando su situaci\u00f3n econ\u00f3mica mejorara.<\/p>\n<p class=\"\"><a href=\"https:\/\/elpais.com\/cultura\/2022-04-03\/indolentes-frivolos-y-tacanos-la-aristocracia-espanola-retratada-por-un-marques.html\" target=\"_self\" rel=\"nofollow noopener\" title=\"https:\/\/elpais.com\/cultura\/2022-04-03\/indolentes-frivolos-y-tacanos-la-aristocracia-espanola-retratada-por-un-marques.html\">\u00cd\u00f1igo Ram\u00edrez de Haro<\/a>, hermano de Fernando, <a href=\"https:\/\/elpais.com\/opinion\/2021-10-02\/descubierto-un-retrato-del-aguirrismo.html\" target=\"_self\" rel=\"nofollow noopener\" title=\"https:\/\/elpais.com\/opinion\/2021-10-02\/descubierto-un-retrato-del-aguirrismo.html\">pleite\u00f3 primero por la v\u00eda penal<\/a>. En su querella acusaba a su hermano de enga\u00f1arlo, urdiendo una falsa donaci\u00f3n para facilitar los tr\u00e1mites. Pero la Audiencia de Madrid, a\u00fan admitiendo que la donaci\u00f3n hab\u00eda sido \u201cinventada\u201d, <a href=\"https:\/\/elpais.com\/cultura\/2023-03-04\/el-juez-cierra-el-caso-del-goya-del-marido-de-esperanza-aguirre-aunque-reconoce-que-fue-una-donacion-falsa.html\" target=\"_self\" rel=\"nofollow noopener\" title=\"https:\/\/elpais.com\/cultura\/2023-03-04\/el-juez-cierra-el-caso-del-goya-del-marido-de-esperanza-aguirre-aunque-reconoce-que-fue-una-donacion-falsa.html\">desestim\u00f3 el caso en 2023<\/a> al considerar que los hermanos \u201cest\u00e1n exentos de responsabilidad criminal y sujetos \u00fanicamente a la civil\u201d. Al tratarse de un acuerdo entre los hermanos, los jueces concluyeron que no hubo delito. Entonces \u00cd\u00f1igo Ram\u00edrez de Haro acudi\u00f3 a la v\u00eda civil, y el pasado mes de septiembre el juicio qued\u00f3 visto para sentencia.<\/p>\n<p><img decoding=\"auto\" class=\"_re lazyload a_m-h\" height=\"276\"  width=\"414\"  src=\"https:\/\/www.europesays.com\/es\/wp-content\/uploads\/2025\/11\/RHQ3OBJMX5BNFBLG2XWGAPEGLY.jpg\" loading=\"lazy\"\/>I\u00f1igo Ram\u00edrez de Haro, frente al palacio de su familia donde vive su hermano Fernando con su esposa, Esperanza Aguirre.Santi Burgos<\/p>\n<p class=\"\">\u201cEl compromiso adquirido por el demandado frente a sus hermanos es jur\u00eddicamente v\u00e1lido y eficaz\u201d, reza la sentencia, fechada el 14 de noviembre. \u201cLa ausencia de establecimiento de un plazo temporal y de los medios de acreditaci\u00f3n de la disponibilidad econ\u00f3mica no impide la exigibilidad de la deuda al considerarse que ha transcurrido un tiempo prudencial que no admite m\u00e1s dilaciones en el cumplimiento de lo acordado\u201d.<\/p>\n","protected":false},"excerpt":{"rendered":"El marido de Esperanza Aguirre, Fernando Ram\u00edrez de Haro, ha sido condenado a pagar 853.732,83 euros a un&hellip;\n","protected":false},"author":2,"featured_media":254154,"comment_status":"","ping_status":"","sticky":false,"template":"","format":"standard","meta":{"footnotes":""},"categories":[173],"tags":[229,233,231,230,4194,209,232,234,146,147,25,24,37777,27884,64102,2128,2158,6478,23],"class_list":{"0":"post-254153","1":"post","2":"type-post","3":"status-publish","4":"format-standard","5":"has-post-thumbnail","7":"category-arte-y-diseno","8":"tag-arte","9":"tag-arte-y-diseno","10":"tag-arts","11":"tag-arts-and-design","12":"tag-cuadros","13":"tag-cultura","14":"tag-design","15":"tag-diseno","16":"tag-entertainment","17":"tag-entretenimiento","18":"tag-es","19":"tag-espana","20":"tag-esperanza-aguirre","21":"tag-francisco-de-goya","22":"tag-inigo-ramirez-de-haro","23":"tag-juicios","24":"tag-justicia","25":"tag-sentencias","26":"tag-spain"},"share_on_mastodon":{"url":"https:\/\/pubeurope.com\/@es\/115607541357262289","error":""},"_links":{"self":[{"href":"https:\/\/www.europesays.com\/es\/wp-json\/wp\/v2\/posts\/254153","targetHints":{"allow":["GET"]}}],"collection":[{"href":"https:\/\/www.europesays.com\/es\/wp-json\/wp\/v2\/posts"}],"about":[{"href":"https:\/\/www.europesays.com\/es\/wp-json\/wp\/v2\/types\/post"}],"author":[{"embeddable":true,"href":"https:\/\/www.europesays.com\/es\/wp-json\/wp\/v2\/users\/2"}],"replies":[{"embeddable":true,"href":"https:\/\/www.europesays.com\/es\/wp-json\/wp\/v2\/comments?post=254153"}],"version-history":[{"count":0,"href":"https:\/\/www.europesays.com\/es\/wp-json\/wp\/v2\/posts\/254153\/revisions"}],"wp:featuredmedia":[{"embeddable":true,"href":"https:\/\/www.europesays.com\/es\/wp-json\/wp\/v2\/media\/254154"}],"wp:attachment":[{"href":"https:\/\/www.europesays.com\/es\/wp-json\/wp\/v2\/media?parent=254153"}],"wp:term":[{"taxonomy":"category","embeddable":true,"href":"https:\/\/www.europesays.com\/es\/wp-json\/wp\/v2\/categories?post=254153"},{"taxonomy":"post_tag","embeddable":true,"href":"https:\/\/www.europesays.com\/es\/wp-json\/wp\/v2\/tags?post=254153"}],"curies":[{"name":"wp","href":"https:\/\/api.w.org\/{rel}","templated":true}]}}