{"id":254155,"date":"2025-11-25T00:38:13","date_gmt":"2025-11-25T00:38:13","guid":{"rendered":"https:\/\/www.europesays.com\/es\/254155\/"},"modified":"2025-11-25T00:38:13","modified_gmt":"2025-11-25T00:38:13","slug":"bahar-le-da-a-seren-el-consejo-mas-valioso-de-su-vida","status":"publish","type":"post","link":"https:\/\/www.europesays.com\/es\/254155\/","title":{"rendered":"Bahar le da a Seren el consejo m\u00e1s valioso de su vida"},"content":{"rendered":"<p><b>Seren <\/b>se ha encontrado con <b>Bahar <\/b>en los pasillos del hospital y, aprovechando que estaban a solas, le ha contado que <b>Uras <\/b>se hab\u00eda disculpado por lo sucedido la noche anterior y que no sab\u00eda qu\u00e9 hacer.<\/p>\n<p>Cuando Bahar ha vuelto a decirle que la apoyaba en <b>su decisi\u00f3n de divorciarse <\/b>y que no quer\u00eda influir en nada, Seren<b> la ha dejado al descubierto<\/b>. Le ha dicho que ya hab\u00eda entendido su \u201cpapel\u201d: que Bahar se dio cuenta de que estaban celosos y que, en el fondo, esperaba que se reconciliaran.<\/p>\n<p>Bahar <b>lo ha reconocido ri\u00e9ndose<\/b>, pero esta vez ha querido<b> hablar en serio<\/b>. Le ha dicho que entiende su <b>dolor<\/b>, que las palabras de <b>Uras <\/b>fueron duras y que es normal que a\u00fan no pueda olvidarlas.<\/p>\n<p>Luego, le ha dado un consejo que <b>Seren ha escuchado<\/b> con atenci\u00f3n: \u201cCasarse es f\u00e1cil. Lo dif\u00edcil es seguir. No escuches tu ira, escucha a tu coraz\u00f3n. Si quieres darle otra oportunidad, hazlo. Y si no, si decides terminar, estar\u00e9 contigo. Esta vez de verdad\u201d.<\/p>\n<p>Seren <b>se ha emocionado<\/b> ante el apoyo de su suegra, que le ha recordado que para<b> ella ya es como una hija<\/b>. Ha sido un momento sincero entre las dos doctoras, \u00bfqu\u00e9 pasar\u00e1? <b>Solo el tiempo lo dir\u00e1.<\/b><\/p>\n","protected":false},"excerpt":{"rendered":"Seren se ha encontrado con Bahar en los pasillos del hospital y, aprovechando que estaban a solas, le&hellip;\n","protected":false},"author":2,"featured_media":254156,"comment_status":"","ping_status":"","sticky":false,"template":"","format":"standard","meta":{"footnotes":""},"categories":[171],"tags":[146,147,25,24,23,214],"class_list":{"0":"post-254155","1":"post","2":"type-post","3":"status-publish","4":"format-standard","5":"has-post-thumbnail","7":"category-tv","8":"tag-entertainment","9":"tag-entretenimiento","10":"tag-es","11":"tag-espana","12":"tag-spain","13":"tag-tv"},"share_on_mastodon":{"url":"https:\/\/pubeurope.com\/@es\/115607548958549549","error":""},"_links":{"self":[{"href":"https:\/\/www.europesays.com\/es\/wp-json\/wp\/v2\/posts\/254155","targetHints":{"allow":["GET"]}}],"collection":[{"href":"https:\/\/www.europesays.com\/es\/wp-json\/wp\/v2\/posts"}],"about":[{"href":"https:\/\/www.europesays.com\/es\/wp-json\/wp\/v2\/types\/post"}],"author":[{"embeddable":true,"href":"https:\/\/www.europesays.com\/es\/wp-json\/wp\/v2\/users\/2"}],"replies":[{"embeddable":true,"href":"https:\/\/www.europesays.com\/es\/wp-json\/wp\/v2\/comments?post=254155"}],"version-history":[{"count":0,"href":"https:\/\/www.europesays.com\/es\/wp-json\/wp\/v2\/posts\/254155\/revisions"}],"wp:featuredmedia":[{"embeddable":true,"href":"https:\/\/www.europesays.com\/es\/wp-json\/wp\/v2\/media\/254156"}],"wp:attachment":[{"href":"https:\/\/www.europesays.com\/es\/wp-json\/wp\/v2\/media?parent=254155"}],"wp:term":[{"taxonomy":"category","embeddable":true,"href":"https:\/\/www.europesays.com\/es\/wp-json\/wp\/v2\/categories?post=254155"},{"taxonomy":"post_tag","embeddable":true,"href":"https:\/\/www.europesays.com\/es\/wp-json\/wp\/v2\/tags?post=254155"}],"curies":[{"name":"wp","href":"https:\/\/api.w.org\/{rel}","templated":true}]}}