{"id":254180,"date":"2025-11-25T00:56:10","date_gmt":"2025-11-25T00:56:10","guid":{"rendered":"https:\/\/www.europesays.com\/es\/254180\/"},"modified":"2025-11-25T00:56:10","modified_gmt":"2025-11-25T00:56:10","slug":"chuma-okeke-pierde-ritmo-en-el-madrid","status":"publish","type":"post","link":"https:\/\/www.europesays.com\/es\/254180\/","title":{"rendered":"Chuma Okeke pierde ritmo en el Madrid"},"content":{"rendered":"<p class=\"p1\"><b>Por <\/b><a href=\"https:\/\/x.com\/JavierMoleroo\" rel=\"nofollow\"><b>Javier Molero<\/b><\/a>\/<a href=\"https:\/\/www.eurohoops.net\/es\/euroleague-es\/1898738\/chuma-okeke-pierde-ritmo-en-el-madrid\/mailto:info@eurohops.net\" rel=\"nofollow noopener\" target=\"_blank\"><b> jmolero@eurohoops.net<\/b><\/a><b> <\/b><\/p>\n<p>Chuma Okeke fue uno de los grandes nombres el pasado verano de un mercado cada vez m\u00e1s repleto de talento. Con la Euroliga atrayendo a piezas contrastadas en la NBA (Lyles, Dinwiddie, Holmes\u2026), el alero se postulaba como un salvavidas de un <a href=\"https:\/\/www.eurohoops.net\/basket\/real-madrid\/?lang=en\" title=\"Real Madrid\" target=\"_blank\" class=\"auto-link\" rel=\"nofollow noopener\">Real Madrid<\/a> que necesitaba cambios.<\/p>\n<p>Con su buena defensa y notable acierto desde el triple, Okeke se llev\u00f3 los focos en la pretemporada e inicio de campa\u00f1a, mostrando una versatilidad y un f\u00edsico dif\u00edcilmente igualable en el continente. Fijo para Sergio Scariolo, jugador a tener en pista en los minutos finales, el exterior nacido en Atlanta confirmaba las expectativas de aire fresco.<\/p>\n<p>Pero un esguince de tobillo ha mermado no solo su impacto, sino su lugar en una rotaci\u00f3n blanca que comienza a definirse. Idas y venidas para tratar de alcanzar la regularidad que lo impuls\u00f3 al comienzo de su primer periplo en Europa.<\/p>\n<p>De liderazgo a la sombra<\/p>\n<p>Midiendo en n\u00fameros esta bajada de minutos, Chuma Okeke jugaba una media de 20 minutos por encuentro en los cinco primeros partidos de la Euroliga. Virtus, <a href=\"https:\/\/www.eurohoops.net\/basket\/olympiacos\/?lang=en\" title=\"Olympiacos\" target=\"_blank\" class=\"auto-link\" rel=\"nofollow noopener\">Olympiacos<\/a>, Partizan, Estrella Roja\u2026 Okeke ocupaba las esquinas en los minutos importantes y era el defensor principal sobre manejador, el que ten\u00eda la dif\u00edcil tarea de parar a la estrella rival.<\/p>\n<p>Con un 12\/20 desde el triple en dicho rango y firmando buenas actuaciones en la defensa, el ex de <a href=\"https:\/\/www.eurohoops.net\/basket\/orlando-magic\/?lang=en\" title=\"Orlando Magic\" target=\"_blank\" class=\"auto-link\" rel=\"nofollow noopener\">Orlando Magic<\/a> era un fijo en las rotaciones. 13 d\u00edas despu\u00e9s del partido en Belgrado Estrella Roja, el <a href=\"https:\/\/www.eurohoops.net\/basket\/real-madrid\/?lang=en\" title=\"Real Madrid\" target=\"_blank\" class=\"auto-link\" rel=\"nofollow noopener\">Real Madrid<\/a> comunica que sufre un esguince en el tobillo izquierdo.<\/p>\n<p>El jugador regres\u00f3 a las pistas el 7 de noviembre, en el Cl\u00e1sico en el Palau ante el Bar\u00e7a, tratando de coger ritmo para volver a ese puesto de privilegio. Descartado por motivos de pasaporte y por molestias en algunos choques, el alero formado en la universidad de Auburn (donde sufri\u00f3 una rotura de ligamento cruzado anterior en pleno March Madness antes de presentarse al Draft), no ha encontrado regularidad.<\/p>\n<p>Poco a poco ganando confianza<\/p>\n<p>Volviendo a los datos, en los \u00faltimos 4 partidos disputados en Euroliga desde su lesi\u00f3n, sus minutos se ven reducidos a poco m\u00e1s de 12 de media, con un 2\/6 desde la l\u00ednea de tres. Aunque el caso sea contrario en ACB (jugando 2 de los 3 partidos posibles tras su lesi\u00f3n y promediando 19 minutos en ambos), tendr\u00e1 que seguir trabajando la confianza que le aup\u00f3 a inicio de temporada.<\/p>\n<p>En una pasada semana de cara y cruz, con solo 5 minutos disputados ante <a href=\"https:\/\/www.eurohoops.net\/basket\/zalgiris-kaunas\/?lang=en\" title=\"Zalgiris\" target=\"_blank\" class=\"auto-link\" rel=\"nofollow noopener\">Zalgiris<\/a> en el Movistar Arena (y 0 puntos) y el brillante partido en Granada (14 puntos, 6 rebotes), el impacto de Okeke se mide m\u00e1s por momentos que por regularidad en los \u00faltimos compromisos.<\/p>\n<p>Siendo un talento diferencial en la Euroliga y demostrando de lo que es capaz, Okeke sigue recuper\u00e1ndose poco a poco de esa lesi\u00f3n de tobillo que, aunque ya hace un mes de su inicio, le deja en la parte final de la rotaci\u00f3n. Con jugadores como Alberto Abalde y Gaby Deck teniendo protagonismo, la tarea pendiente de Chuma est\u00e1 en demostrar por qu\u00e9 es indispensable.<\/p>\n<p>Sus capacidades defensivas, ayuda en el rebote (sobre todo ofensivo) y capacidad de abrir la pista invitan a pensar que la situaci\u00f3n volver\u00e1 a su cauce. Aunque pierde brillo, no hay otra figura como Chuma Okeke en el Real Madrid.<\/p>\n","protected":false},"excerpt":{"rendered":"Por Javier Molero\/ jmolero@eurohoops.net Chuma Okeke fue uno de los grandes nombres el pasado verano de un mercado&hellip;\n","protected":false},"author":2,"featured_media":254181,"comment_status":"","ping_status":"","sticky":false,"template":"","format":"standard","meta":{"footnotes":""},"categories":[269],"tags":[299,298,168,25,24,23,167],"class_list":{"0":"post-254180","1":"post","2":"type-post","3":"status-publish","4":"format-standard","5":"has-post-thumbnail","7":"category-baloncesto","8":"tag-baloncesto","9":"tag-basketball","10":"tag-deportes","11":"tag-es","12":"tag-espana","13":"tag-spain","14":"tag-sports"},"share_on_mastodon":{"url":"https:\/\/pubeurope.com\/@es\/115607619849861074","error":""},"_links":{"self":[{"href":"https:\/\/www.europesays.com\/es\/wp-json\/wp\/v2\/posts\/254180","targetHints":{"allow":["GET"]}}],"collection":[{"href":"https:\/\/www.europesays.com\/es\/wp-json\/wp\/v2\/posts"}],"about":[{"href":"https:\/\/www.europesays.com\/es\/wp-json\/wp\/v2\/types\/post"}],"author":[{"embeddable":true,"href":"https:\/\/www.europesays.com\/es\/wp-json\/wp\/v2\/users\/2"}],"replies":[{"embeddable":true,"href":"https:\/\/www.europesays.com\/es\/wp-json\/wp\/v2\/comments?post=254180"}],"version-history":[{"count":0,"href":"https:\/\/www.europesays.com\/es\/wp-json\/wp\/v2\/posts\/254180\/revisions"}],"wp:featuredmedia":[{"embeddable":true,"href":"https:\/\/www.europesays.com\/es\/wp-json\/wp\/v2\/media\/254181"}],"wp:attachment":[{"href":"https:\/\/www.europesays.com\/es\/wp-json\/wp\/v2\/media?parent=254180"}],"wp:term":[{"taxonomy":"category","embeddable":true,"href":"https:\/\/www.europesays.com\/es\/wp-json\/wp\/v2\/categories?post=254180"},{"taxonomy":"post_tag","embeddable":true,"href":"https:\/\/www.europesays.com\/es\/wp-json\/wp\/v2\/tags?post=254180"}],"curies":[{"name":"wp","href":"https:\/\/api.w.org\/{rel}","templated":true}]}}