{"id":254184,"date":"2025-11-25T00:58:11","date_gmt":"2025-11-25T00:58:11","guid":{"rendered":"https:\/\/www.europesays.com\/es\/254184\/"},"modified":"2025-11-25T00:58:11","modified_gmt":"2025-11-25T00:58:11","slug":"el-bonito-gesto-de-kiko-matamoros-para-levantarle-el-animo-a-su-mujer-marta","status":"publish","type":"post","link":"https:\/\/www.europesays.com\/es\/254184\/","title":{"rendered":"El bonito gesto de Kiko Matamoros para levantarle el \u00e1nimo a su mujer Marta"},"content":{"rendered":"<p><a title=\"Marta L\u00f3pez \u00c1lamo convive con las cr\u00edticas desde siempre\" href=\"https:\/\/www.larazon.es\/gente\/famosos\/marta-lopez-alamo-rompe-silencio-contundente-alegato-que-defiende-criticas-delgadez_20251120691f2d0839b3f1652bfb72be.html\" target=\"_blank\" rel=\"nofollow noopener\">Marta L\u00f3pez \u00c1lamo convive con las cr\u00edticas desde siempre<\/a>. Sin embargo, se intensificaron cuando se dio a conocer su relaci\u00f3n con <a title=\"Kiko Matamoros\" href=\"https:\/\/www.larazon.es\/television\/programas\/kiko-matamoros-celebra-condena-que-tendra-que-pagar-mediaset-audiencia-bajar_20251031690503c39d1df17d22e927b0.html\" target=\"_blank\" rel=\"nofollow noopener\">Kiko Matamoros<\/a>, lo que provoc\u00f3 que un p\u00fablico a\u00fan mayor centrase en ella la diana cr\u00edtica. <b>Los comentarios ofensivos no solo se centran en su v\u00ednculo amoroso o por entrar en uno de los clanes televisivos m\u00e1s populares, sino tambi\u00e9n inciden en el f\u00edsico<\/b>. Ah\u00ed donde se busca hacer da\u00f1o y destruir a la persona, minando su autoestima a golpe de efectos virales. Pero ella ya no se viene abajo y hace frente a cada \u2018hater\u2019, como as\u00ed hizo hace solo unos d\u00edas cuando <b>hablaban de su supuesta extrema delgadez. <\/b><\/p>\n<p>Es un tema recurrente entre sus seguidores, especialmente cuando emplean el tono cr\u00edtico o echan mano del insulto. <b>\u201c\u00bfPor qu\u00e9 no lees alg\u00fan libro de autoconocimiento o la poca necesidad de ser tan mezquino y tan atrevido?\u201d, le respond\u00eda la semana pasada<\/b> a un usuario que le recomendaba engordar. Pero, por fortuna, no todo es malo en las redes sociales. Tambi\u00e9n recibe palabras amables y un sinf\u00edn de piropos. Pero ninguno a la altura de lo que le escribe su marido, <b>Kiko Matamoros, cuando se esmera en eso de ser rom\u00e1ntico<\/b>. Un gesto con el que ha querido levantarle el \u00e1nimo a su esposa tras unos d\u00edas dif\u00edciles. <\/p>\n<p>Kiko Matamoros y su alegato de amor hacia Marta<\/p>\n<p>Aunque la modelo convive con los comentarios cr\u00edticos y cierto nivel de insulto en su vida virtual, no quiere decir que se insensibilice al dolor. Eso bien lo sabr\u00e1 su marido, con el que se desahoga sobre lo que siente cuando un tsunami de odio se le echa encima. Pero tambi\u00e9n tiene momentos en los que <b>recuerda la fortaleza que tiene, la lucha que ha librado en su recorrido y lo orgullosa que debe estar de haberse convertido en la mujer que hoy es.<\/b> Algo sobre lo que ella ha reflexionado ahora en su perfil de Instagram, detallando c\u00f3mo <b>\u201chace mucho tiempo empec\u00e9 a perdonarme\u201d.<\/b><\/p>\n<p><img decoding=\"async\" loading=\"lazy\" src=\"https:\/\/www.europesays.com\/es\/wp-content\/uploads\/2025\/11\/kiko-matamoros-marta-lopez-alamo-dia-boda_123.jpg\" alt=\"Kiko Matamoros y Marta L\u00f3pez \u00c1lamo en el d\u00eda de su boda\" width=\"1678\" height=\"1920\"\/><b>Kiko Matamoros y Marta L\u00f3pez \u00c1lamo en el d\u00eda de su boda<\/b>Gtres<\/p>\n<p>Pero no siempre es f\u00e1cil, pues los comentarios ajenos le hacen verse muchas veces con los ojos incorrectos y no tratarse como se merece. A no hablarse bien. \u201cVolv\u00ed a corregirme, a dudar, a encogerme, a pensar lo que los dem\u00e1s quer\u00edan que pensara\u201d, reflexiona la influencer sobre c\u00f3mo esto le llev\u00f3 en su d\u00eda al precipicio, del que ya sali\u00f3, pero que a veces merodea cuando el mundo se le viene encima. <b>\u201cEstoy encontrando algo nuevo. Una certeza suave pero firme, una seguridad que no grita, que no pisa, que simplemente existe\u201d<\/b>. Ahora sabe lo que quiere en su vida y <b>esa clave se la ofrece su marido: \u201cAmor en mi vida, almas que abrazan, espacios que cuidan, l\u00edmites que sostienen\u00bb. <\/b><\/p>\n<p>Al leer esta reflexi\u00f3n de Marta L\u00f3pez, el colaborador no ha querido dejar pasar la oportunidad de dedicarle unas palabras de aliento y orgullo a su esposa. Un comentario aplaudido en el que Kiko Matamoros saca su vena m\u00e1s rom\u00e1ntica: <b>\u201cLa vida es un camino de superaci\u00f3n. La fuerza interior, la seguridad en uno mismo y el desprecio a los ataques de la gente inferior son armas decisivas en la victoria\u201d<\/b>, le aconsejaba en un primer punto. Despu\u00e9s, le demuestra que no todos piensan igual y que si para alguno no es v\u00e1lida, para \u00e9l no hay nadie mejor, nadie a su altura: <b>\u201cEres una mujer incre\u00edble: inteligente, guap\u00edsima, tenaz y muy sensible. Eres la luz de mi vida y mi prioridad. Te amo\u201d<\/b>, destaca con ternura. Ella le ha respondido con un sincero: \u201cTe quiero mucho. Gracias\u201d. <\/p>\n","protected":false},"excerpt":{"rendered":"Marta L\u00f3pez \u00c1lamo convive con las cr\u00edticas desde siempre. Sin embargo, se intensificaron cuando se dio a conocer&hellip;\n","protected":false},"author":2,"featured_media":254185,"comment_status":"","ping_status":"","sticky":false,"template":"","format":"standard","meta":{"footnotes":""},"categories":[174],"tags":[255,146,147,25,24,256,23],"class_list":{"0":"post-254184","1":"post","2":"type-post","3":"status-publish","4":"format-standard","5":"has-post-thumbnail","7":"category-famosos","8":"tag-celebrities","9":"tag-entertainment","10":"tag-entretenimiento","11":"tag-es","12":"tag-espana","13":"tag-famosos","14":"tag-spain"},"share_on_mastodon":{"url":"https:\/\/pubeurope.com\/@es\/115607628166559905","error":""},"_links":{"self":[{"href":"https:\/\/www.europesays.com\/es\/wp-json\/wp\/v2\/posts\/254184","targetHints":{"allow":["GET"]}}],"collection":[{"href":"https:\/\/www.europesays.com\/es\/wp-json\/wp\/v2\/posts"}],"about":[{"href":"https:\/\/www.europesays.com\/es\/wp-json\/wp\/v2\/types\/post"}],"author":[{"embeddable":true,"href":"https:\/\/www.europesays.com\/es\/wp-json\/wp\/v2\/users\/2"}],"replies":[{"embeddable":true,"href":"https:\/\/www.europesays.com\/es\/wp-json\/wp\/v2\/comments?post=254184"}],"version-history":[{"count":0,"href":"https:\/\/www.europesays.com\/es\/wp-json\/wp\/v2\/posts\/254184\/revisions"}],"wp:featuredmedia":[{"embeddable":true,"href":"https:\/\/www.europesays.com\/es\/wp-json\/wp\/v2\/media\/254185"}],"wp:attachment":[{"href":"https:\/\/www.europesays.com\/es\/wp-json\/wp\/v2\/media?parent=254184"}],"wp:term":[{"taxonomy":"category","embeddable":true,"href":"https:\/\/www.europesays.com\/es\/wp-json\/wp\/v2\/categories?post=254184"},{"taxonomy":"post_tag","embeddable":true,"href":"https:\/\/www.europesays.com\/es\/wp-json\/wp\/v2\/tags?post=254184"}],"curies":[{"name":"wp","href":"https:\/\/api.w.org\/{rel}","templated":true}]}}