{"id":254186,"date":"2025-11-25T00:59:24","date_gmt":"2025-11-25T00:59:24","guid":{"rendered":"https:\/\/www.europesays.com\/es\/254186\/"},"modified":"2025-11-25T00:59:24","modified_gmt":"2025-11-25T00:59:24","slug":"hoy-se-busca-precisamente-esa-sensacion-de-calma-y-profundidad-que-aporta-la-madera-oscura","status":"publish","type":"post","link":"https:\/\/www.europesays.com\/es\/254186\/","title":{"rendered":"Hoy se busca precisamente esa sensaci\u00f3n de calma y profundidad que aporta la madera oscura"},"content":{"rendered":"<p>En el \u00faltimo tiempo, mucho se ha hablado de <a href=\"https:\/\/www.arquitecturaydiseno.es\/decoracion\/cuando-madera-oscura-se-convierte-tendencia-incluso-sitios-mas-insospechados-casa_11055\" rel=\"nofollow noopener\" target=\"_blank\">las nuevas tendencias en madera<\/a>: las tonalidades oscuras regresan pisando fuerte y abandonan el prejuicio de anticuadas o l\u00fagubres. Especies como nogal, teca o palisandro traen <strong>elegancia, profundidad y encanto<\/strong> a los interiores del hogar. No obstante, como siempre, debemos tener cuidado y evitar sobrecargar visualmente los espacios. Especialmente si hablamos de salones peque\u00f1os o con poca luz natural.<\/p>\n<p>\u00bfC\u00f3mo llevar la magia de la madera oscura a viviendas de espacio reducido? Conversamos con el estudio <a href=\"https:\/\/www.adelacabre.com\/\" rel=\"nofollow noopener\" target=\"_blank\">Adela Cabr\u00e9 &amp; Son<\/a> (@<a href=\"https:\/\/www.instagram.com\/adelacabre\/\" rel=\"nofollow noopener\" target=\"_blank\">adelacabre<\/a>), expertos en crear atm\u00f3sferas elegantes y modernas. Desde el punto de vista de los profesionales, \u00ab<strong>el secreto est\u00e1 en equilibrar proporciones y superficies<\/strong>\u00ab. En esta ocasi\u00f3n, aprendemos a integrar la madera oscura en el dise\u00f1o de interiores, con especial \u00e9nfasis en los <a href=\"https:\/\/www.arquitecturaydiseno.es\/decoracion\/ideas-salones-pequenos-vistos-arquitectura-y-diseno_11640\" rel=\"nofollow noopener\" target=\"_blank\">salones peque\u00f1os<\/a>.\u00a0<\/p>\n<p>&#13;<img loading=\"lazy\" decoding=\"async\"   src=\"https:\/\/www.europesays.com\/es\/wp-content\/uploads\/2025\/11\/proyecto-tiana-mireia-rodriguez-foto-4_6f7ee55f_251118100422_1280x853.webp.webp\" alt=\"proyecto tiana mireia rodriguez foto (4)\" class=\"lazyload\" width=\"1280\" height=\"853\" data-aspectratio=\"1280\/853\"\/><\/p>\n<p>La combinaci\u00f3n con piezas claras es clave para un dise\u00f1o equilibrado.<\/p>\n<p>&#13;Mireia Rodr\u00edguez | Proyecto de Adela Cabr\u00e9 &amp; Son<br \/>\n La estrategia de los expertos\u00a0<\/p>\n<p>Para aprovechar la elegancia y la profundidad de la madera oscura, los expertos recomiendan \u00ab<strong>usarla en piezas concretas, como un mueble bajo, un panel o una pared de acento<\/strong>\u00ab. Saber combinarla tambi\u00e9n es fundamental, y para ello aconsejan acompa\u00f1arla de \u00ab<strong>materiales claros o reflectantes, como tejidos naturales, lacas suaves o m\u00e1rmoles claros<\/strong>\u00ab. De esta forma, \u00abla madera aporta calidez, pero sin dominar el espacio\u00bb, se\u00f1alan.\u00a0<\/p>\n<p>Igualmente, siempre \u00abdepende del efecto que se busque\u00bb, explican. \u00ab<strong>En espacios peque\u00f1os preferimos paredes claras \u2014blancos rotos o tonos c\u00e1lidos muy suaves\u2014 para mantener la luz<\/strong>\u00ab, reflexionan. As\u00ed, podremos dejar que la elegancia e intensidad de la madera luzca con todo su esplendor.<\/p>\n<p>Ahora bien, en proyectos m\u00e1s atrevidos, contamos con m\u00e1s campo de juego. \u00ab<strong>Un\u00a0contraste con paredes verde gris\u00e1ceo o topo crea una atm\u00f3sfera sofisticada y envolvente sin perder frescura<\/strong>\u00ab, subrayan los expertos.<\/p>\n<p>&#13;<img loading=\"lazy\" decoding=\"async\"   src=\"https:\/\/www.europesays.com\/es\/wp-content\/uploads\/2025\/11\/proyecto-terrassa-adela-cabre-y-son-2_1ddf3160_251118100530_1280x1920.webp.webp\" alt=\"proyecto terrassa adela cabre &amp; son (2)\" class=\"lazyload\" width=\"1280\" height=\"1920\" data-aspectratio=\"1280\/1920\"\/><\/p>\n<p>Sal\u00f3n abierto al recibidor con puertas de madera oscura.<\/p>\n<p>&#13;Mireia Rodr\u00edguez | Proyecto de Adela Cabr\u00e9 &amp; Son<\/p>\n<p>Dicho esto, en cuanto a acabados, \u00ab<strong>el nogal natural satinado es uno de los m\u00e1s agradecidos: profundo pero con veta visible, transmite elegancia y no se ve pesado<\/strong>\u00ab, explican desde Adela Cabr\u00e9 &amp; Son. Pero aunque es el m\u00e1s conocido, el nogal no es el \u00fanico tono que se impone en esta temporada: \u00abTambi\u00e9n funcionan bien los<strong> robles ahumados o te\u00f1idos<\/strong>, que tienen un matiz m\u00e1s contempor\u00e1neo y combinan f\u00e1cilmente con tonos arena, lino o piedra\u00bb, a\u00f1aden.<\/p>\n<p>&#13;<img loading=\"lazy\" decoding=\"async\"   src=\"https:\/\/www.europesays.com\/es\/wp-content\/uploads\/2025\/11\/proyecto-terrassa-adela-cabre-y-son-17_8797dc55_251118100558_1280x1920.webp.webp\" alt=\"proyecto terrassa adela cabre &amp; son (17)\" class=\"lazyload\" width=\"1280\" height=\"1920\" data-aspectratio=\"1280\/1920\"\/><\/p>\n<p>Las luces perimetrales destacan la calidez de la madera oscura.<\/p>\n<p>&#13;Mireia Rodr\u00edguez | Proyecto de Adela Cabr\u00e9 &amp; Son<br \/>\n La iluminaci\u00f3n: un factor clave<\/p>\n<p>Una de las formas m\u00e1s efectivas para<a href=\"https:\/\/www.arquitecturaydiseno.es\/decoracion\/trucos-interiorista-para-decorar-salon-estrecho_7787\" rel=\"nofollow noopener\" target=\"_blank\"> evitar la oscuridad en un sal\u00f3n peque\u00f1o<\/a>\u00a0es a trav\u00e9s de la iluminaci\u00f3n natural y artificial. Dise\u00f1ar una estrategia lum\u00ednica adecuada es clave para dejar que las vetas naturales de la madera destaquen y para ampliar visualmente el espacio que rodea al material.<\/p>\n<p>Para los expertos de Adela Cabr\u00e9 &amp; Son, es ideal mantener una <strong>\u00abiluminaci\u00f3n c\u00e1lida y direccional<\/strong>\u00ab. Desde su vereda como interioristas, afirman que les gusta \u00abtrabajar con puntos de luz integrados, apliques o tiras LED empotradas que realzan la textura de la madera\u00bb. Igualmente, nos animan a aprovechar los rayos solares, sobre todo si gozamos de ventanales o entradas de luz natural: \u00abTambi\u00e9n es clave el reflejo: espejos estrat\u00e9gicos y cortinas ligeras ayudan a multiplicar la luz natural\u00bb, concluyen.\u00a0<\/p>\n<p><a href=\"https:\/\/www.arquitecturaydiseno.es\/arquitectura\/esta-biblioteca-reformada-por-kengo-kuma-cuenta-tunel-interior-inspirado-literatura-haruki-murakami_12724\" data-ga4_event=\"custom_event\" data-ga4_event_name=\"click_intext\" data-ga4_link_url=\"https:\/\/www.arquitecturaydiseno.es\/arquitectura\/esta-biblioteca-reformada-por-kengo-kuma-cuenta-tunel-interior-inspirado-literatura-haruki-murakami_12724\" data-ga4_link_text=\"esta_biblioteca_de_kengo_kuma_cuenta_con_un_tunel_interior_inspirado_en_murakami\" data-ga4_content_type=\"photo\" data-ga4_element=\"related\" rel=\"nofollow noopener\" target=\"_blank\">&#13;&#13;<img loading=\"lazy\" decoding=\"async\" src=\"https:\/\/www.europesays.com\/es\/wp-content\/uploads\/2025\/11\/interior-biblioteca-haruki-murakami_600ac133_251124155024_600x600.webp.webp\" alt=\"Interior biblioteca Haruki Murakami\" class=\"lazyload\" width=\"600\" height=\"600\" data-aspectratio=\"600\/600\"\/>&#13;&#13;<\/p>\n<p class=\"epigraph\">&#13;Noticia relacionada<\/p>\n<p class=\"title\">Esta biblioteca de Kengo Kuma cuenta con un t\u00fanel interior inspirado en Murakami<\/p>\n<p><\/a>&#13;<img loading=\"lazy\" decoding=\"async\"   src=\"https:\/\/www.europesays.com\/es\/wp-content\/uploads\/2025\/11\/piso-familiar-barcelona-adela-cabre-01_512bacba_251118100630_1600x1067.webp.webp\" alt=\"Piso familiar Barcelona Adela Cabre 01\" class=\"lazyload\" width=\"1600\" height=\"1067\" data-aspectratio=\"1600\/1067\"\/><\/p>\n<p>En el equilibrio est\u00e1 el secreto.<\/p>\n<p>&#13;Mireia Rodriguez | Proyecto de Adela Cabr\u00e9 &amp; Son<br \/>\n \u00bfLa madera oscura es anticuada? Desmontamos el mito<\/p>\n<p>A pesar de su antigua fama, <strong>las maderas oscuras han demostrado ser un material esencial en <a href=\"https:\/\/www.arquitecturaydiseno.es\/estilo-de-vida\/que-quiere-decir-que-interior-sea-contemporaneo_6456\" rel=\"nofollow noopener\" target=\"_blank\">el interiorismo contempor\u00e1neo<\/a><\/strong>. \u00abLa clave est\u00e1 en la mezcla de materiales y l\u00edneas limpias\u00bb, indican los interioristas. \u00ab<strong>Si se combina con mobiliario de dise\u00f1o sencillo, iluminaci\u00f3n moderna y tejidos naturales, la madera oscura se vuelve atemporal<\/strong>\u00ab, agregan.\u00a0<\/p>\n<p><a href=\"https:\/\/www.arquitecturaydiseno.es\/decoracion\/noe-prades-en-salones-pequenos-el-vacio-tambien-forma-parte-de-la-atmosfera_12335\" data-ga4_event=\"custom_event\" data-ga4_event_name=\"click_intext\" data-ga4_link_url=\"https:\/\/www.arquitecturaydiseno.es\/decoracion\/noe-prades-en-salones-pequenos-el-vacio-tambien-forma-parte-de-la-atmosfera_12335\" data-ga4_link_text=\"noe_prades_en_salones_pequenos_el_vacio_tambien_forma_parte_de_la_atmosfera\" data-ga4_content_type=\"photo\" data-ga4_element=\"related\" rel=\"nofollow noopener\" target=\"_blank\">&#13;&#13;<img loading=\"lazy\" decoding=\"async\" src=\"https:\/\/www.europesays.com\/es\/wp-content\/uploads\/2025\/11\/noe-prades_677501d7_250908084646_600x600.webp.webp\" alt=\"Noe\u0301 Prades\" class=\"lazyload\" width=\"600\" height=\"600\" data-aspectratio=\"600\/600\"\/>&#13;&#13;<\/p>\n<p class=\"epigraph\">&#13;Noticia relacionada<\/p>\n<p class=\"title\">No\u00e9 Prades: \u00abEn salones peque\u00f1os, el vac\u00edo tambi\u00e9n forma parte de la atm\u00f3sfera\u00bb<\/p>\n<p><\/a><\/p>\n<p>Estancias tan concurridas como el sal\u00f3n merecen un cuidado especial y un toque moderno que no caiga en la frialdad ni en el minimalismo excesivo. \u00abHoy se busca precisamente esa sensaci\u00f3n de <strong>calma y profundidad<\/strong> que aporta la madera oscura, pero con una est\u00e9tica depurada y muy contempor\u00e1nea\u00bb, reconocen los expertos de Adela Cabr\u00e9 &amp; Son.<\/p>\n<p><script async src=\"\/\/www.instagram.com\/embed.js\"><\/script><\/p>\n","protected":false},"excerpt":{"rendered":"En el \u00faltimo tiempo, mucho se ha hablado de las nuevas tendencias en madera: las tonalidades oscuras regresan&hellip;\n","protected":false},"author":2,"featured_media":254187,"comment_status":"","ping_status":"","sticky":false,"template":"","format":"standard","meta":{"footnotes":""},"categories":[173],"tags":[229,233,231,230,232,234,146,147,25,24,23],"class_list":{"0":"post-254186","1":"post","2":"type-post","3":"status-publish","4":"format-standard","5":"has-post-thumbnail","7":"category-arte-y-diseno","8":"tag-arte","9":"tag-arte-y-diseno","10":"tag-arts","11":"tag-arts-and-design","12":"tag-design","13":"tag-diseno","14":"tag-entertainment","15":"tag-entretenimiento","16":"tag-es","17":"tag-espana","18":"tag-spain"},"share_on_mastodon":{"url":"https:\/\/pubeurope.com\/@es\/115607632262798848","error":""},"_links":{"self":[{"href":"https:\/\/www.europesays.com\/es\/wp-json\/wp\/v2\/posts\/254186","targetHints":{"allow":["GET"]}}],"collection":[{"href":"https:\/\/www.europesays.com\/es\/wp-json\/wp\/v2\/posts"}],"about":[{"href":"https:\/\/www.europesays.com\/es\/wp-json\/wp\/v2\/types\/post"}],"author":[{"embeddable":true,"href":"https:\/\/www.europesays.com\/es\/wp-json\/wp\/v2\/users\/2"}],"replies":[{"embeddable":true,"href":"https:\/\/www.europesays.com\/es\/wp-json\/wp\/v2\/comments?post=254186"}],"version-history":[{"count":0,"href":"https:\/\/www.europesays.com\/es\/wp-json\/wp\/v2\/posts\/254186\/revisions"}],"wp:featuredmedia":[{"embeddable":true,"href":"https:\/\/www.europesays.com\/es\/wp-json\/wp\/v2\/media\/254187"}],"wp:attachment":[{"href":"https:\/\/www.europesays.com\/es\/wp-json\/wp\/v2\/media?parent=254186"}],"wp:term":[{"taxonomy":"category","embeddable":true,"href":"https:\/\/www.europesays.com\/es\/wp-json\/wp\/v2\/categories?post=254186"},{"taxonomy":"post_tag","embeddable":true,"href":"https:\/\/www.europesays.com\/es\/wp-json\/wp\/v2\/tags?post=254186"}],"curies":[{"name":"wp","href":"https:\/\/api.w.org\/{rel}","templated":true}]}}