{"id":254188,"date":"2025-11-25T01:01:18","date_gmt":"2025-11-25T01:01:18","guid":{"rendered":"https:\/\/www.europesays.com\/es\/254188\/"},"modified":"2025-11-25T01:01:18","modified_gmt":"2025-11-25T01:01:18","slug":"disfruta-de-la-entrevista-completa-a-alex-marquez-en-el-hormiguero","status":"publish","type":"post","link":"https:\/\/www.europesays.com\/es\/254188\/","title":{"rendered":"Disfruta de la entrevista completa a \u00c1lex M\u00e1rquez en El Hormiguero"},"content":{"rendered":"<p>La energ\u00eda y la frescura de <b>\u00c1lex M\u00e1rquez <\/b>han brillado en El Hormiguero. Su visita ha estado llena de an\u00e9cdotas, risas y esa visi\u00f3n aut\u00e9ntica del motociclismo que solo alguien de su experiencia puede transmitir.<\/p>\n<p>Lo primero de lo que han hablado ha sido sobre la pasada temporada en MotoGP donde el invitado fue subcampe\u00f3n por detr\u00e1s de Marc. \u00c1lex ha desvelado que si hubiese podido ganarle lo habr\u00eda hecho ya que hicieron un \u00abpacto\u00bb de hermanos a principio de a\u00f1o.<\/p>\n<p>Tras esto, Pablo Motos le ha preguntado por <b><a title=\"su rutina antes de pilotar\" href=\"https:\/\/www.antena3.com\/programas\/el-hormiguero\/entrevista\/supersticiones-alex-marquez-hay-que-quitando-alguna_202511246924ccf7df41134465e7e13e.html\" target=\"_blank\" rel=\"nofollow noopener\">su rutina antes de pilotar<\/a><\/b>. El invitado ha asegurado que es muy supersticioso y ha afirmado que quiere quitarse alguna de ellas porque ya son demasiados rituales.<\/p>\n<p>Adem\u00e1s, tambi\u00e9n ha habido tiempo de conocer cu\u00e1l es s<b><a title=\"u mayor hobby oculto\" href=\"https:\/\/www.antena3.com\/programas\/el-hormiguero\/entrevista\/curiosa-aficion-que-desestresa-alex-marquez-fuera-pista-relaja_202511246924ce22df41134465e7e292.html\" target=\"_blank\" rel=\"nofollow noopener\">u mayor hobby oculto<\/a><\/b>. El catal\u00e1n ha contado que le gusta mucho construir figuras y las colecciona en su casa.<\/p>\n<p>Tambi\u00e9n ha desvelado <b><a title=\"c\u00f3mo conviven sus padres con un campe\u00f3n y un subcampe\u00f3n de MotoGP\" href=\"https:\/\/www.antena3.com\/programas\/el-hormiguero\/entrevista\/madre-dice-marc-que-esta-bien-alex-marquez-desvela-deseos-familia_202511246924d0488080bd5ad6230c69.html\" target=\"_blank\" rel=\"nofollow noopener\">c\u00f3mo conviven sus padres con un campe\u00f3n y un subcampe\u00f3n de MotoGP<\/a><\/b>. Tal y como ha dicho, su madre le dice a su hermano Marc que deje de ganar porque ya tiene suficientes t\u00edtulos.<\/p>\n","protected":false},"excerpt":{"rendered":"La energ\u00eda y la frescura de \u00c1lex M\u00e1rquez han brillado en El Hormiguero. Su visita ha estado llena&hellip;\n","protected":false},"author":2,"featured_media":254189,"comment_status":"","ping_status":"","sticky":false,"template":"","format":"standard","meta":{"footnotes":""},"categories":[171],"tags":[146,147,25,24,23,214],"class_list":{"0":"post-254188","1":"post","2":"type-post","3":"status-publish","4":"format-standard","5":"has-post-thumbnail","7":"category-tv","8":"tag-entertainment","9":"tag-entretenimiento","10":"tag-es","11":"tag-espana","12":"tag-spain","13":"tag-tv"},"share_on_mastodon":{"url":"https:\/\/pubeurope.com\/@es\/115607639535087257","error":""},"_links":{"self":[{"href":"https:\/\/www.europesays.com\/es\/wp-json\/wp\/v2\/posts\/254188","targetHints":{"allow":["GET"]}}],"collection":[{"href":"https:\/\/www.europesays.com\/es\/wp-json\/wp\/v2\/posts"}],"about":[{"href":"https:\/\/www.europesays.com\/es\/wp-json\/wp\/v2\/types\/post"}],"author":[{"embeddable":true,"href":"https:\/\/www.europesays.com\/es\/wp-json\/wp\/v2\/users\/2"}],"replies":[{"embeddable":true,"href":"https:\/\/www.europesays.com\/es\/wp-json\/wp\/v2\/comments?post=254188"}],"version-history":[{"count":0,"href":"https:\/\/www.europesays.com\/es\/wp-json\/wp\/v2\/posts\/254188\/revisions"}],"wp:featuredmedia":[{"embeddable":true,"href":"https:\/\/www.europesays.com\/es\/wp-json\/wp\/v2\/media\/254189"}],"wp:attachment":[{"href":"https:\/\/www.europesays.com\/es\/wp-json\/wp\/v2\/media?parent=254188"}],"wp:term":[{"taxonomy":"category","embeddable":true,"href":"https:\/\/www.europesays.com\/es\/wp-json\/wp\/v2\/categories?post=254188"},{"taxonomy":"post_tag","embeddable":true,"href":"https:\/\/www.europesays.com\/es\/wp-json\/wp\/v2\/tags?post=254188"}],"curies":[{"name":"wp","href":"https:\/\/api.w.org\/{rel}","templated":true}]}}