{"id":254194,"date":"2025-11-25T01:05:13","date_gmt":"2025-11-25T01:05:13","guid":{"rendered":"https:\/\/www.europesays.com\/es\/254194\/"},"modified":"2025-11-25T01:05:13","modified_gmt":"2025-11-25T01:05:13","slug":"madrid-refuerza-la-proteccion-frente-a-la-tosferina-con-la-compra-de-130-000-dosis","status":"publish","type":"post","link":"https:\/\/www.europesays.com\/es\/254194\/","title":{"rendered":"Madrid refuerza la protecci\u00f3n frente a la tosferina con la compra de 130.000 dosis"},"content":{"rendered":"<p>            <a href=\"https:\/\/gacetamedica.com\/wp-content\/uploads\/2025\/11\/839862909-scaled.jpg\" data-caption=\"\" rel=\"nofollow noopener\" target=\"_blank\"><img loading=\"lazy\" decoding=\"async\" width=\"696\" height=\"464\" class=\"entry-thumb td-modal-image\" src=\"https:\/\/www.europesays.com\/es\/wp-content\/uploads\/2025\/11\/839862909-696x464.jpg\"   alt=\"\" title=\"\"\/><\/a><\/p>\n<p>La Comunidad de Madrid va a destinar m\u00e1s de<strong> 2 millones de euros<\/strong> a la compra, para 2026, de vacunas frente a difteria, t\u00e9tanos y tosferina, incluidas en el calendario de inmunizaci\u00f3n para todas las edades.<\/p>\n<p>El Consejo de Gobierno ha autorizado, en su reuni\u00f3n de esta semana, la adquisici\u00f3n de 130.000 dosis dentro del Acuerdo Marco estatal al que est\u00e1 adherida la Administraci\u00f3n regional. La medida permitir\u00e1<strong> reforzar especialmente la protecci\u00f3n frente a esta enfermedad en adolescentes<\/strong>, franja en la que en a\u00f1os anteriores se detect\u00f3 un incremento de casos.<\/p>\n<p>Esta situaci\u00f3n llev\u00f3 a la Direcci\u00f3n General de Salud P\u00fablica a modificar en 2024 las pautas de vacunaci\u00f3n, sustituyendo la dosis que preven\u00eda solo el t\u00e9tanos y la difteria por otra que incorpora tambi\u00e9n la inmunizaci\u00f3n frente a la tosferina. Adem\u00e1s de aumentar la defensa de este grupo de poblaci\u00f3n, la nueva pauta ayuda a <strong>reducir su gravedad en caso de contagio y disminuye el riesgo de brotes <\/strong>en centros educativos.<\/p>\n<p>Este servicio de la sanidad p\u00fablica madrile\u00f1a<strong> tambi\u00e9n se prestar\u00e1 a las embarazadas<\/strong> y a otros ciudadanos con determinados factores de riesgo. La Comunidad de Madrid recuerda que la vacunaci\u00f3n es la herramienta m\u00e1s eficaz para controlar e incluso eliminar la transmisi\u00f3n de diversas patolog\u00edas, y resulta esencial para colectivos con condiciones de salud espec\u00edficas.<\/p>\n<p>El calendario regional de inmunizaci\u00f3n a lo largo de toda la vida incluye protecci\u00f3n frente a <strong>18 enfermedades inmunoprevenibles<\/strong>, desde el periodo prenatal hasta m\u00e1s all\u00e1 de los 60 a\u00f1os.<\/p>\n<p><strong>Tambi\u00e9n te puede interesar\u2026<\/strong><\/p>\n","protected":false},"excerpt":{"rendered":"La Comunidad de Madrid va a destinar m\u00e1s de 2 millones de euros a la compra, para 2026,&hellip;\n","protected":false},"author":2,"featured_media":254195,"comment_status":"","ping_status":"","sticky":false,"template":"","format":"standard","meta":{"footnotes":""},"categories":[92],"tags":[25,24,165,166,23],"class_list":{"0":"post-254194","1":"post","2":"type-post","3":"status-publish","4":"format-standard","5":"has-post-thumbnail","7":"category-salud","8":"tag-es","9":"tag-espana","10":"tag-health","11":"tag-salud","12":"tag-spain"},"share_on_mastodon":{"url":"https:\/\/pubeurope.com\/@es\/115607655521758043","error":""},"_links":{"self":[{"href":"https:\/\/www.europesays.com\/es\/wp-json\/wp\/v2\/posts\/254194","targetHints":{"allow":["GET"]}}],"collection":[{"href":"https:\/\/www.europesays.com\/es\/wp-json\/wp\/v2\/posts"}],"about":[{"href":"https:\/\/www.europesays.com\/es\/wp-json\/wp\/v2\/types\/post"}],"author":[{"embeddable":true,"href":"https:\/\/www.europesays.com\/es\/wp-json\/wp\/v2\/users\/2"}],"replies":[{"embeddable":true,"href":"https:\/\/www.europesays.com\/es\/wp-json\/wp\/v2\/comments?post=254194"}],"version-history":[{"count":0,"href":"https:\/\/www.europesays.com\/es\/wp-json\/wp\/v2\/posts\/254194\/revisions"}],"wp:featuredmedia":[{"embeddable":true,"href":"https:\/\/www.europesays.com\/es\/wp-json\/wp\/v2\/media\/254195"}],"wp:attachment":[{"href":"https:\/\/www.europesays.com\/es\/wp-json\/wp\/v2\/media?parent=254194"}],"wp:term":[{"taxonomy":"category","embeddable":true,"href":"https:\/\/www.europesays.com\/es\/wp-json\/wp\/v2\/categories?post=254194"},{"taxonomy":"post_tag","embeddable":true,"href":"https:\/\/www.europesays.com\/es\/wp-json\/wp\/v2\/tags?post=254194"}],"curies":[{"name":"wp","href":"https:\/\/api.w.org\/{rel}","templated":true}]}}