{"id":254198,"date":"2025-11-25T01:07:23","date_gmt":"2025-11-25T01:07:23","guid":{"rendered":"https:\/\/www.europesays.com\/es\/254198\/"},"modified":"2025-11-25T01:07:23","modified_gmt":"2025-11-25T01:07:23","slug":"tripulantes-de-artemis-ii-seran-a-la-vez-sujetos-de-estudio-y-cientificos-en-investigaciones-de-la-nasa-sobre-el-espacio-profundo-nasa-ciencia-gov","status":"publish","type":"post","link":"https:\/\/www.europesays.com\/es\/254198\/","title":{"rendered":"Tripulantes de Artemis II ser\u00e1n a la vez sujetos de estudio y cient\u00edficos en investigaciones de la NASA sobre el espacio profundo &#8211; NASA Ciencia (.gov)"},"content":{"rendered":"<ol>\n<li><a href=\"https:\/\/news.google.com\/rss\/articles\/CBMi_gFBVV95cUxNUjFJbUkxcGRnQW15eF9neW54Nm9TQzIteGEtN1dZTlpUZFZBOUQwM0RNeFYtaS02bXM4UDlfdEstaFY4T3JQaFlWZHYyM1JfbXZFb2dpUnN3WTBQRU9nTjFFMTdCZWZJUTF1Z0xRSy1wUno2cTdEejV6WTBWQ21GU3g4eE04VExuclNKTUFBTFhaOFdBcVBLankwUkFzaU03cHJhQ1VBcnM0V3lJSHNaQ3o0TTgwekhKNm13cEdaNWFiOEliNXhTaHNvNWxIRXN5NFJQUVBQdGo1RUFwRFpXci0wc3ZfMzdhME85cWJIcVVQSzU5T29aWE5QTm0yQQ?oc=5\" target=\"_blank\" rel=\"nofollow noopener\">Tripulantes de Artemis II ser\u00e1n a la vez sujetos de estudio y cient\u00edficos en investigaciones de la NASA sobre el espacio profundo<\/a>&nbsp;&nbsp;NASA Ciencia (.gov)<\/li>\n<li><a href=\"https:\/\/news.google.com\/rss\/articles\/CBMi9gFBVV95cUxOZWxGVjRoalNuUTh5c25UNlhVN3JJX2RwQjQxYWIwc05kUE94UkhOOXVCWFMxeXBDcVhZVVpjeFVQMHZmZHVfV0lpTFlDbFAweTBUaHpNNDljMGpZZThXa2FUbmRsWllNSDlFeHdJYmtodUtzMXVYdmJHc3BaUmE4ejdnRzFUZ0NFTVhTZENzeXBUSWdGN01FWTFFTVpJSHUxLUJldkRxZUlmNmo4ZHVxZGFMcWx5TFJLZ29mUGt1bWk4c0hBYzRvZmU3QWN2WTBBTkZ2cUR6dzdja1VSVTBLQXlucWtjZ1cyd1UzcnZxVllHT1VIaVE?oc=5\" target=\"_blank\" rel=\"nofollow noopener\">El entrenamiento de 18 meses de los astronautas de Artemis II para ir a la Luna<\/a>&nbsp;&nbsp;National Geographic Espa\u00f1a<\/li>\n<li><a href=\"https:\/\/news.google.com\/rss\/articles\/CBMid0FVX3lxTFBFeXh4emNZSFVKc1ZIa2JjbnNlMlFjTmFrLXJCUW42bGR2RXF0c05aNFA0YUxyTWNCRGFpaV84X0lPZC02NjlzbjhkT2N5TWVPUWNLbERjN2xWUTRkSDdoUzR4c0VwS21VLXltTFI3d3NibEwzMURB?oc=5\" target=\"_blank\" rel=\"nofollow noopener\">Presencia el lanzamiento de Artemis II<\/a>&nbsp;&nbsp;NASA (.gov)<\/li>\n<li><a href=\"https:\/\/news.google.com\/rss\/articles\/CBMiwAFBVV95cUxQajg2dDZMdUgtVmVWeEdYOEVHa19uZHp1WGdQRmNYQUIybWlrTWRUUElLTE9hSXNwZ3R6bVhnTTVseXVIWmxoN2dHNUk5Zmd3NGRqMHpjVUFRS2NLdzI3bjhjb3BmUHNVWlk0R2IzWWREMm1mZFNqM19lTGFLX2ttcEpsaHNETjJMN25pNWF0alNBSEtzUE5TVmlOWXRCUldreXJvU0lrajJ3U080X084UG53djNKbTc2NHJQMDItTGfSAcABQVVfeXFMUEwwR3BPZDBYM0ZUYXFTRWxCX2ppN3B5NGtMVy1oVV8wckpKZFV0MFFJVHNaX1NjQVBySDBCbmM4NnFBNU8wNF9ib2VsWnZYS3NocFlQc2FndUNIV1g2WkQ2WTRUN003SWpYc2o2R1d5d243Um5uX1ZsSU9FREZmdVNzUlpPWGg0Q0xCU2pLT0lFUVBPdHNPbzJSWlliVUFNZWcxVDVvMHZjWXVXVnVTUUJKX21mWkxtZkVlUkFWVUVK?oc=5\" target=\"_blank\" rel=\"nofollow noopener\">La cuenta atr\u00e1s ya ha empezado: as\u00ed ser\u00e1 el viaje que nos llevar\u00e1 de nuevo a la luna en 2026<\/a>&nbsp;&nbsp;El Peri\u00f3dico<\/li>\n<li><a href=\"https:\/\/news.google.com\/rss\/articles\/CBMi9gFBVV95cUxOTGFrSHFyakRtV2IyVzVsNGthSFMzV013MlNpV3lSaGpGWnhaNk16UmNWMVBLUTlvNXlfenN1VlR1U3FBTGtSNnVqOWM0VkJHdUlkeEpXRVZhblJ6SlFGbzA2S2Qxd3pKaHlUUHFWS25nS0ZqYWpwZFNDN2txTnJjMDVqeS1tT2tBZ0oyUlpGeEZPSUttNnB2a1VndDY0eW5sTmNoV0ZPRS1nejMwZ3VORGJHMGxRSzdpdTVkRk1LUURoRS1EZTd6TndKSExXZ3lZRnlmWUItSlJhYzgwVXl2M0lKMUh5VGdWWENHZjJrYzczOG52RkE?oc=5\" target=\"_blank\" rel=\"nofollow noopener\">Conoce Artemis II, el regreso humano a la Luna en 2026<\/a>&nbsp;&nbsp;Reforma<\/li>\n<\/ol>\n","protected":false},"excerpt":{"rendered":"Tripulantes de Artemis II ser\u00e1n a la vez sujetos de estudio y cient\u00edficos en investigaciones de la NASA&hellip;\n","protected":false},"author":2,"featured_media":248356,"comment_status":"","ping_status":"","sticky":false,"template":"","format":"standard","meta":{"footnotes":""},"categories":[81],"tags":[119,123,124,25,24,117,121,122,23,118,120],"class_list":{"0":"post-254198","1":"post","2":"type-post","3":"status-publish","4":"format-standard","5":"has-post-thumbnail","7":"category-ciencia-y-tecnologia","8":"tag-ciencia","9":"tag-ciencia-y-tecnologia","10":"tag-cienciaytecnologia","11":"tag-es","12":"tag-espana","13":"tag-science","14":"tag-science-and-technology","15":"tag-scienceandtechnology","16":"tag-spain","17":"tag-technology","18":"tag-tecnologia"},"share_on_mastodon":{"url":"https:\/\/pubeurope.com\/@es\/115607663011418501","error":""},"_links":{"self":[{"href":"https:\/\/www.europesays.com\/es\/wp-json\/wp\/v2\/posts\/254198","targetHints":{"allow":["GET"]}}],"collection":[{"href":"https:\/\/www.europesays.com\/es\/wp-json\/wp\/v2\/posts"}],"about":[{"href":"https:\/\/www.europesays.com\/es\/wp-json\/wp\/v2\/types\/post"}],"author":[{"embeddable":true,"href":"https:\/\/www.europesays.com\/es\/wp-json\/wp\/v2\/users\/2"}],"replies":[{"embeddable":true,"href":"https:\/\/www.europesays.com\/es\/wp-json\/wp\/v2\/comments?post=254198"}],"version-history":[{"count":0,"href":"https:\/\/www.europesays.com\/es\/wp-json\/wp\/v2\/posts\/254198\/revisions"}],"wp:featuredmedia":[{"embeddable":true,"href":"https:\/\/www.europesays.com\/es\/wp-json\/wp\/v2\/media\/248356"}],"wp:attachment":[{"href":"https:\/\/www.europesays.com\/es\/wp-json\/wp\/v2\/media?parent=254198"}],"wp:term":[{"taxonomy":"category","embeddable":true,"href":"https:\/\/www.europesays.com\/es\/wp-json\/wp\/v2\/categories?post=254198"},{"taxonomy":"post_tag","embeddable":true,"href":"https:\/\/www.europesays.com\/es\/wp-json\/wp\/v2\/tags?post=254198"}],"curies":[{"name":"wp","href":"https:\/\/api.w.org\/{rel}","templated":true}]}}