{"id":254204,"date":"2025-11-25T01:11:09","date_gmt":"2025-11-25T01:11:09","guid":{"rendered":"https:\/\/www.europesays.com\/es\/254204\/"},"modified":"2025-11-25T01:11:09","modified_gmt":"2025-11-25T01:11:09","slug":"portal-de-noticias-del-gobierno-de-canarias-325","status":"publish","type":"post","link":"https:\/\/www.europesays.com\/es\/254204\/","title":{"rendered":"Portal de Noticias del Gobierno de Canarias"},"content":{"rendered":"<blockquote>\n<p>El Gobierno de Canarias reivindica la circularidad como herramienta clave frente al consumo desmedido y refuerza su compromiso con un modelo econ\u00f3mico m\u00e1s sostenible<\/p>\n<p>El encuentro cont\u00f3 con intervenciones de especialistas y representantes del sector que aportaron una visi\u00f3n plural y actualizada sobre los retos de la Econom\u00eda Circular en Canarias<\/p>\n<\/blockquote>\n<p><strong>Zapata: \u201cContinuaremos reforzando la cooperaci\u00f3n con empresas, universidades y administraciones locales para un cambio real que llegue a todos los sectores productivos, reforzados con nuestro Plan de Acci\u00f3n\u00a0 y sus 20 medidas concretas\u201d<\/strong><\/p>\n<p>La Consejer\u00eda de Transici\u00f3n Ecol\u00f3gica y Energ\u00eda del Gobierno de Canarias ha puesto en valor los avances realizados en materia de econom\u00eda circular con motivo del Circular Monday, una jornada internacional que promueve alternativas reales al consumo asociado compulsivo al Black Friday. El acto, celebrado hoy en Tenerife ha reunido\u00a0 a agentes del sector tur\u00edstico, empresarial, acad\u00e9mico y ambiental, reforzando el papel del Archipi\u00e9lago como laboratorio de soluciones circulares.<\/p>\n<p>Durante la jornada, la Consejer\u00eda expuso las principales l\u00edneas del Plan de Acci\u00f3n de Econom\u00eda Circular 2024-2026, que impulsa la transici\u00f3n del modelo econ\u00f3mico canario hacia sistemas con menor generaci\u00f3n de residuos y m\u00e1s sostenibles. El Gobierno destac\u00f3 que su papel es coordinar, acompa\u00f1ar y apoyar al tejido productivo, cabildos, ayuntamientos y centros de conocimiento, facilitando la transformaci\u00f3n necesaria desde un modelo lineal hacia uno circular.<\/p>\n<p>El consejero de Transici\u00f3n Ecol\u00f3gica y Energ\u00eda, Mariano H. Zapata, record\u00f3 que \u201cla econom\u00eda circular no es una opci\u00f3n, sino una oportunidad para transformar Canarias en un territorio m\u00e1s competitivo y sostenible\u201d. Y apunt\u00f3 que \u201cese cambio empieza con decisiones concretas, respaldadas por instituciones, empresas y ciudadan\u00eda\u201d.<\/p>\n<p>En este sentido, Zapata destac\u00f3 durante su intervenci\u00f3n en el acto que el Plan de Acci\u00f3n del Gobierno, \u201cse elabora en sinton\u00eda con la Estrategia Canaria de Econom\u00eda Circular 2030 y lo hace con 20 acciones concretas como pueden ser la creaci\u00f3n de una oficina t\u00e9cnica para asesorar a ayuntamientos en sus planes de residuos, la actualizaci\u00f3n de la Ley de Residuos de Canarias para adaptarla a la normativa europea, el impulso a nuevas plantas de compostaje insulares, fomentar la cogobernanza de esta estrategia, conformando los grupos directivo y asesor para el seguimiento y valoraci\u00f3n de las acciones o la puesta en marcha de nuevas herramientas de an\u00e1lisis, formaci\u00f3n y acompa\u00f1amiento al sector productivo\u201d.<\/p>\n<p>Por su parte, el vicepresidente del Gobierno de Canarias y consejero de Econom\u00eda, Industria, Comercio y Aut\u00f3nomos, Manuel Dom\u00ednguez, declar\u00f3 que \u201davanzar hacia la circularidad es fundamental para garantizar la competitividad de nuestras empresas\u201d. Por ello, valor\u00f3 el esfuerzo del consejero de Transici\u00f3n Ecol\u00f3gica por \u201cimpulsar encuentros como el de hoy que est\u00e1n siendo esenciales para que Canarias acelere su transici\u00f3n ecol\u00f3gica con planificaci\u00f3n y visi\u00f3n de futuro\u201d.<\/p>\n<p>\u201cEste plan\u201d, continu\u00f3 Dom\u00ednguez, \u201cmarca una hoja de ruta realista y ambiciosa que identifica los retos que tenemos por delante y establece acciones concretas para la gesti\u00f3n de residuos y la eficiencia energ\u00e9tica, promoviendo nuevos modelos empresariales basados en la innovaci\u00f3n y el aprovechamiento inteligente de los recursos\u201d. En este sentido, el vicepresidente resalt\u00f3 que \u201cla econom\u00eda circular no es solo un asunto ambiental, sino una oportunidad econ\u00f3mica\u201d.<\/p>\n<p><strong>Circular Monday: hacia un consumo m\u00e1s responsable<\/strong><\/p>\n<p>El evento sirvi\u00f3 de punto de encuentro para reflexionar sobre el impacto del consumo masivo y poner en valor modelos que prioricen la reparaci\u00f3n, reutilizaci\u00f3n y reducci\u00f3n del desperdicio. Empresas locales, entidades del tercer sector y centros de innovaci\u00f3n compartieron experiencias que demuestran que la circularidad no solo es una oportunidad ambiental, sino tambi\u00e9n econ\u00f3mica.<\/p>\n<p>La jornada se inici\u00f3 con la intervenci\u00f3n del director general de Transici\u00f3n Ecol\u00f3gica y Lucha contra el Cambio Clim\u00e1tico, \u00c1ngel Monta\u00f1\u00e9s, quien subray\u00f3 la necesidad de reforzar alianzas entre administraciones, empresas y centros de conocimiento para avanzar hacia un modelo circular real y operativo.<\/p>\n<p>Entre las ponencias individuales, el cineasta David Baute ofreci\u00f3 una mirada creativa sobre c\u00f3mo \u201cnarrar\u201d y proyectar una transici\u00f3n circular exitosa en las islas; la asesora y docente Mar\u00eda Ferrer Est\u00e9vez abord\u00f3 el papel del talento joven y la formaci\u00f3n en competencias verdes; mientras que el CEO de Laureon, Jos\u00e9 Fortes, trat\u00f3 la importancia del capital humano y del fortalecimiento de la industria local como motor de circularidad.<\/p>\n<p>El director del Centro de Competencia de Medio Ambiente de Ferrovial Servicios, Vicente Galv\u00e1n, analiz\u00f3 la complejidad de implantar modelos circulares en territorios fragmentados y la necesidad de sinergias entre sectores como el agua, la energ\u00eda y los residuos. Por su parte, la experta Carlota Cruz explic\u00f3 el valor de los Sistemas de Responsabilidad Ampliada del Productor (SCRAPs) y su adaptaci\u00f3n a la especificidad insular.<\/p>\n<p>La jornada concluy\u00f3 con una mesa de debate en la que GF Hoteles, Fundaci\u00f3n Ataretaco\u2013Ecatar Canarias y Ayagaures compartieron experiencias reales, poniendo en valor proyectos ya consolidados que demuestran que la econom\u00eda circular es viable, replicable y una oportunidad para el tejido productivo del Archipi\u00e9lago.<\/p>\n","protected":false},"excerpt":{"rendered":"El Gobierno de Canarias reivindica la circularidad como herramienta clave frente al consumo desmedido y refuerza su compromiso&hellip;\n","protected":false},"author":2,"featured_media":254205,"comment_status":"","ping_status":"","sticky":false,"template":"","format":"standard","meta":{"footnotes":""},"categories":[5],"tags":[17,18,25,24,13,14,11,19,20,9,10,15,16,23,12,21,22],"class_list":{"0":"post-254204","1":"post","2":"type-post","3":"status-publish","4":"format-standard","5":"has-post-thumbnail","7":"category-titulares","8":"tag-breaking-news","9":"tag-breakingnews","10":"tag-es","11":"tag-espana","12":"tag-featured-news","13":"tag-featurednews","14":"tag-headlines","15":"tag-latest-news","16":"tag-latestnews","17":"tag-news","18":"tag-noticias","19":"tag-noticias-destacadas","20":"tag-noticiasdestacadas","21":"tag-spain","22":"tag-titulares","23":"tag-ultimas-noticias","24":"tag-ultimasnoticias"},"share_on_mastodon":{"url":"https:\/\/pubeurope.com\/@es\/115607678791390486","error":""},"_links":{"self":[{"href":"https:\/\/www.europesays.com\/es\/wp-json\/wp\/v2\/posts\/254204","targetHints":{"allow":["GET"]}}],"collection":[{"href":"https:\/\/www.europesays.com\/es\/wp-json\/wp\/v2\/posts"}],"about":[{"href":"https:\/\/www.europesays.com\/es\/wp-json\/wp\/v2\/types\/post"}],"author":[{"embeddable":true,"href":"https:\/\/www.europesays.com\/es\/wp-json\/wp\/v2\/users\/2"}],"replies":[{"embeddable":true,"href":"https:\/\/www.europesays.com\/es\/wp-json\/wp\/v2\/comments?post=254204"}],"version-history":[{"count":0,"href":"https:\/\/www.europesays.com\/es\/wp-json\/wp\/v2\/posts\/254204\/revisions"}],"wp:featuredmedia":[{"embeddable":true,"href":"https:\/\/www.europesays.com\/es\/wp-json\/wp\/v2\/media\/254205"}],"wp:attachment":[{"href":"https:\/\/www.europesays.com\/es\/wp-json\/wp\/v2\/media?parent=254204"}],"wp:term":[{"taxonomy":"category","embeddable":true,"href":"https:\/\/www.europesays.com\/es\/wp-json\/wp\/v2\/categories?post=254204"},{"taxonomy":"post_tag","embeddable":true,"href":"https:\/\/www.europesays.com\/es\/wp-json\/wp\/v2\/tags?post=254204"}],"curies":[{"name":"wp","href":"https:\/\/api.w.org\/{rel}","templated":true}]}}