{"id":25421,"date":"2025-08-04T16:50:09","date_gmt":"2025-08-04T16:50:09","guid":{"rendered":"https:\/\/www.europesays.com\/es\/25421\/"},"modified":"2025-08-04T16:50:09","modified_gmt":"2025-08-04T16:50:09","slug":"el-debut-de-edu-altozano-el-unico-juvenil-que-queda-a-las-ordenes-de-almeyda","status":"publish","type":"post","link":"https:\/\/www.europesays.com\/es\/25421\/","title":{"rendered":"El debut de Edu Altozano, el \u00fanico juvenil que queda a las \u00f3rdenes de Almeyda"},"content":{"rendered":"<p class=\"voc-p\" style=\"\">El chico mostr\u00f3 su tremenda alegr\u00eda en sus perfiles personales de las redes sociales. No era para menos. Jugaba sus primeros minutos, aunque fuera en un partido de pretemporada, con la el\u00e1stica del Sevilla FC. Hablamos de Edu Altozano, joven centrocampista que en octubre cumplir\u00e1 19 a\u00f1os, y que en el Velodrome el s\u00e1bado en el cuarto encuentro amistoso del primer equipo sevillista en la pretemporada 25-26 salt\u00f3 al campo en el minuto 61 sustituyendo a Lucien Agoum\u00e9.<\/p>\n<p class=\"voc-p\" style=\"\">\u00abMuy feliz por mis primeros minutos con el Sevilla FC. Toca seguir trabajando para que sigan llegando oportunidades\u00bb, public\u00f3 el chico en su cuenta de Instagram, un mensaje que acompa\u00f1\u00f3 con varias fotograf\u00edas de lances del partido en la media hora en la que el de Sanl\u00facar de Barrameda estuvo sobre el terreno de juego.<\/p>\n<p class=\"voc-p\" style=\"\">El Sevilla public\u00f3 un v\u00eddeo en sus perfiles de las redes sociales, en los que se pod\u00edan ver los instantes justo anteriores de que Altozano saltara al terreno de juego del Velodrome con el dorsal &#8217;39&#8217; en la espalda. En esas im\u00e1genes, en la banda mientras esperaba a Agoum\u00e9 para sustituirlo, recibi\u00f3 un c\u00e1lido abrazo de Guido Bonini, el preparador f\u00edsico del cuadro nervionense, y tambi\u00e9n las \u00faltimas indicaciones de Mat\u00edas Almeyda.<\/p>\n<p class=\"voc-p\" style=\"\">Se trata de un centrocampista defensivo, m\u00e1s box to box que pivote posicional, de pie izquierdo natural, con inteligencia y con mucha personalidad sobre el verde. Llama la atenci\u00f3n por su briega y los pases filtrados que da, tambi\u00e9n por las conducciones de bal\u00f3n con la pelota controlada, por la gran zancada que posee.<\/p>\n<p class=\"voc-p\" style=\"\">Un futbolista interesante que lleva en los escalafones inferiores del Sevilla FC desde el 2022, al que habr\u00e1 que estar atento por si sigue en din\u00e1mica del primer equipo y por si tuviera la oportunidad de jugar, no s\u00f3lo en lo que queda de pretemporada (ante el Al-Qadsiah hoy en el Trofeo Antonio Puerta y el s\u00e1bado en Toulouse ante el equipo galo), sino que tambi\u00e9n tenga la oportunidad de debutar oficialmente con la camiseta del equipo nervionense.<\/p>\n<p>Reportar un error<\/p>\n","protected":false},"excerpt":{"rendered":"El chico mostr\u00f3 su tremenda alegr\u00eda en sus perfiles personales de las redes sociales. No era para menos.&hellip;\n","protected":false},"author":2,"featured_media":25422,"comment_status":"","ping_status":"","sticky":false,"template":"","format":"standard","meta":{"footnotes":""},"categories":[268],"tags":[1364,14169,5437,168,12597,25,24,280,282,3133,14170,3041,281,23,167,1900],"class_list":{"0":"post-25421","1":"post","2":"type-post","3":"status-publish","4":"format-standard","5":"has-post-thumbnail","7":"category-futbol","8":"tag-almeyda","9":"tag-altozano","10":"tag-debut","11":"tag-deportes","12":"tag-edu","13":"tag-es","14":"tag-espana","15":"tag-football","16":"tag-futbol","17":"tag-juvenil","18":"tag-ordenes","19":"tag-queda","20":"tag-soccer","21":"tag-spain","22":"tag-sports","23":"tag-unico"},"share_on_mastodon":{"url":"","error":""},"_links":{"self":[{"href":"https:\/\/www.europesays.com\/es\/wp-json\/wp\/v2\/posts\/25421","targetHints":{"allow":["GET"]}}],"collection":[{"href":"https:\/\/www.europesays.com\/es\/wp-json\/wp\/v2\/posts"}],"about":[{"href":"https:\/\/www.europesays.com\/es\/wp-json\/wp\/v2\/types\/post"}],"author":[{"embeddable":true,"href":"https:\/\/www.europesays.com\/es\/wp-json\/wp\/v2\/users\/2"}],"replies":[{"embeddable":true,"href":"https:\/\/www.europesays.com\/es\/wp-json\/wp\/v2\/comments?post=25421"}],"version-history":[{"count":0,"href":"https:\/\/www.europesays.com\/es\/wp-json\/wp\/v2\/posts\/25421\/revisions"}],"wp:featuredmedia":[{"embeddable":true,"href":"https:\/\/www.europesays.com\/es\/wp-json\/wp\/v2\/media\/25422"}],"wp:attachment":[{"href":"https:\/\/www.europesays.com\/es\/wp-json\/wp\/v2\/media?parent=25421"}],"wp:term":[{"taxonomy":"category","embeddable":true,"href":"https:\/\/www.europesays.com\/es\/wp-json\/wp\/v2\/categories?post=25421"},{"taxonomy":"post_tag","embeddable":true,"href":"https:\/\/www.europesays.com\/es\/wp-json\/wp\/v2\/tags?post=25421"}],"curies":[{"name":"wp","href":"https:\/\/api.w.org\/{rel}","templated":true}]}}