{"id":254210,"date":"2025-11-25T01:19:10","date_gmt":"2025-11-25T01:19:10","guid":{"rendered":"https:\/\/www.europesays.com\/es\/254210\/"},"modified":"2025-11-25T01:19:10","modified_gmt":"2025-11-25T01:19:10","slug":"el-surne-bilbao-aporta-cuatro-internacionales-a-las-ventanas-fiba","status":"publish","type":"post","link":"https:\/\/www.europesays.com\/es\/254210\/","title":{"rendered":"El Surne Bilbao aporta cuatro internacionales a las &#8216;ventanas FIBA&#8217;"},"content":{"rendered":"<p>\n        <strong>El <\/strong><a href=\"https:\/\/www.deia.eus\/deportes\/bilbao-basket\/\" title=\"Surne Bilbao\" class=\"link copy\" rel=\"nofollow noopener\" target=\"_blank\"><strong>Surne Bilbao<\/strong><\/a><strong> ha alcanzado la primera meta volante<\/strong> de la temporada en la <a href=\"https:\/\/www.deia.eus\/tags\/liga-endesa\/\" title=\"Liga Endesa\" class=\"link copy\" rel=\"nofollow noopener\" target=\"_blank\">Liga Endesa<\/a>, marcada por las <strong>ventanas FIBA<\/strong>, ubicado en la zona media de la tabla clasificatoria, con<strong> un balance de 3-5<\/strong> que puede calificarse como previsible atendiendo a los encuentros disputados hasta el momento, su distribuci\u00f3n y el potencial de sus contrincantes. La tropa que dirige <a href=\"https:\/\/www.deia.eus\/tags\/jaume-ponsarnau\/\" title=\"Jaume Ponsarnau\" class=\"link copy\" rel=\"nofollow noopener\" target=\"_blank\">Jaume Ponsarnau<\/a> <strong>ha ganado los tres partidos que ha disputado en Miribilla<\/strong> -contra San Pablo Burgos, Morabanc Andorra y Casademont Zaragoza- y <strong>ha hincado la rodilla en sus cinco desplazamientos<\/strong> a las canchas de Unicaja, Joventut, Baxi Manresa, Real Madrid y <a href=\"https:\/\/www.deia.eus\/bilbao-basket\/2025\/11\/23\/surne-bilbao-baskonia-cae-buesa-arena-10388008.html\" title=\"Kosner Baskonia\" target=\"_blank\" class=\"link copy\" rel=\"nofollow noopener\">Kosner Baskonia<\/a>. Fidelidad absoluta a su ADN: fortaleza como anfitri\u00f3n y ausencia de alegr\u00edas fuera de casa en una racha que lleva camino de acumular un a\u00f1o de vigencia El conjunto vizcaino se encuentra actualmente en la <strong>decimosegunda posici\u00f3n, con dos triunfos de colch\u00f3n sobre la zona de descenso<\/strong>, ocupada por Coviran Granada y Burgos, y<strong> con una victoria de d\u00e9ficit con respecto a la s\u00e9ptima plaza<\/strong>, en manos del Bar\u00e7a.\n<\/p>\n<blockquote class=\"twitter-tweet\" data-lang=\"es\" wp_automatic_readability=\"3.8064516129032\">\n<p lang=\"es\" dir=\"ltr\">\ud83d\udcca \u00a1As\u00ed duerme la CLASIFICACI\u00d3N de la <a href=\"https:\/\/twitter.com\/hashtag\/LigaEndesa?src=hash&amp;ref_src=twsrc%5Etfw\" rel=\"nofollow noopener\" target=\"_blank\">#LigaEndesa<\/a> tras cerrarse la Jornada 8\u20e3!<\/p>\n<p>\ud83e\udd47 <a href=\"https:\/\/twitter.com\/valenciabasket?ref_src=twsrc%5Etfw\" rel=\"nofollow noopener\" target=\"_blank\">@valenciabasket<\/a> <br \/>\ud83e\udd48 <a href=\"https:\/\/twitter.com\/RMBaloncesto?ref_src=twsrc%5Etfw\" rel=\"nofollow noopener\" target=\"_blank\">@RMBaloncesto<\/a>  <br \/>\ud83e\udd49 <a href=\"https:\/\/twitter.com\/UCAMMurcia?ref_src=twsrc%5Etfw\" rel=\"nofollow noopener\" target=\"_blank\">@UCAMMurcia<\/a> <a href=\"https:\/\/t.co\/JlGdUYQxH2\" rel=\"nofollow\">pic.twitter.com\/JlGdUYQxH2<\/a><\/p>\n<p>\u2014 Liga Endesa (@ACBCOM) <a href=\"https:\/\/twitter.com\/ACBCOM\/status\/1992706763871953391?ref_src=twsrc%5Etfw\" rel=\"nofollow noopener\" target=\"_blank\">23 de noviembre de 2025<\/a><\/p><\/blockquote>\n<p class=\"article-body__text \">\n        Durante el presente par\u00f3n de la competici\u00f3n dom\u00e9stica <strong>ser\u00e1n cuatro los <\/strong><strong>hombres de negro<\/strong><strong> que acudir\u00e1n a las llamadas<\/strong> realizadas por sus respectivas selecciones.<strong> Melwin Pantzar (Suecia), Tryggvi Hlinason (Islandia) y Martin Krampelj (Eslovenia)<\/strong> intentar\u00e1n acercar a sus combinados nacionales al <strong>Mundial de 2027<\/strong> en el arranque de su fase de clasificaci\u00f3n, mientras que <strong>Harald Frey defender\u00e1 el pabell\u00f3n de Noruega<\/strong> en los primeros compromisos de la fase preclasificatoria de cara al<strong> Eurobasket de 2029.<\/strong>\n<\/p>\n<p>  Normantas no viaja<\/p>\n<p class=\"article-body__text \">\n        La n\u00f3mina de representantes internacionales podr\u00eda haber sido mayor, pero<strong> Margiris Normantas no acudir\u00e1 esta vez a la llamada de Lituania<\/strong> tras alcanzar un acuerdo con su federaci\u00f3n para poder descansar y acabar as\u00ed de recuperarse de los <strong>problemas de tobillo que sufre desde el pasado <\/strong><a href=\"https:\/\/www.deia.eus\/tags\/eurobasket\/\" title=\"Eurobasket\" class=\"link copy\" rel=\"nofollow noopener\" target=\"_blank\">Eurobasket<\/a> y que no le acaban de permitir actuar con plena comodidad cuando salta a cancha. Por su parte, <strong>el Grupo B africano<\/strong> de la fase de clasificaci\u00f3n mundialista, en el que se encuentra inmersa la <strong>Senegal de Amar Sylla<\/strong> junto a Congo, Madagascar y Costa de Marfil, <strong>no disputar\u00e1 sus encuentros hasta febrero<\/strong> del pr\u00f3ximo a\u00f1o.\n<\/p>\n<p class=\"article-body__text \">\n        As\u00ed las cosas, <strong>el n\u00famero de internacionales del <\/strong><a href=\"https:\/\/www.deia.eus\/tags\/surne-bilbao-basket\/\" title=\"Surne Bilbao\" class=\"link copy\" rel=\"nofollow noopener\" target=\"_blank\"><strong>Surne Bilbao<\/strong><\/a><strong> ha disminuido<\/strong> con respecto a las ventanas del pasado ejercicio, en las que llego a haber un par\u00f3n total de actividad en la sala de m\u00e1quinas de Artxanda como consecuencia de <strong>la ausencia de efectivos<\/strong>. En esta ocasi\u00f3n, los de Ponsarnau podr\u00e1n mantener cierto grado de trabajo en cancha de cara a la<strong> reanudaci\u00f3n de la Liga Endesa<\/strong> el <a href=\"https:\/\/live.acb.com\/es\/partidos\/surne-bilbao-vs-dreamland-gran-canaria-104538\/previa\" title=\"domingo 7 de diciembre\" rel=\"nofollow noopener\" target=\"_blank\" class=\"link copy\">domingo 7 de diciembre<\/a>, a partir de las 18.00 horas, <strong>recibiendo en el Bilbao Arena al siempre peligroso Dreamland Gran Canaria.<\/strong>\n<\/p>\n<p>  Duelo directo<\/p>\n<p class=\"article-body__text \">\n        Se da el caso de que en estas ventanas podr\u00eda producirse un<strong> enfrentamiento directo entre <\/strong><strong>hombres de negro<\/strong>, ya que se ver\u00e1n las caras <strong>la Suecia de Pantzar y la Eslovenia de Krampelj<\/strong> debido a que ambos combinados se encuentran inmersos en el Grupo H junto a Rep\u00fablica Checa y Estonia. El duelo tendr\u00e1 lugar <strong>el pr\u00f3ximo lunes en G\u00f6teborg (19.00 horas). <\/strong>Con anterioridad, la selecci\u00f3n n\u00f3rdica, con viejos conocidos del Surne Bilbao como <strong>Ludde Hakanson, Denzel Andersson o Tobias Borg<\/strong> tambi\u00e9n en la convocatoria, se medir\u00e1 a los checos (viernes 19.30, en Praga), mientras que los balc\u00e1nicos dar\u00e1n r\u00e9plica a la Estonia de Kristian Kullamae el mismo d\u00eda en Koper (18.00). Por su parte, <strong>la Islandia de Hlinason, <\/strong>en la que el p\u00edvot de los hombres de negro acostumbra a ejercer de gran pilar y a acumular much\u00edsimos minutos en cancha, <strong>visitar\u00e1 a Italia el jueves (20.00)<\/strong> mientras que el domingo recibir\u00e1 en Reikiavik a Gran Breta\u00f1a (17.45) dentro de <strong>un Grupo D exigente que completa Lituania.<\/strong>\n<\/p>\n<p class=\"article-photo__footer\">\n            Tryggvi Hlinason defiende la penetraci\u00f3n de Campazzo.            ACB Photo\/S. Gordon        <\/p>\n<p>  Frey, contra Armenia<\/p>\n<p class=\"article-body__text \">\n        Por su parte,<strong> Frey solo se vestir\u00e1 de corto en una ocasi\u00f3n<\/strong> en esta primera ventana FIBA con la mente puesta en poder conquistar un <strong>billete para disputar el Eurobasket de 2029.<\/strong> Noruega visitar\u00e1 a Armenia el domingo a partir de las 16.00 horas dentro de un Grupo B que completa Bulgaria.\n<\/p>\n<p>            <script async src=\"https:\/\/platform.twitter.com\/widgets.js\" charset=\"utf-8\"><\/script><\/p>\n","protected":false},"excerpt":{"rendered":"El Surne Bilbao ha alcanzado la primera meta volante de la temporada en la Liga Endesa, marcada por&hellip;\n","protected":false},"author":2,"featured_media":254211,"comment_status":"","ping_status":"","sticky":false,"template":"","format":"standard","meta":{"footnotes":""},"categories":[269],"tags":[18595,299,298,2601,954,168,25,24,13863,2661,23,167,40205],"class_list":{"0":"post-254210","1":"post","2":"type-post","3":"status-publish","4":"format-standard","5":"has-post-thumbnail","7":"category-baloncesto","8":"tag-aporta","9":"tag-baloncesto","10":"tag-basketball","11":"tag-bilbao","12":"tag-cuatro","13":"tag-deportes","14":"tag-es","15":"tag-espana","16":"tag-fiba","17":"tag-internacionales","18":"tag-spain","19":"tag-sports","20":"tag-surne"},"share_on_mastodon":{"url":"https:\/\/pubeurope.com\/@es\/115607710217001902","error":""},"_links":{"self":[{"href":"https:\/\/www.europesays.com\/es\/wp-json\/wp\/v2\/posts\/254210","targetHints":{"allow":["GET"]}}],"collection":[{"href":"https:\/\/www.europesays.com\/es\/wp-json\/wp\/v2\/posts"}],"about":[{"href":"https:\/\/www.europesays.com\/es\/wp-json\/wp\/v2\/types\/post"}],"author":[{"embeddable":true,"href":"https:\/\/www.europesays.com\/es\/wp-json\/wp\/v2\/users\/2"}],"replies":[{"embeddable":true,"href":"https:\/\/www.europesays.com\/es\/wp-json\/wp\/v2\/comments?post=254210"}],"version-history":[{"count":0,"href":"https:\/\/www.europesays.com\/es\/wp-json\/wp\/v2\/posts\/254210\/revisions"}],"wp:featuredmedia":[{"embeddable":true,"href":"https:\/\/www.europesays.com\/es\/wp-json\/wp\/v2\/media\/254211"}],"wp:attachment":[{"href":"https:\/\/www.europesays.com\/es\/wp-json\/wp\/v2\/media?parent=254210"}],"wp:term":[{"taxonomy":"category","embeddable":true,"href":"https:\/\/www.europesays.com\/es\/wp-json\/wp\/v2\/categories?post=254210"},{"taxonomy":"post_tag","embeddable":true,"href":"https:\/\/www.europesays.com\/es\/wp-json\/wp\/v2\/tags?post=254210"}],"curies":[{"name":"wp","href":"https:\/\/api.w.org\/{rel}","templated":true}]}}