{"id":254212,"date":"2025-11-25T01:20:09","date_gmt":"2025-11-25T01:20:09","guid":{"rendered":"https:\/\/www.europesays.com\/es\/254212\/"},"modified":"2025-11-25T01:20:09","modified_gmt":"2025-11-25T01:20:09","slug":"asi-se-gesto-la-negativa-de-2023","status":"publish","type":"post","link":"https:\/\/www.europesays.com\/es\/254212\/","title":{"rendered":"as\u00ed se gest\u00f3 la negativa de 2023"},"content":{"rendered":"<p class=\"ft-text\"><strong>El FC Barcelona ha dicho \u201cno\u201d dos veces a Leo Messi en apenas un par de a\u00f1os<\/strong>. La primera, en 2021, cuando el argentino se vio forzado a hacer las maletas rumbo al Paris Saint-Germain. La segunda, mucho menos explicada hasta hoy, se produjo en 2023, cuando Messi expres\u00f3 su deseo firme de volver a casa\u2026 y el club azulgrana fren\u00f3 la operaci\u00f3n.<\/p>\n<p class=\"ft-text\">Tal y como revel\u00f3 el programa de SPORT TV, La Posesi\u00f3n, aquella segunda negativa tuvo tres protagonistas principales: Xavi Hern\u00e1ndez, el propio Messi y la c\u00fapula directiva del Bar\u00e7a, en una historia que termin\u00f3 enviando al campe\u00f3n del mundo al Inter de Miami.<\/p>\n<p>Un d\u00eda de Reyes que cambi\u00f3 el rumbo<\/p>\n<p class=\"ft-text\">La cronolog\u00eda arranca el 6 de enero de 2023. Xavi Hern\u00e1ndez disfruta del d\u00eda de Reyes en casa, rodeado de su familia, cuando recibe una llamada inesperada: Leo Messi, al otro lado de la l\u00ednea.<strong> El 10 le comunica que ha tomado una decisi\u00f3n definitiva: quiere volver al Bar\u00e7a<\/strong>. Est\u00e1 ilusionado, preparado para regresar dos a\u00f1os despu\u00e9s de su salida al PSG y convencido de que su \u00faltima aventura europea debe disputarse en el club de su vida.<\/p>\n<p class=\"ft-text\"><strong>La reacci\u00f3n de Xavi es inmediata<\/strong>. El t\u00e9cnico percibe una oportunidad hist\u00f3rica: su equipo, que meses despu\u00e9s levantar\u00eda LaLiga, podr\u00eda dar un salto competitivo gigantesco. Adem\u00e1s, ve espacio para encajar a un Messi m\u00e1s veterano pero todav\u00eda decisivo.<\/p>\n<p>Un plan deportivo a medida<\/p>\n<p class=\"ft-text\"><strong>Durante los meses siguientes, Xavi y Messi mantienen conversaciones cada 10-15 d\u00edas<\/strong>. Comparten ideas, ajustan roles y llegan a un acuerdo total: el argentino acepta un rol diferente, consciente de que ya no es el futbolista de 20 a\u00f1os que lo decid\u00eda todo solo. Para ambos, el encaje es claro: el Bar\u00e7a recuperar\u00eda a su gran leyenda en un papel diferente, pero con impacto real en el campo.<\/p>\n<p class=\"ft-text\"><strong>En febrero de 2023, Messi da un paso m\u00e1s e invita a Xavi a hablar con Jorge Messi para acelerar la operaci\u00f3n<\/strong>. El entrenador informa a Joan Laporta durante un desplazamiento de Liga y el presidente se enciende de ilusi\u00f3n: ve en el regreso de Messi la oportunidad de cerrar la herida abierta en 2021.<\/p>\n<p class=\"ft-text\">En abril llega el mensaje que parec\u00eda definitivo. Antes de un entrenamiento, Mateu Alemany, director de f\u00fatbol, se acerca a Xavi y le suelta la frase que hace saltar las alarmas de optimismo: <strong>\u201cTenemos buenas noticias. LaLiga nos da el OK y est\u00e1 todo encarrilado\u201d. <\/strong><\/p>\n<p class=\"ft-text\"><strong>El contrato llega incluso a redactarse<\/strong>: dos a\u00f1os de acuerdo, pr\u00e1cticamente cerrado, pendiente de los \u00faltimos retoques. Para Xavi, el retorno de Messi ya no es un sue\u00f1o. Es una cuesti\u00f3n administrativa. Pero el guion se rompe de forma abrupta.<\/p>\n<p class=\"ft-text\">D\u00edas despu\u00e9s, Jorge Messi llama a Xavi con un mensaje devastador: \u201cMe dicen que no se va a hacer, que LaLiga no da el visto bueno\u201d. La operaci\u00f3n se frena en seco. El club cambia su postura, las certezas desaparecen y Messi, cansado de esperar y de la incertidumbre, acaba aceptando la propuesta del Inter de Miami. <strong>El segundo \u201cno\u201d del Bar\u00e7a a su mayor leyenda quedaba as\u00ed sellado, dejando una intrahistoria llena de dudas, giros y decisiones que jam\u00e1s salieron a la luz\u2026 hasta ahora<\/strong>.<\/p>\n","protected":false},"excerpt":{"rendered":"El FC Barcelona ha dicho \u201cno\u201d dos veces a Leo Messi en apenas un par de a\u00f1os. La&hellip;\n","protected":false},"author":2,"featured_media":254213,"comment_status":"","ping_status":"","sticky":false,"template":"","format":"standard","meta":{"footnotes":""},"categories":[268],"tags":[2296,168,25,24,280,282,14136,32526,11788,7688,1566,281,23,167,6278],"class_list":{"0":"post-254212","1":"post","2":"type-post","3":"status-publish","4":"format-standard","5":"has-post-thumbnail","7":"category-futbol","8":"tag-barca","9":"tag-deportes","10":"tag-es","11":"tag-espana","12":"tag-football","13":"tag-futbol","14":"tag-gesto","15":"tag-intrahistoria","16":"tag-leo-messi","17":"tag-messi","18":"tag-segundo","19":"tag-soccer","20":"tag-spain","21":"tag-sports","22":"tag-xavi"},"share_on_mastodon":{"url":"https:\/\/pubeurope.com\/@es\/115607714329435769","error":""},"_links":{"self":[{"href":"https:\/\/www.europesays.com\/es\/wp-json\/wp\/v2\/posts\/254212","targetHints":{"allow":["GET"]}}],"collection":[{"href":"https:\/\/www.europesays.com\/es\/wp-json\/wp\/v2\/posts"}],"about":[{"href":"https:\/\/www.europesays.com\/es\/wp-json\/wp\/v2\/types\/post"}],"author":[{"embeddable":true,"href":"https:\/\/www.europesays.com\/es\/wp-json\/wp\/v2\/users\/2"}],"replies":[{"embeddable":true,"href":"https:\/\/www.europesays.com\/es\/wp-json\/wp\/v2\/comments?post=254212"}],"version-history":[{"count":0,"href":"https:\/\/www.europesays.com\/es\/wp-json\/wp\/v2\/posts\/254212\/revisions"}],"wp:featuredmedia":[{"embeddable":true,"href":"https:\/\/www.europesays.com\/es\/wp-json\/wp\/v2\/media\/254213"}],"wp:attachment":[{"href":"https:\/\/www.europesays.com\/es\/wp-json\/wp\/v2\/media?parent=254212"}],"wp:term":[{"taxonomy":"category","embeddable":true,"href":"https:\/\/www.europesays.com\/es\/wp-json\/wp\/v2\/categories?post=254212"},{"taxonomy":"post_tag","embeddable":true,"href":"https:\/\/www.europesays.com\/es\/wp-json\/wp\/v2\/tags?post=254212"}],"curies":[{"name":"wp","href":"https:\/\/api.w.org\/{rel}","templated":true}]}}