{"id":254214,"date":"2025-11-25T01:21:10","date_gmt":"2025-11-25T01:21:10","guid":{"rendered":"https:\/\/www.europesays.com\/es\/254214\/"},"modified":"2025-11-25T01:21:10","modified_gmt":"2025-11-25T01:21:10","slug":"mi-hija-ylenia-sigue-viva","status":"publish","type":"post","link":"https:\/\/www.europesays.com\/es\/254214\/","title":{"rendered":"\u201cMi hija Ylenia sigue viva\u201d"},"content":{"rendered":"<p>Los libros autobiogr\u00e1ficos est\u00e1n dando mucho que hablar en los \u00faltimos meses. <b>Sonadas han sido las aventuras en las librer\u00edas de Mar Flores, Isabel Preysler y del mism\u00edsimo Rey Juan Carlos<\/b>. Tambi\u00e9n lo ser\u00e1n las de <a title=\"Romina Power\" href=\"https:\/\/www.larazon.es\/television\/romina-bano-filtros-espana-nos-salvo-como-pareja_2025040867f59b41fd547000012909c2.html\" target=\"_blank\" rel=\"nofollow noopener\">Romina Power<\/a>, que esta semana saca sus memorias a la venta en Italia y ya est\u00e1 generando un gran revuelo y cosechando titulares jugosos en su pa\u00eds. Tambi\u00e9n en el nuestro. Y es que su presencia a ambos lados del Mediterr\u00e1neo es hist\u00f3rica, con especial recuerdo a uno de los cap\u00edtulos m\u00e1s negros de su historia: <b>la desaparici\u00f3n de su hija Ylenia Carrisi, la cual sigue envuelta en un halo de misterio. <\/b><\/p>\n<p>\u2018Pensieri profundamente semplici. L\u2019abbecedario della mia vita\u201d, reza el t\u00edtulo del libro escrito por la exmujer de <a title=\"Al Bano\" href=\"https:\/\/www.larazon.es\/gente\/famosos\/funeral-papa-francisco-cantante-bano-justifica-ausencia_20250426680c8ddde52da91ed5302e67.html\" target=\"_blank\" rel=\"nofollow noopener\">Al Bano<\/a>. Uno que llega para remover el pasado, siendo inc\u00f3modo para algunos de los aludidos, entre los que se encuentra el propio cantante con el que comparti\u00f3 \u00e9xitos sobre los escenarios y controvertidos a\u00f1os en lo sentimental, ahora cargados de reproches. Tambi\u00e9n la <b>firme convicci\u00f3n de que su hija no est\u00e1 muerta, pese a <\/b><a title=\"lo sentenciado por las autoridades\" href=\"https:\/\/www.larazon.es\/gente\/famosos\/cumplen-10-anos-muerte-oficial-ylenia-hija-romina-albano_20241216675f82c3c2280e000103d49e.html\" target=\"_blank\" rel=\"nofollow noopener\">lo sentenciado por las autoridades<\/a><b> tras no tener rastro de ella ni noticias desde hace d\u00e9cadas<\/b>. Ella cree que est\u00e1 viva y que llegar\u00e1 el momento en el que sus caminos vuelvan a unirse. <\/p>\n<p>Romina Power se confiesa en sus memorias<\/p>\n<p>La cantante est\u00e1 en plena promoci\u00f3n de su libro autobiogr\u00e1fico. De ah\u00ed que se haya sentado con \u2018Corriere della Sera\u2019 para tratar alguno de los temas que ha plasmado en sus cap\u00edtulos. Especial <b>hincapi\u00e9 se hace en aquellos donde el drama impregna sus p\u00e1ginas<\/b>. Lo hace despu\u00e9s de muchos a\u00f1os guardando silencio, aunque otros le hayan atribuido declaraciones o gestos. Ella quiere contar su propia historia de manera libre, sin influencia de terceros y haciendo justicia a su propia memoria. Aunque su ex salga mal parado y aunque deba <b>remover un pasado que le duele a morir<\/b>, echando de menos a una hija que cumplir\u00eda ahora 55 a\u00f1os.<\/p>\n<p><img decoding=\"async\" loading=\"lazy\" src=\"https:\/\/www.europesays.com\/es\/wp-content\/uploads\/2025\/11\/1764033670_971_123.jpg\" alt=\"Ylenia Carrisi desapareci\u00f3 en 1994 en Nueva Orleans. El caso ha hecho correr r\u00edos de tinta para disgusto de Albano y Romina, que no quer\u00edan que se especulase con su hija\" width=\"330\" height=\"668\"\/><b>Ylenia Carrisi desapareci\u00f3 en 1994 en Nueva Orleans. El caso ha hecho correr r\u00edos de tinta para disgusto de Albano y Romina, que no quer\u00edan que se especulase con su hija<\/b>larazon<\/p>\n<p>Son muchos los reproches que la cantante tiene para su exmarido. <a title=\"A pesar de que el tiempo les ha hecho unirse de nuevo en lo profesional\" href=\"https:\/\/www.larazon.es\/gente\/famosos\/romina-bano-podemos-actuar-juntos-hora-media-pelearnos_2025041067f70d12160aba0001d2b5fb.html\" target=\"_blank\" rel=\"nofollow noopener\">A pesar de que el tiempo les ha hecho unirse de nuevo en lo profesional<\/a> y atesorar una buena relaci\u00f3n, durante su matrimonio no se sent\u00eda dichosa. Incluso antes de dar el \u2018s\u00ed, quiero\u2019. Y es que recuerda el d\u00eda de su boda con tristeza, pues se cas\u00f3 siguiendo la agenda de su esposo y no sus propios ritmos: <b>\u201cAl Bano eligi\u00f3 la fecha porque era su \u00fanico d\u00eda libre del verano\u201d. No le acompa\u00f1aros sus seres queridos, pero hicieron bulto los vecinos del pueblo<\/b>. Pero esa fue la escenificaci\u00f3n de su boda, pues algo que no hab\u00eda contado nunca es que se hab\u00edan casado un a\u00f1o antes en una cueva: \u201cIntercambiamos palabras muy bonitas y anillos de boda que hab\u00eda hecho en Capri, los mismos que usamos en la iglesia al a\u00f1o siguiente\u201d. <\/p>\n<p>Son muchos y muy variados los reproches que hace Romina Power a Al Bano. Son muchas d\u00e9cadas en las que se han acumulado errores. Pero lo que m\u00e1s pesa en su vida es la p\u00e9rdida de su hija Ylenia, de la que tiene la firme convicci\u00f3n que est\u00e1 viva en alguna parte: <b>\u201cUna madre lleva un cord\u00f3n umbilical invisible con los hijos que da a luz: si Ylenia hubiera muerto, lo habr\u00eda sentido\u201d<\/b>, asegura en su entrevista en el diario italiano. Un planteamiento que desarrolla m\u00e1s en su libro, que ver\u00e1 la luz este martes 25 de noviembre, coincidiendo con el 55 cumplea\u00f1os que celebrar\u00eda Ylenia. Un d\u00eda que, por supuesto, no se ha elegido al azar. <\/p>\n","protected":false},"excerpt":{"rendered":"Los libros autobiogr\u00e1ficos est\u00e1n dando mucho que hablar en los \u00faltimos meses. Sonadas han sido las aventuras en&hellip;\n","protected":false},"author":2,"featured_media":254215,"comment_status":"","ping_status":"","sticky":false,"template":"","format":"standard","meta":{"footnotes":""},"categories":[174],"tags":[255,146,147,25,24,256,23],"class_list":{"0":"post-254214","1":"post","2":"type-post","3":"status-publish","4":"format-standard","5":"has-post-thumbnail","7":"category-famosos","8":"tag-celebrities","9":"tag-entertainment","10":"tag-entretenimiento","11":"tag-es","12":"tag-espana","13":"tag-famosos","14":"tag-spain"},"share_on_mastodon":{"url":"https:\/\/pubeurope.com\/@es\/115607718681875009","error":""},"_links":{"self":[{"href":"https:\/\/www.europesays.com\/es\/wp-json\/wp\/v2\/posts\/254214","targetHints":{"allow":["GET"]}}],"collection":[{"href":"https:\/\/www.europesays.com\/es\/wp-json\/wp\/v2\/posts"}],"about":[{"href":"https:\/\/www.europesays.com\/es\/wp-json\/wp\/v2\/types\/post"}],"author":[{"embeddable":true,"href":"https:\/\/www.europesays.com\/es\/wp-json\/wp\/v2\/users\/2"}],"replies":[{"embeddable":true,"href":"https:\/\/www.europesays.com\/es\/wp-json\/wp\/v2\/comments?post=254214"}],"version-history":[{"count":0,"href":"https:\/\/www.europesays.com\/es\/wp-json\/wp\/v2\/posts\/254214\/revisions"}],"wp:featuredmedia":[{"embeddable":true,"href":"https:\/\/www.europesays.com\/es\/wp-json\/wp\/v2\/media\/254215"}],"wp:attachment":[{"href":"https:\/\/www.europesays.com\/es\/wp-json\/wp\/v2\/media?parent=254214"}],"wp:term":[{"taxonomy":"category","embeddable":true,"href":"https:\/\/www.europesays.com\/es\/wp-json\/wp\/v2\/categories?post=254214"},{"taxonomy":"post_tag","embeddable":true,"href":"https:\/\/www.europesays.com\/es\/wp-json\/wp\/v2\/tags?post=254214"}],"curies":[{"name":"wp","href":"https:\/\/api.w.org\/{rel}","templated":true}]}}