{"id":254218,"date":"2025-11-25T01:24:10","date_gmt":"2025-11-25T01:24:10","guid":{"rendered":"https:\/\/www.europesays.com\/es\/254218\/"},"modified":"2025-11-25T01:24:10","modified_gmt":"2025-11-25T01:24:10","slug":"evren-confiesa-la-culpa-que-lo-consume-y-bahar-le-recuerda-que-aun-puede-redimirse","status":"publish","type":"post","link":"https:\/\/www.europesays.com\/es\/254218\/","title":{"rendered":"Evren confiesa la culpa que lo consume y Bahar le recuerda que a\u00fan puede redimirse"},"content":{"rendered":"<p><b>Bahar y Evren <\/b>han coincidido en la <b>incubadora <\/b>del beb\u00e9 que acababa de nacer en el hospital. Los dos han mirado al <b>reci\u00e9n nacido <\/b>con cari\u00f1o y, en ese momento, Bahar ha comentado que el padre del ni\u00f1o, al verlo, por fin hab\u00eda entendido que era su hijo. Que su rabia no ven\u00eda del rechazo, sino del miedo.<\/p>\n<p>Esas palabras han tocado a Evren, que se ha visto <b>reflejado<\/b>. Ha admitido que \u00e9l tambi\u00e9n siente ese <b>miedo<\/b>: no por ser padre, sino por temer convertirse en un <b>hombre cobarde <\/b>que no asume lo que le toca.<\/p>\n<p>Bahar <b>ha intentado calmarlo <\/b>y le ha dicho que \u00e9l <b>no es ese tipo de persona<\/b>. Pero Evren, muy afectado, ha reconocido que su interior le dice lo contrario. Sintiendo que ha hecho da\u00f1o a dos mujeres en su vida, Evren incluso se ha comparado con el <b>doctor Aziz<\/b>, el padre de Timur, pero Bahar ha sido clara: la diferencia es que \u00e9l s\u00ed va a hacer lo correcto.<\/p>\n<p>Evren se ha quedado callado. <b>Sabe que Bahar tiene raz\u00f3n <\/b>y que ya no puede seguir evitando la verdad.<\/p>\n","protected":false},"excerpt":{"rendered":"Bahar y Evren han coincidido en la incubadora del beb\u00e9 que acababa de nacer en el hospital. Los&hellip;\n","protected":false},"author":2,"featured_media":254219,"comment_status":"","ping_status":"","sticky":false,"template":"","format":"standard","meta":{"footnotes":""},"categories":[171],"tags":[146,147,25,24,23,214],"class_list":{"0":"post-254218","1":"post","2":"type-post","3":"status-publish","4":"format-standard","5":"has-post-thumbnail","7":"category-tv","8":"tag-entertainment","9":"tag-entretenimiento","10":"tag-es","11":"tag-espana","12":"tag-spain","13":"tag-tv"},"share_on_mastodon":{"url":"https:\/\/pubeurope.com\/@es\/115607729876265140","error":""},"_links":{"self":[{"href":"https:\/\/www.europesays.com\/es\/wp-json\/wp\/v2\/posts\/254218","targetHints":{"allow":["GET"]}}],"collection":[{"href":"https:\/\/www.europesays.com\/es\/wp-json\/wp\/v2\/posts"}],"about":[{"href":"https:\/\/www.europesays.com\/es\/wp-json\/wp\/v2\/types\/post"}],"author":[{"embeddable":true,"href":"https:\/\/www.europesays.com\/es\/wp-json\/wp\/v2\/users\/2"}],"replies":[{"embeddable":true,"href":"https:\/\/www.europesays.com\/es\/wp-json\/wp\/v2\/comments?post=254218"}],"version-history":[{"count":0,"href":"https:\/\/www.europesays.com\/es\/wp-json\/wp\/v2\/posts\/254218\/revisions"}],"wp:featuredmedia":[{"embeddable":true,"href":"https:\/\/www.europesays.com\/es\/wp-json\/wp\/v2\/media\/254219"}],"wp:attachment":[{"href":"https:\/\/www.europesays.com\/es\/wp-json\/wp\/v2\/media?parent=254218"}],"wp:term":[{"taxonomy":"category","embeddable":true,"href":"https:\/\/www.europesays.com\/es\/wp-json\/wp\/v2\/categories?post=254218"},{"taxonomy":"post_tag","embeddable":true,"href":"https:\/\/www.europesays.com\/es\/wp-json\/wp\/v2\/tags?post=254218"}],"curies":[{"name":"wp","href":"https:\/\/api.w.org\/{rel}","templated":true}]}}