{"id":254220,"date":"2025-11-25T01:25:58","date_gmt":"2025-11-25T01:25:58","guid":{"rendered":"https:\/\/www.europesays.com\/es\/254220\/"},"modified":"2025-11-25T01:25:58","modified_gmt":"2025-11-25T01:25:58","slug":"especial-de-radio-clasica-maraton-musical-60-aniversario-de-radio-clasica","status":"publish","type":"post","link":"https:\/\/www.europesays.com\/es\/254220\/","title":{"rendered":"Especial de Radio Cl\u00e1sica &#8211; Marat\u00f3n musical 60 aniversario de Radio Cl\u00e1sica"},"content":{"rendered":"<p>El 22 de noviembre, D\u00eda de Santa Cecilia, de 1965 Radio Cl\u00e1sica comenz\u00f3 sus emisiones. Para celebrar los sesenta a\u00f1os de vida de nuestra emisora, el 22 de noviembre de 2025 organizamos esta marat\u00f3n musical de ocho horas en directo desde el Auditorio del Centro de Cultura Contempor\u00e1nea Conde Duque de Madrid.<\/p>\n<p>Nos acompa\u00f1aron m\u00e1s de una veintena de artistas presentados por la mayor parte de la plantilla de Radio Cl\u00e1sica con representantes de las principales instituciones musicales espa\u00f1olas como entrevistados. <\/p>\n<p>Con las actuaciones en directo de Leif Ove Andsnes, Dar\u00edo Meta, Pablo Garc\u00eda-L\u00f3pez, Sara \u00c1gueda, Chema S\u00e1iz, Federico Lechner, Miguel Colom, Fernando Arias, Pablo Barrag\u00e1n, Noelia Rodiles, Coro Singerhood dirigido por Marcos Cast\u00e1n, solistas de la Orquesta Sinf\u00f3nica RTVE y alumnos de la Escuela Superior de M\u00fasica Reina Sof\u00eda.<\/p>\n<p>Toda una fiesta musical con acceso gratuito para el p\u00fablico que nos acompa\u00f1\u00f3 durante toda la celebraci\u00f3n.<\/p>\n","protected":false},"excerpt":{"rendered":"El 22 de noviembre, D\u00eda de Santa Cecilia, de 1965 Radio Cl\u00e1sica comenz\u00f3 sus emisiones. Para celebrar los&hellip;\n","protected":false},"author":2,"featured_media":254221,"comment_status":"","ping_status":"","sticky":false,"template":"","format":"standard","meta":{"footnotes":""},"categories":[170],"tags":[146,147,25,24,64110,184,185,133,64109,1448,1986,1987,23],"class_list":{"0":"post-254220","1":"post","2":"type-post","3":"status-publish","4":"format-standard","5":"has-post-thumbnail","7":"category-musica","8":"tag-entertainment","9":"tag-entretenimiento","10":"tag-es","11":"tag-espana","12":"tag-maraton-musical-60-aniversario-de-radio-clasica","13":"tag-music","14":"tag-musica","15":"tag-online","16":"tag-programas-especiales-de-radio-clasica","17":"tag-radio","18":"tag-rne","19":"tag-rtve-play","20":"tag-spain"},"share_on_mastodon":{"url":"https:\/\/pubeurope.com\/@es\/115607737901693624","error":""},"_links":{"self":[{"href":"https:\/\/www.europesays.com\/es\/wp-json\/wp\/v2\/posts\/254220","targetHints":{"allow":["GET"]}}],"collection":[{"href":"https:\/\/www.europesays.com\/es\/wp-json\/wp\/v2\/posts"}],"about":[{"href":"https:\/\/www.europesays.com\/es\/wp-json\/wp\/v2\/types\/post"}],"author":[{"embeddable":true,"href":"https:\/\/www.europesays.com\/es\/wp-json\/wp\/v2\/users\/2"}],"replies":[{"embeddable":true,"href":"https:\/\/www.europesays.com\/es\/wp-json\/wp\/v2\/comments?post=254220"}],"version-history":[{"count":0,"href":"https:\/\/www.europesays.com\/es\/wp-json\/wp\/v2\/posts\/254220\/revisions"}],"wp:featuredmedia":[{"embeddable":true,"href":"https:\/\/www.europesays.com\/es\/wp-json\/wp\/v2\/media\/254221"}],"wp:attachment":[{"href":"https:\/\/www.europesays.com\/es\/wp-json\/wp\/v2\/media?parent=254220"}],"wp:term":[{"taxonomy":"category","embeddable":true,"href":"https:\/\/www.europesays.com\/es\/wp-json\/wp\/v2\/categories?post=254220"},{"taxonomy":"post_tag","embeddable":true,"href":"https:\/\/www.europesays.com\/es\/wp-json\/wp\/v2\/tags?post=254220"}],"curies":[{"name":"wp","href":"https:\/\/api.w.org\/{rel}","templated":true}]}}