{"id":254222,"date":"2025-11-25T01:27:11","date_gmt":"2025-11-25T01:27:11","guid":{"rendered":"https:\/\/www.europesays.com\/es\/254222\/"},"modified":"2025-11-25T01:27:11","modified_gmt":"2025-11-25T01:27:11","slug":"top-1-y-desbanca-a-las-grandes-producciones-internacionales","status":"publish","type":"post","link":"https:\/\/www.europesays.com\/es\/254222\/","title":{"rendered":"Top 1 y desbanca a las grandes producciones internacionales"},"content":{"rendered":"<p data-gtm-element-container=\"modulo-texto-link\" class=\"paragraph\"><strong>Netflix <\/strong>sigue ampliando su cat\u00e1logo de pel\u00edculas y series con el estreno de producciones externas. El pasado viernes 21 de noviembre lleg\u00f3 a la plataforma de &#8216;streaming&#8217; uno de los &#8216;taquillazos&#8217; espa\u00f1oles de 2023. Tras el \u00e9xito de las dos primeras entregas, &#8216;<strong>Ocho apellidos marroqu\u00eds<\/strong>&#8216; triunf\u00f3 tambi\u00e9n en las salas de cine espa\u00f1olas.<\/p>\n<p>                <img loading=\"lazy\" decoding=\"async\" data-full-src=\"https:\/\/www.mundodeportivo.com\/uploads\/2025\/11\/25\/6924e9a0694f0.jpeg\" alt=\"'Ocho apellidos marroqu\u00eds'\" width=\"449\" height=\"299\" src=\"https:\/\/www.europesays.com\/es\/wp-content\/uploads\/2025\/11\/6924e9a0694f0.jpeg\" class=\"lazy\"\/><\/p>\n<p class=\"caption-title \">&#8216;Ocho apellidos marroqu\u00eds&#8217;<\/p>\n<p data-gtm-element-container=\"modulo-texto-link\" class=\"paragraph\">La pel\u00edcula, producida por Telecinco Cinema, logr\u00f3 recaudar <strong>1.679.577 euros <\/strong>y atraer a cerca de 230.000 espectadores en los cines durante su primer fin de semana, consolid\u00e1ndose como uno de los estrenos nacionales m\u00e1s potentes del 2023. Su salto a Netflix ha seguido la misma tendencia: es\u00a0 Top 1 en Espa\u00f1a, por encima de t\u00edtulos como<strong> &#8216;One Shot&#8217;, &#8216;Ladrones con clase&#8217; o &#8216;Frankenstein&#8217;.<\/strong><\/p>\n<p data-gtm-element-container=\"modulo-texto-link\" class=\"paragraph\">La tercera entrega de &#8216;Ocho apellidos vascos&#8217;, la pel\u00edcula espa\u00f1ola m\u00e1s vista y m\u00e1s taquillera de la historia con casi 9,5 millones de espectadores y 56 millones de euros de recaudaci\u00f3n, est\u00e1\u00a0dirigida por \u00c1lvaro Fern\u00e1ndez Armero (\u2018Si yo fuera rico\u2019, \u2018Todo es mentira\u2019) y con un reparto protagonista integrado por <strong>Juli\u00e1n L\u00f3pez <\/strong>(\u2018Operaci\u00f3n Camar\u00f3n\u2019, \u2018Perdiendo el Norte\u2019), <strong>Michelle Jenner <\/strong>(saga de \u2018Tadeo Jones\u2019, \u2018Isabel\u2019 y \u2018Los hombres de Paco\u2019),<strong> Elena Irureta <\/strong>(\u2018Patria\u2019, \u2018El Comisario\u2019) y <strong>Mar\u00eda Ramos <\/strong>(\u2018El Cid\u2019 y \u2018Una vida entre dos aguas\u2019).<\/p>\n<p>                <img loading=\"lazy\" decoding=\"async\" data-full-src=\"https:\/\/www.mundodeportivo.com\/uploads\/2025\/11\/25\/6924e99ed0276.jpeg\" alt=\"'Ocho apellidos marroqu\u00eds'\" width=\"449\" height=\"299\" src=\"https:\/\/www.europesays.com\/es\/wp-content\/uploads\/2025\/11\/6924e99ed0276.jpeg\" class=\"lazy\"\/><\/p>\n<p class=\"caption-title \">&#8216;Ocho apellidos marroqu\u00eds&#8217;<\/p>\n<p>    Lee tambi\u00e9n<\/p>\n<p>Sinopsis de &#8216;Ocho apellidos marroqu\u00eds&#8217;<\/p>\n<p data-gtm-element-container=\"modulo-texto-link\" class=\"paragraph\">Carmen (Elena Irureta) quiere cumplir la \u00faltima voluntad de Jos\u00e9 Mar\u00eda, su marido y patriarca de la familia: <strong>recuperar el \u2018Sardinete\u2019, el primer pesquero de su flota, que se encuentra anclado en un puerto marroqu\u00ed. <\/strong>En su viaje de Cantabria a Marruecos, la acompa\u00f1ar\u00e1n su hija Bego\u00f1a (Michelle Jenner) y el \u2018ex\u2019 de esta, Guillermo (Juli\u00e1n L\u00f3pez), desesperado por recuperar su amor. Entre choques culturales descubrir\u00e1n adem\u00e1s el gran secreto de Jos\u00e9 Mar\u00eda: Hamida (Mar\u00eda Ramos), su otra hija.<\/p>\n","protected":false},"excerpt":{"rendered":"Netflix sigue ampliando su cat\u00e1logo de pel\u00edculas y series con el estreno de producciones externas. El pasado viernes&hellip;\n","protected":false},"author":2,"featured_media":254223,"comment_status":"","ping_status":"","sticky":false,"template":"","format":"standard","meta":{"footnotes":""},"categories":[169],"tags":[177,146,147,25,24,176,175,23],"class_list":{"0":"post-254222","1":"post","2":"type-post","3":"status-publish","4":"format-standard","5":"has-post-thumbnail","7":"category-cine","8":"tag-cine","9":"tag-entertainment","10":"tag-entretenimiento","11":"tag-es","12":"tag-espana","13":"tag-film","14":"tag-movies","15":"tag-spain"},"share_on_mastodon":{"url":"https:\/\/pubeurope.com\/@es\/115607741959997352","error":""},"_links":{"self":[{"href":"https:\/\/www.europesays.com\/es\/wp-json\/wp\/v2\/posts\/254222","targetHints":{"allow":["GET"]}}],"collection":[{"href":"https:\/\/www.europesays.com\/es\/wp-json\/wp\/v2\/posts"}],"about":[{"href":"https:\/\/www.europesays.com\/es\/wp-json\/wp\/v2\/types\/post"}],"author":[{"embeddable":true,"href":"https:\/\/www.europesays.com\/es\/wp-json\/wp\/v2\/users\/2"}],"replies":[{"embeddable":true,"href":"https:\/\/www.europesays.com\/es\/wp-json\/wp\/v2\/comments?post=254222"}],"version-history":[{"count":0,"href":"https:\/\/www.europesays.com\/es\/wp-json\/wp\/v2\/posts\/254222\/revisions"}],"wp:featuredmedia":[{"embeddable":true,"href":"https:\/\/www.europesays.com\/es\/wp-json\/wp\/v2\/media\/254223"}],"wp:attachment":[{"href":"https:\/\/www.europesays.com\/es\/wp-json\/wp\/v2\/media?parent=254222"}],"wp:term":[{"taxonomy":"category","embeddable":true,"href":"https:\/\/www.europesays.com\/es\/wp-json\/wp\/v2\/categories?post=254222"},{"taxonomy":"post_tag","embeddable":true,"href":"https:\/\/www.europesays.com\/es\/wp-json\/wp\/v2\/tags?post=254222"}],"curies":[{"name":"wp","href":"https:\/\/api.w.org\/{rel}","templated":true}]}}