{"id":254224,"date":"2025-11-25T01:28:10","date_gmt":"2025-11-25T01:28:10","guid":{"rendered":"https:\/\/www.europesays.com\/es\/254224\/"},"modified":"2025-11-25T01:28:10","modified_gmt":"2025-11-25T01:28:10","slug":"no-soy-nada-supersticioso-aunque-se-piense-lo-contrario","status":"publish","type":"post","link":"https:\/\/www.europesays.com\/es\/254224\/","title":{"rendered":"No soy nada supersticioso, aunque se piense lo contrario"},"content":{"rendered":"<p data-mrf-recirculation=\"Links P\u00e1rrafos\" class=\"ue-c-article__paragraph paragraph ue-c-article--first-letter-highlighted\">L<strong>a semana pasada, por primera vez con p\u00fablico, Jorge Valdano<\/strong>, un tipo que domina la escena hasta el punto de haber acu\u00f1ado lo de &#8216;miedo esc\u00e9nico&#8217; y que es capaz de hacer una entrevista de m\u00e1s de una hora sin mirar un solo papel, tuvo como invitado por primera vez a alguien ajeno al deporte que lo encumbr\u00f3. Su interlocutor era <strong><a href=\"https:\/\/www.marca.com\/premios\/adn\/2025\/11\/24\/rafa-nadal-adn-puro-querido-deporte-espanol.html\" rel=\"nofollow noopener\" target=\"_blank\">Rafa Nadal<\/a><\/strong>, que abord\u00f3 los temas de su vida, sus pensamientos y un par de regates futbol\u00edsticos.<\/p>\n<p data-mrf-recirculation=\"Links P\u00e1rrafos\" class=\"ue-c-article__paragraph paragraph\"><strong>El campe\u00f3n de 22 torneos de Grand Slam dijo haber ganado \u00abtranquilidad\u00bb desde su retirada<\/strong>, pero no por una agenda que sigue siendo fren\u00e9tica <strong>&#8211;<a href=\"https:\/\/www.marca.com\/premios\/2025\/11\/24\/deporte-nuestro-adn.html\" rel=\"nofollow noopener\" target=\"_blank\">a la hora de emitirse el programa se encontraba en la Gala de MARCA<\/a>&#8211;<\/strong> sino porque \u00abno tienes la responsabilidad diaria que te exige rendir. Esto muchas veces te desgasta y terminas siendo no todo lo feliz que deber\u00eda ser alguien tan afortunado como yo\u00bb.<\/p>\n<p data-mrf-recirculation=\"Links P\u00e1rrafos\" class=\"ue-c-article__paragraph paragraph\"><strong>Cada reflexi\u00f3n del tenista encerraba una reflexi\u00f3n \u00fatil. \u00abApur\u00e9 mis opciones de ser competitivo hasta el final.<\/strong> Y eso me dio el convencimiento de que ten\u00eda que tomar esa decisi\u00f3n. El tanque ya estaba sin nada. Para m\u00ed si ten\u00eda sentido. No me retir\u00e9 cansado del tenis o sin motivaci\u00f3n, pero el cuerpo no daba para m\u00e1s. Podr\u00eda competir pero no al nivel que yo estaba acostumbrado\u00bb.<\/p>\n<p data-mrf-recirculation=\"Links P\u00e1rrafos\" class=\"ue-c-article__paragraph paragraph\"><strong>El centenar de gente que llen\u00f3 el hall del Edificio Telef\u00f3nica de Gran V\u00eda en Madrid<\/strong> aplaudi\u00f3 frases como \u00abno he hecho grandes sacrificios por el tenis en mi vida, sino grandes esfuerzos\u00bb, \u00abintent\u00e9 ser yo mismo y nunca me consider\u00e9 nada especial\u00bb, \u00abnunca perd\u00ed el foco\u00bb, \u00abel m\u00e1s autocr\u00edtico fui yo\u00bb o secretos que derrochan humanidad como el reconocer que cuando levant\u00f3 partidos imposibles, como la final contra Medvedev en Australia, \u00abclaro que pensaba que pod\u00eda perder. Pero nunca me dejaba ir\u00bb. \u00abEso es entender el deporte\u00bb, apuntill\u00f3 Valdano. \u00abIntentar dar tu m\u00e1ximo, a\u00fan sabiendo que vas a perder\u00bb.<\/p>\n<p data-mrf-recirculation=\"Links P\u00e1rrafos\" class=\"ue-c-article__paragraph paragraph\"><strong>Apareci\u00f3 la rivalidad actual de Alcaraz y Sinner, a lo que Nadal apostill\u00f3 que quiz\u00e1s en lo \u00fanico que les han podido influir<\/strong> es \u00aben haber contribuido que se puede ser el m\u00e1s fiero rival sin perder la amistad\u00bb. La convivencia del &#8216;Big Three?, Federer, Djokovic y Rafa, les hizo mejores. \u00abporque en nuestra \u00e9poca cuando llegamos, Sampras era el que m\u00e1s grandes ten\u00eda con 14. Si no hubiesemos estado los tres, a lo mejor al llegar a lo m\u00e1ximo se hubiese frenado. Pero estando los tres no hab\u00eda margen para la relajaci\u00f3n. Por eso acabamos en 24, bueno, de momento, 22 y 20\u00bb.<\/p>\n<p data-mrf-recirculation=\"Links P\u00e1rrafos\" class=\"ue-c-article__paragraph paragraph\"><strong>Uno de los comentarios m\u00e1s extendidos en las tertulias de amigos siempre fue su rutina previa al saque<\/strong>, el alinear las botellas en la silla de juego&#8230; Rafa revel\u00f3 que no es supersticioso. \u00abCasi nada. Y fuera del tenis no tengo ni rutinas. Pero el tenis te exige concentraci\u00f3n en todo momento. Casi cada d\u00eda sales pensando que cada noche puedes estar volando a casa. Lo hac\u00eda para tomarme mi tiempo. Intent\u00e9 reducir ese protocolo, pero como no me iba mal&#8230;\u00bb<\/p>\n<p data-mrf-recirculation=\"Links P\u00e1rrafos\" class=\"ue-c-article__paragraph paragraph\"><strong>\u00ab\u00bfEn qu\u00e9 ha cambiado el tenis desde que comenz\u00f3 a ahora?\u00bb, interrog\u00f3 el campe\u00f3n del mundo de 1986.<\/strong> \u00abAhora se golpea m\u00e1s fuerte\u00bb, apunt\u00f3 Nadal mientras revelaba que \u00e9l no creci\u00f3 con el caudal de estad\u00edsticas que se manejan ahora. \u00abEl conocimiento es poder, pero yo s\u00f3lo quer\u00eda la informaci\u00f3n justita. Siempre fui m\u00e1s de la intuici\u00f3n. A Federer le pasaba igual, jugaba por sensaciones\u00bb.<\/p>\n<p data-mrf-recirculation=\"Links P\u00e1rrafos\" class=\"ue-c-article__paragraph paragraph\"><strong>En esa l\u00ednea, reivindic\u00f3 el papel de los entrenadores de club de alguna manera.<\/strong> \u00abLos j\u00f3venes tienen que entender que por mucho que yo sea Rafa Nadal no les va a decir m\u00e1s cosas que un entrenador que se desviva por ellos. Nosotros podr\u00edamos ser buenos ayudantes, pero no podemos vivir con la necesidad que ellos necesitan. Yo ahora necesito pausa, son esos entrenadores los que ofrecen la vocaci\u00f3n diaria\u00bb.<\/p>\n<p data-mrf-recirculation=\"Links P\u00e1rrafos\" class=\"ue-c-article__paragraph paragraph\"><strong>Sobre su futuro no fue m\u00e1s all\u00e1 de los proyectos que ahora le ocupan -las academias que est\u00e1n abriendo por el mundo<\/strong>, la ayuda en la Fundaci\u00f3n&#8230;- \u00abno tengo una gran ambici\u00f3n federativa\u00bb, advirti\u00f3. Pero ten\u00eda que salir la pregunta de su relaci\u00f3n con el Real Madrid. \u00abAhora tienen al mejor\u00bb, respondi\u00f3 sobre el deseo de ser en un futuro presidente del Real Madrid. \u00abNo se sabe. A nivel conceptual, pues es algo que tiene que ser precioso. \u00bfPero qu\u00e9 significa eso? Pues que de plante\u00e1rmelo tendr\u00eda que hacerlo cuando est\u00e9 preparado. En parte me gustar\u00eda que se diese el caso de que me lo pudiese plantear, pero no s\u00e9\u00bb.<\/p>\n<p data-mrf-recirculation=\"Links P\u00e1rrafos\" class=\"ue-c-article__paragraph paragraph\"><strong>Tambien tir\u00f3 de dejada para responder al \u00fanico tema controvertido que encontr\u00f3 en la charla: la relaci\u00f3n Xabi Alonso-Vinicius. <\/strong>\u00abPienso que se ha manejado bien. Se arregla hablando desde el entendimiento. Vinicius tiene que entender qui\u00e9n es la autoridad. Son cosas que se pueden corregir desde el di\u00e1logo. El primero que debe explotar la mejora y la rivalidad en su puesto es Vinicius porque necesita aliados potentes\u00bb.<\/p>\n","protected":false},"excerpt":{"rendered":"La semana pasada, por primera vez con p\u00fablico, Jorge Valdano, un tipo que domina la escena hasta el&hellip;\n","protected":false},"author":2,"featured_media":254225,"comment_status":"","ping_status":"","sticky":false,"template":"","format":"standard","meta":{"footnotes":""},"categories":[93],"tags":[168,25,24,23,167],"class_list":{"0":"post-254224","1":"post","2":"type-post","3":"status-publish","4":"format-standard","5":"has-post-thumbnail","7":"category-deportes","8":"tag-deportes","9":"tag-es","10":"tag-espana","11":"tag-spain","12":"tag-sports"},"share_on_mastodon":{"url":"https:\/\/pubeurope.com\/@es\/115607745724625035","error":""},"_links":{"self":[{"href":"https:\/\/www.europesays.com\/es\/wp-json\/wp\/v2\/posts\/254224","targetHints":{"allow":["GET"]}}],"collection":[{"href":"https:\/\/www.europesays.com\/es\/wp-json\/wp\/v2\/posts"}],"about":[{"href":"https:\/\/www.europesays.com\/es\/wp-json\/wp\/v2\/types\/post"}],"author":[{"embeddable":true,"href":"https:\/\/www.europesays.com\/es\/wp-json\/wp\/v2\/users\/2"}],"replies":[{"embeddable":true,"href":"https:\/\/www.europesays.com\/es\/wp-json\/wp\/v2\/comments?post=254224"}],"version-history":[{"count":0,"href":"https:\/\/www.europesays.com\/es\/wp-json\/wp\/v2\/posts\/254224\/revisions"}],"wp:featuredmedia":[{"embeddable":true,"href":"https:\/\/www.europesays.com\/es\/wp-json\/wp\/v2\/media\/254225"}],"wp:attachment":[{"href":"https:\/\/www.europesays.com\/es\/wp-json\/wp\/v2\/media?parent=254224"}],"wp:term":[{"taxonomy":"category","embeddable":true,"href":"https:\/\/www.europesays.com\/es\/wp-json\/wp\/v2\/categories?post=254224"},{"taxonomy":"post_tag","embeddable":true,"href":"https:\/\/www.europesays.com\/es\/wp-json\/wp\/v2\/tags?post=254224"}],"curies":[{"name":"wp","href":"https:\/\/api.w.org\/{rel}","templated":true}]}}