{"id":254230,"date":"2025-11-25T01:31:17","date_gmt":"2025-11-25T01:31:17","guid":{"rendered":"https:\/\/www.europesays.com\/es\/254230\/"},"modified":"2025-11-25T01:31:17","modified_gmt":"2025-11-25T01:31:17","slug":"el-porsche-911-gt3-gana-casi-tres-segundos-en-nurburgring","status":"publish","type":"post","link":"https:\/\/www.europesays.com\/es\/254230\/","title":{"rendered":"El Porsche 911 GT3 gana casi tres segundos en N\u00fcrburgring"},"content":{"rendered":"<p data-start=\"665\">Porsche ha presentado el Kit Manthey para el 911 GT3 (992.2), un paquete de mejoras orientado al uso en circuito que optimiza la aerodin\u00e1mica, la suspensi\u00f3n y los frenos del deportivo. Seg\u00fan la marca, el 911 GT3 asociado a este kit complet\u00f3 el trazado de N\u00fcrburgring Nordschleife en 6:52,981 minutos, lo que supone una mejora de 2,76 segundos respecto a la generaci\u00f3n anterior equipada con el mismo kit.<\/p>\n<p data-start=\"1125\">El Kit Manthey aumenta la carga aerodin\u00e1mica de serie del 911 GT3 hasta 540 kilogramos a 285 km\/h en su configuraci\u00f3n de circuito, frente a los 355 kilogramos en la versi\u00f3n homologada para carretera. Entre las modificaciones se incluyen un difusor trasero ampliado, aler\u00f3n con flap Gurney, labio del spoiler delantero redise\u00f1ado, deflectores inferiores alargados y aerodiscs en las ruedas traseras, todos con el objetivo de optimizar el flujo de aire y la estabilidad a alta velocidad.<\/p>\n<p data-start=\"1614\">La suspensi\u00f3n se ha adaptado para trackdays, con amortiguadores regulables en compresi\u00f3n y extensi\u00f3n y muelles con mayor rigidez, mientras que opcionalmente se ofrecen llantas forjadas ligeras y pastillas de freno de competici\u00f3n. La combinaci\u00f3n de estos elementos est\u00e1 dise\u00f1ada para aumentar el agarre en curva y mejorar la respuesta en situaciones de alta exigencia.<\/p>\n<p><strong>Opciones de personalizaci\u00f3n y disponibilidad del Kit Manthey<\/strong><br \/>El Kit Manthey tambi\u00e9n incluye opciones de personalizaci\u00f3n est\u00e9tica, como umbrales de puertas de carbono con logotipo iluminado, aerodiscs de colores y argollas de enganche para circuito. Los componentes est\u00e1n disponibles en los Centros Porsche de todo el mundo y su instalaci\u00f3n mantiene la garant\u00eda de f\u00e1brica del 911 GT3.<\/p>\n<p data-start=\"2312\">Seg\u00fan Porsche y Manthey, el kit estuvo desarrollado mediante pruebas en t\u00fanel de viento y kil\u00f3metros de test en varios circuitos europeos. El kit estar\u00e1 disponible a partir de marzo de 2026 a un precio desde 41.911 euros, sin incluir IVA e instalaci\u00f3n.<\/p>\n<p><img decoding=\"async\" src=\"https:\/\/www.europesays.com\/es\/wp-content\/uploads\/2025\/11\/img_16.jpg\" alt=\"img 16\" width=\"1000\" height=\"629\" class=\"img-100\"   loading=\"lazy\"\/><\/p>\n<p><img decoding=\"async\" src=\"https:\/\/www.europesays.com\/es\/wp-content\/uploads\/2025\/11\/img_10.jpg\" alt=\"img 10\" width=\"1000\" height=\"634\" class=\"img-100\"   loading=\"lazy\"\/><\/p>\n<p><img decoding=\"async\" src=\"https:\/\/www.europesays.com\/es\/wp-content\/uploads\/2025\/11\/img_12.jpg\" alt=\"img 12\" width=\"1000\" height=\"542\" class=\"img-100\"   loading=\"lazy\"\/><\/p>\n<p><img decoding=\"async\" src=\"https:\/\/www.europesays.com\/es\/wp-content\/uploads\/2025\/11\/img_11.jpg\" alt=\"img 11\" width=\"3279\" height=\"2106\" class=\"img-100\"   loading=\"lazy\"\/><\/p>\n<p><img decoding=\"async\" src=\"https:\/\/www.europesays.com\/es\/wp-content\/uploads\/2025\/11\/img_14.jpg\" alt=\"img 14\" width=\"1000\" height=\"582\" class=\"img-100\"   loading=\"lazy\"\/><\/p>\n<p><img decoding=\"async\" src=\"https:\/\/www.europesays.com\/es\/wp-content\/uploads\/2025\/11\/img_8.jpg\" alt=\"img 8\" width=\"1000\" height=\"638\" class=\"img-100\"   loading=\"lazy\"\/><\/p>\n<p><img decoding=\"async\" src=\"https:\/\/www.europesays.com\/es\/wp-content\/uploads\/2025\/11\/img_13.jpg\" alt=\"img 13\" width=\"1000\" height=\"563\" class=\"img-100\"   loading=\"lazy\"\/><\/p>\n<p><img decoding=\"async\" src=\"https:\/\/www.europesays.com\/es\/wp-content\/uploads\/2025\/11\/img_9.jpg\" alt=\"img 9\" width=\"1000\" height=\"599\" class=\"img-100\"   loading=\"lazy\"\/><\/p>\n<p><img decoding=\"async\" src=\"https:\/\/www.europesays.com\/es\/wp-content\/uploads\/2025\/11\/img_7.jpg\" alt=\"img 7\" width=\"1000\" height=\"594\" class=\"img-100\"   loading=\"lazy\"\/><\/p>\n","protected":false},"excerpt":{"rendered":"Porsche ha presentado el Kit Manthey para el 911 GT3 (992.2), un paquete de mejoras orientado al uso&hellip;\n","protected":false},"author":2,"featured_media":254231,"comment_status":"","ping_status":"","sticky":false,"template":"","format":"standard","meta":{"footnotes":""},"categories":[81],"tags":[119,123,124,25,24,117,121,122,23,118,120],"class_list":{"0":"post-254230","1":"post","2":"type-post","3":"status-publish","4":"format-standard","5":"has-post-thumbnail","7":"category-ciencia-y-tecnologia","8":"tag-ciencia","9":"tag-ciencia-y-tecnologia","10":"tag-cienciaytecnologia","11":"tag-es","12":"tag-espana","13":"tag-science","14":"tag-science-and-technology","15":"tag-scienceandtechnology","16":"tag-spain","17":"tag-technology","18":"tag-tecnologia"},"share_on_mastodon":{"url":"https:\/\/pubeurope.com\/@es\/115607757913736767","error":""},"_links":{"self":[{"href":"https:\/\/www.europesays.com\/es\/wp-json\/wp\/v2\/posts\/254230","targetHints":{"allow":["GET"]}}],"collection":[{"href":"https:\/\/www.europesays.com\/es\/wp-json\/wp\/v2\/posts"}],"about":[{"href":"https:\/\/www.europesays.com\/es\/wp-json\/wp\/v2\/types\/post"}],"author":[{"embeddable":true,"href":"https:\/\/www.europesays.com\/es\/wp-json\/wp\/v2\/users\/2"}],"replies":[{"embeddable":true,"href":"https:\/\/www.europesays.com\/es\/wp-json\/wp\/v2\/comments?post=254230"}],"version-history":[{"count":0,"href":"https:\/\/www.europesays.com\/es\/wp-json\/wp\/v2\/posts\/254230\/revisions"}],"wp:featuredmedia":[{"embeddable":true,"href":"https:\/\/www.europesays.com\/es\/wp-json\/wp\/v2\/media\/254231"}],"wp:attachment":[{"href":"https:\/\/www.europesays.com\/es\/wp-json\/wp\/v2\/media?parent=254230"}],"wp:term":[{"taxonomy":"category","embeddable":true,"href":"https:\/\/www.europesays.com\/es\/wp-json\/wp\/v2\/categories?post=254230"},{"taxonomy":"post_tag","embeddable":true,"href":"https:\/\/www.europesays.com\/es\/wp-json\/wp\/v2\/tags?post=254230"}],"curies":[{"name":"wp","href":"https:\/\/api.w.org\/{rel}","templated":true}]}}