{"id":254233,"date":"2025-11-25T01:33:13","date_gmt":"2025-11-25T01:33:13","guid":{"rendered":"https:\/\/www.europesays.com\/es\/254233\/"},"modified":"2025-11-25T01:33:13","modified_gmt":"2025-11-25T01:33:13","slug":"adios-a-los-eurofighter-francia-da-la-espalda-a-espana-que-se-queda-fuera-de-un-contrato-historico","status":"publish","type":"post","link":"https:\/\/www.europesays.com\/es\/254233\/","title":{"rendered":"Adi\u00f3s a los Eurofighter: Francia da la espalda a Espa\u00f1a, que se queda fuera de un contrato hist\u00f3rico"},"content":{"rendered":"<p class=\"\">Un contrato para construir <b>100 cazas para Ucrania.<\/b> Es lo que se firm\u00f3 en Par\u00eds la semana pasada. El presidente de Francia y el de Ucrania acordaron que el pa\u00eds galo suministrar\u00eda 100 aeronaves hechas por <a href=\"https:\/\/www.dassault-aviation.com\/en\/\" target=\"_self\" rel=\"nofollow noopener\" title=\"https:\/\/www.dassault-aviation.com\/en\/\">Dassault,<\/a> quienes fabrican los<b> Rafale<\/b>, 90 pa\u00edses tiene ya versiones de todo tipo de sus modelos.<\/p>\n<p class=\"\">Espa\u00f1a, que participa en los programas <b>Eurofighter y FCAS<\/b>, se<b> <\/b>queda como mero espectador en un movimiento que favorece a Francia a todos los niveles, al menos de momento. Igualmente se queda fuera Alemania, o Italia, o la n\u00f3rdica SAAB. La famosa \u201cautonom\u00eda estrat\u00e9gica europea\u201d de la que hablan en todas las empresa del sector ha quedado relegada a un segundo plano.<\/p>\n<p><img decoding=\"async\" src=\"https:\/\/www.europesays.com\/es\/wp-content\/uploads\/2025\/11\/Q3HRH74JIRIWFHOOVIMDUPM6TI.jpg\" alt=\"Adi\u00f3s a los Eurofighter: Francia da la espalda a Espa\u00f1a, que se queda fuera de un contrato hist\u00f3rico\" height=\"2441\" width=\"3662\"   loading=\"lazy\"\/>Emmanuel Macron recibe en El El\u00edseo a Volodimir Zelenski hace una semana.Sarah Meyssonnier<\/p>\n<p class=\"\">El proyecto franc\u00e9s, que se firm\u00f3 con el presidente de Ucrania hace una semana en <b>El El\u00edseo,<\/b> es <b>para dentro de 10 a\u00f1os<\/b>. Los aviones a\u00fan no est\u00e1n construidos y Ucrania a\u00fan no tiene la financiaci\u00f3n. Entre las primeras consecuencias, aunque oficialmente nadie lo ha dicho en voz alta, la fractura en Europa es grande. Francia ha actuado en solitario, y ning\u00fan mecanismo europeo lo puede impedir. El resto de pa\u00edses se queda fuera. Ni siquiera se ha apostado por el <b>Future Combat Air System (FCAS), el caza europeo de nueva generaci\u00f3n.<\/b><\/p>\n<p class=\"\"><b>El precio de los Rafale var\u00eda<\/b>, uno \u201cb\u00e1sico\u201d cuesta entre 80 y 100 millones de euros, pero con todo el paquete completo puede superar los 200-250 millones \u20ac por avi\u00f3n. El<b> <\/b>Rafale C (monoplaza), B (biplaza), M (naval para portaaviones) tambi\u00e9n var\u00eda el precio. Entre las opciones a elegir: misiles Meteor, SCALP, sistemas SPECTRA, entrenamiento, infraestructura, y millones por contratos de mantenimiento y soporte.<\/p>\n<p>Por qu\u00e9 Kiev ha elegido a Francia<\/p>\n<p class=\"\"><b>Varios motivos han hecho que Zelenski haya firmado con Francia,<\/b> desde la propuesta del propio Macron, su eficacia a nivel diplom\u00e1tico, el respaldo de su industria, la velocidad en la entrega de cazas (mientras se habla de la firma del tratado de paz 10 a\u00f1os se antojan realmente lejanos), sin olvidar que Francia es uno de los aliados m\u00e1s fuertes dentro de la Uni\u00f3n Europea (habr\u00e1 elecciones en 2027, si no ocurre nada extraordinario antes).<\/p>\n<p>Noticias relacionadas<a href=\"https:\/\/as.com\/actualidad\/politica\/juan-bengoechea-piloto-de-eurofighter-es-mas-duro-que-te-pidan-un-dia-libre-que-mandar-a-alguien-a-jugarse-la-vida-f202510-n\/\" class=\"s_m_w\" title=\"El comandante del Ala 14 nos cuenta a Diario AS que \u201ccuando trabajamos con otros pa\u00edses, nos damos cuenta de que somos igual de buenos. Tenemos que empezar a cre\u00e9rnoslo\u201d.\" data-tb-link=\"\" rel=\"nofollow noopener\" target=\"_blank\"><img decoding=\"async\" src=\"https:\/\/www.europesays.com\/es\/wp-content\/uploads\/2025\/11\/KFQJZ5VGWJF4LBOEHJOTOYSHNQ.JPG\" alt=\"Juan Bengoechea, piloto de Eurofighter: \u201cMa\u00f1ana mismo, cualquier misi\u00f3n, sea lo que sea, estamos listos\u201d\" class=\"\" height=\"9\" width=\"16\"   loading=\"lazy\" data-tb-thumbnail=\"\"\/><\/a><a href=\"https:\/\/as.com\/actualidad\/politica\/ni-eurofighter-ni-rafale-espana-lanza-su-gran-apuesta-militar-aerea-de-sexta-generacion-con-fecha-limite-2040-n\/\" class=\"s_m_w\" title=\"El Futuro Sistema A\u00e9reo de Combate (FCAS) une a Espa\u00f1a, Francia y Alemania en una apuesta por la soberan\u00eda tecnol\u00f3gica europea. \" data-tb-link=\"\" rel=\"nofollow noopener\" target=\"_blank\"><img decoding=\"async\" src=\"https:\/\/www.europesays.com\/es\/wp-content\/uploads\/2025\/11\/MNVREEILX5C2ZGXGSC3T62OXWE.jpg\" alt=\"Ni Eurofighter ni Rafale: Espa\u00f1a lanza su gran apuesta militar a\u00e9rea de sexta generaci\u00f3n con fecha l\u00edmite 2040\" class=\"\" height=\"9\" width=\"16\"   loading=\"lazy\" data-tb-thumbnail=\"\"\/><\/a><\/p>\n<p class=\"\">Espa\u00f1a se queda fuera en un momento en que la<b> industria espa\u00f1ola de Defensa<\/b> tambi\u00e9n se ve condicionada por los retrasos, desde el<b> 8X8 Dragon<\/b> que hasta la ministra de Defensa, Margarita Robles, pregunt\u00f3 a Indra qu\u00e9 estaba pasando, o el caso de los<b> submarinos de Navantia<\/b>, que tambi\u00e9n llevan retraso (India y Canad\u00e1 dijeron no a la propuesta espa\u00f1ola este a\u00f1o).<\/p>\n<p class=\"\"><b>\u00a1Tus opiniones importan!<\/b> Comenta en los art\u00edculos y suscr\u00edbete gratis a nuestra <a href=\"https:\/\/asfan.as.com\/newsletters\/\" target=\"_blank\" rel=\"nofollow noopener\" title=\"https:\/\/asfan.as.com\/newsletters\/\">newsletter<\/a> y a las alertas informativas en la <a href=\"https:\/\/as.com\/aplicacion-de-as-n\/\" target=\"_blank\" rel=\"nofollow noopener\" title=\"https:\/\/as.com\/aplicacion-de-as-n\/\">App<\/a> o el canal de <a href=\"https:\/\/www.whatsapp.com\/channel\/0029VaAasdA7j6g745nz9M10\" target=\"_blank\" rel=\"nofollow noopener\" title=\"https:\/\/www.whatsapp.com\/channel\/0029VaAasdA7j6g745nz9M10\">WhatsApp<\/a>. \u00bfBuscas licenciar contenido? Haz clic <a href=\"https:\/\/profesional.elpais.com\/soluciones-sindicacion?utm_medium=interno&amp;utm_source=crosslinking&amp;utm_campaign=sindicacion_as_pie_articulos\" target=\"_blank\" rel=\"nofollow noopener\" title=\"https:\/\/profesional.elpais.com\/soluciones-sindicacion?utm_medium=interno&amp;utm_source=crosslinking&amp;utm_campaign=sindicacion_as_pie_articulos\">aqu\u00ed<\/a><\/p>\n","protected":false},"excerpt":{"rendered":"Un contrato para construir 100 cazas para Ucrania. Es lo que se firm\u00f3 en Par\u00eds la semana pasada.&hellip;\n","protected":false},"author":2,"featured_media":254234,"comment_status":"","ping_status":"","sticky":false,"template":"","format":"standard","meta":{"footnotes":""},"categories":[42],"tags":[17,18,13,14,11,61,62,63,64,19,20,9,10,15,16,12,21,22,65,66,67],"class_list":{"0":"post-254233","1":"post","2":"type-post","3":"status-publish","4":"format-standard","5":"has-post-thumbnail","7":"category-internacional","8":"tag-breaking-news","9":"tag-breakingnews","10":"tag-featured-news","11":"tag-featurednews","12":"tag-headlines","13":"tag-internacional","14":"tag-international","15":"tag-international-news","16":"tag-internationalnews","17":"tag-latest-news","18":"tag-latestnews","19":"tag-news","20":"tag-noticias","21":"tag-noticias-destacadas","22":"tag-noticiasdestacadas","23":"tag-titulares","24":"tag-ultimas-noticias","25":"tag-ultimasnoticias","26":"tag-world","27":"tag-world-news","28":"tag-worldnews"},"share_on_mastodon":{"url":"https:\/\/pubeurope.com\/@es\/115607765569396509","error":""},"_links":{"self":[{"href":"https:\/\/www.europesays.com\/es\/wp-json\/wp\/v2\/posts\/254233","targetHints":{"allow":["GET"]}}],"collection":[{"href":"https:\/\/www.europesays.com\/es\/wp-json\/wp\/v2\/posts"}],"about":[{"href":"https:\/\/www.europesays.com\/es\/wp-json\/wp\/v2\/types\/post"}],"author":[{"embeddable":true,"href":"https:\/\/www.europesays.com\/es\/wp-json\/wp\/v2\/users\/2"}],"replies":[{"embeddable":true,"href":"https:\/\/www.europesays.com\/es\/wp-json\/wp\/v2\/comments?post=254233"}],"version-history":[{"count":0,"href":"https:\/\/www.europesays.com\/es\/wp-json\/wp\/v2\/posts\/254233\/revisions"}],"wp:featuredmedia":[{"embeddable":true,"href":"https:\/\/www.europesays.com\/es\/wp-json\/wp\/v2\/media\/254234"}],"wp:attachment":[{"href":"https:\/\/www.europesays.com\/es\/wp-json\/wp\/v2\/media?parent=254233"}],"wp:term":[{"taxonomy":"category","embeddable":true,"href":"https:\/\/www.europesays.com\/es\/wp-json\/wp\/v2\/categories?post=254233"},{"taxonomy":"post_tag","embeddable":true,"href":"https:\/\/www.europesays.com\/es\/wp-json\/wp\/v2\/tags?post=254233"}],"curies":[{"name":"wp","href":"https:\/\/api.w.org\/{rel}","templated":true}]}}