{"id":254235,"date":"2025-11-25T01:34:09","date_gmt":"2025-11-25T01:34:09","guid":{"rendered":"https:\/\/www.europesays.com\/es\/254235\/"},"modified":"2025-11-25T01:34:09","modified_gmt":"2025-11-25T01:34:09","slug":"la-familia-pujol-pide-la-nulidad-del-juicio-y-se-aferra-a-la-teoria-de-la-operacion-cataluna-el-confidencial","status":"publish","type":"post","link":"https:\/\/www.europesays.com\/es\/254235\/","title":{"rendered":"La familia Pujol pide la nulidad del juicio y se aferra a la teor\u00eda de la operaci\u00f3n Catalu\u00f1a &#8211; El Confidencial"},"content":{"rendered":"<ol>\n<li><a href=\"https:\/\/news.google.com\/rss\/articles\/CBMiwAFBVV95cUxORlVScHVuaHB1SWlNRlpIUXRTZHJ3YmNLWGxUWEJxQWUwSlRaU0pMLTV0cUVEa0RlNXc4U3VsRmNWVDlzQTAtV1Q5YWZSaW9qbWxkMEMxc1l0bFZjOHFDSE44eXdMLVAyREhCcUVlUVpTNEhhZ2tIaklRNUNBdkZVVzFuQzl5VDVrdTNYT3VMcE83bDJISHhJYmQ0eXNRcENmVEYwWXVZRHNKbXNpLTNTRDBmUXg2LTV4TjVQbjYyYTg?oc=5\" target=\"_blank\" rel=\"nofollow noopener\">La familia Pujol pide la nulidad del juicio y se aferra a la teor\u00eda de la operaci\u00f3n Catalu\u00f1a<\/a>&nbsp;&nbsp;El Confidencial<\/li>\n<li><a href=\"https:\/\/news.google.com\/rss\/articles\/CBMiiAFBVV95cUxNLXZ1QlNjN1Jkcnl6NlpfWnFSbmM0X0pBelhsdGg1N29mc1BmVmkxV1NJdXZXSG96bXhQR1BPNjVtazF3OFJHeWI4eVFCUHlwbVVZbGlCV09vQXN3ZV8xWUpyUUNxdGpzbmd3LXByTThKSjVpdmJiSmFGRHktX0NZdFo1UWpxZVBB0gGIAUFVX3lxTFBsUUwyb05JR1Zkb1NGa3doYzhJNUNpWTIybk84bFRsUlJPV2FhWkZiOVV5endYeHQxRFJvV0pYUE85bHBJN3o2c0dBd2dUd1ZJWlBydy1sZEZHY0pNRkUyMlZHY1lFQzkyNWZuaVZJdEhDUC04dThnYzJONUtBN2F5dE50QkRUMXo?oc=5\" target=\"_blank\" rel=\"nofollow noopener\">El legado de Pujol, al desnudo<\/a>&nbsp;&nbsp;El Mundo<\/li>\n<li><a href=\"https:\/\/news.google.com\/rss\/articles\/CBMihwFBVV95cUxPTGVCblpQbHZfWlFKanlhclk1QlliRFhib0NvMlgtMlpKWUNHVG1SLUJTTDJiVFQwUGJ2aGF6VWI2MHBUd3M2QlpTOWM2SFAtT3JTWDJaMkFabkFCV3EzcXJVYlpwY0RvTGhHVWpISWp0X2lHRWlTc3dCbjBVSngyUy11ZWV4Y3M?oc=5\" target=\"_blank\" rel=\"nofollow noopener\">Pujol y el doctor ChatGPT, por Isabel Garcia Pagan<\/a>&nbsp;&nbsp;La Vanguardia<\/li>\n<li><a href=\"https:\/\/news.google.com\/rss\/articles\/CBMizwFBVV95cUxNSXFtODY0azZiYXpzVXQ5R3lvUU02STJEbzRDTlFaNnlOa0V1RHJhMmgtQk5RdFNVMkNjQmlOU01JMkVfT3dmVFRDbEVVNFlPM1R0eEg0V0ZCX3N5SkhKTS1DTkVzcFowV20xb2NneDZzUzVlMWV1UmxUdzlYVFF5QWpsZ1FzMVN5ZDBISklnWmVsYzkyWEdZdWVRQVJFYzk1aXdmSGhGSEQyQ3YxakUxQklaSmNxNFNDTFN4QjVIYWJpUnZaNW1zNnVlRkY4c0U?oc=5\" target=\"_blank\" rel=\"nofollow noopener\">Los siete hijos de Jordi Pujol y Marta Ferrusola y su papel en el juicio<\/a>&nbsp;&nbsp;La Voz de Galicia<\/li>\n<li><a href=\"https:\/\/news.google.com\/rss\/articles\/CBMiswFBVV95cUxOWU0xdzhieUw2MERSMlNTSEE0ZHBpdE42OHZTeXFRRExvZXFPbFdmdzNBVjBGNHlEbUZMSld1T3ZhUE1UMXJVdElvUnQyOENtSWdDa2RxYTF2b1oxLUtqR0o5dm1lV3hNRnBab1BsbE9taFkzcDZXaXpxanFDZUxVNkFyLXpiY1JadWNRMjZNV2hFeGpvQXRiYXRXVk85WG1Kak9jemFfR3UtR0pjMFJsVDVfYw?oc=5\" target=\"_blank\" rel=\"nofollow noopener\">Los Pujol se aferran a posibles irregularidades de la \u00abpolic\u00eda patri\u00f3tica\u00bb para tratar de tumbar el juicio<\/a>&nbsp;&nbsp;ABC<\/li>\n<\/ol>\n","protected":false},"excerpt":{"rendered":"La familia Pujol pide la nulidad del juicio y se aferra a la teor\u00eda de la operaci\u00f3n Catalu\u00f1a&nbsp;&nbsp;El&hellip;\n","protected":false},"author":2,"featured_media":248356,"comment_status":"","ping_status":"","sticky":false,"template":"","format":"standard","meta":{"footnotes":""},"categories":[8],"tags":[17,18,25,24,13,14,11,19,20,9,10,15,16,23,12,21,22],"class_list":{"0":"post-254235","1":"post","2":"type-post","3":"status-publish","4":"format-standard","5":"has-post-thumbnail","7":"category-espana","8":"tag-breaking-news","9":"tag-breakingnews","10":"tag-es","11":"tag-espana","12":"tag-featured-news","13":"tag-featurednews","14":"tag-headlines","15":"tag-latest-news","16":"tag-latestnews","17":"tag-news","18":"tag-noticias","19":"tag-noticias-destacadas","20":"tag-noticiasdestacadas","21":"tag-spain","22":"tag-titulares","23":"tag-ultimas-noticias","24":"tag-ultimasnoticias"},"share_on_mastodon":{"url":"https:\/\/pubeurope.com\/@es\/115607769203500081","error":""},"_links":{"self":[{"href":"https:\/\/www.europesays.com\/es\/wp-json\/wp\/v2\/posts\/254235","targetHints":{"allow":["GET"]}}],"collection":[{"href":"https:\/\/www.europesays.com\/es\/wp-json\/wp\/v2\/posts"}],"about":[{"href":"https:\/\/www.europesays.com\/es\/wp-json\/wp\/v2\/types\/post"}],"author":[{"embeddable":true,"href":"https:\/\/www.europesays.com\/es\/wp-json\/wp\/v2\/users\/2"}],"replies":[{"embeddable":true,"href":"https:\/\/www.europesays.com\/es\/wp-json\/wp\/v2\/comments?post=254235"}],"version-history":[{"count":0,"href":"https:\/\/www.europesays.com\/es\/wp-json\/wp\/v2\/posts\/254235\/revisions"}],"wp:featuredmedia":[{"embeddable":true,"href":"https:\/\/www.europesays.com\/es\/wp-json\/wp\/v2\/media\/248356"}],"wp:attachment":[{"href":"https:\/\/www.europesays.com\/es\/wp-json\/wp\/v2\/media?parent=254235"}],"wp:term":[{"taxonomy":"category","embeddable":true,"href":"https:\/\/www.europesays.com\/es\/wp-json\/wp\/v2\/categories?post=254235"},{"taxonomy":"post_tag","embeddable":true,"href":"https:\/\/www.europesays.com\/es\/wp-json\/wp\/v2\/tags?post=254235"}],"curies":[{"name":"wp","href":"https:\/\/api.w.org\/{rel}","templated":true}]}}