{"id":254238,"date":"2025-11-25T01:40:26","date_gmt":"2025-11-25T01:40:26","guid":{"rendered":"https:\/\/www.europesays.com\/es\/254238\/"},"modified":"2025-11-25T01:40:26","modified_gmt":"2025-11-25T01:40:26","slug":"italia-imparable-en-copa-davis-campeon-por-tercer-ano-consecutivo-al-vencer-a-espana-por-2-0-sin-sinner-ni-musetti","status":"publish","type":"post","link":"https:\/\/www.europesays.com\/es\/254238\/","title":{"rendered":"Italia, imparable en Copa Davis: campe\u00f3n por tercer a\u00f1o consecutivo al vencer a Espa\u00f1a por 2-0 sin Sinner ni Musetti"},"content":{"rendered":"<p>      EFE<br \/>\n        \u00a0\u2014\u00a0<\/p>\n<p class=\"paragraph inline-placeholder vossi-paragraph\" data-uri=\"es.cms.cnn.com\/_components\/paragraph\/instances\/cmic38vu500dd26pg6dzyewsj@published\" data-editable=\"text\" data-component-name=\"paragraph\" data-article-gutter=\"true\">\n            La selecci\u00f3n italiana de tenis se coron\u00f3 campeona de la Copa Davis 2025 despu\u00e9s de la remontada de Flavio Cobolli ante Jaume Munar (1-6, 7-6 y 7-5) que decant\u00f3 la eliminatoria ante Espa\u00f1a (2-0).\n    <\/p>\n<p class=\"paragraph inline-placeholder vossi-paragraph\" data-uri=\"es.cms.cnn.com\/_components\/paragraph\/instances\/cmic47rnu00153j6oetwtgphz@published\" data-editable=\"text\" data-component-name=\"paragraph\" data-article-gutter=\"true\">\n            Italia logr\u00f3 el cuarto t\u00edtulo de su historia en un torneo que domin\u00f3 sin ceder un solo punto y en el que no pudo contar con sus dos mejores raquetas, Jannik Sinner y Lorenzo Musetti. Imperial el combinado de Filippo Volandri, que super\u00f3 antes de Espa\u00f1a a Austria y B\u00e9lgica.\n    <\/p>\n<p class=\"paragraph inline-placeholder vossi-paragraph\" data-uri=\"es.cms.cnn.com\/_components\/paragraph\/instances\/cmic47rnu00163j6or7lm7dxk@published\" data-editable=\"text\" data-component-name=\"paragraph\" data-article-gutter=\"true\">\n            No pudo Munar alargar la contienda al dobles. Lo intent\u00f3 el espa\u00f1ol, empe\u00f1ado en superar la m\u00e1xima presi\u00f3n en el mejor a\u00f1o de su carrera. Se pudo permitir creer en s\u00ed mismo porque ya alarg\u00f3 el duelo ante Rep\u00fablica Checa en los cuartos de final. La mejor baza espa\u00f1ola, pese a todo, cay\u00f3 con honor.\n    <\/p>\n<p class=\"paragraph inline-placeholder vossi-paragraph\" data-uri=\"es.cms.cnn.com\/_components\/paragraph\/instances\/cmic47rnu00173j6oswvjgra9@published\" data-editable=\"text\" data-component-name=\"paragraph\" data-article-gutter=\"true\">\n            Su partido fue brutal en el inicio. Superado solo al final por la situaci\u00f3n, peleando con su cansancio, con el p\u00fablico y con un Cobolli resucitado de la nada. Pero por mucho tiempo se convenci\u00f3 una vez m\u00e1s de sus posibilidades.\n    <\/p>\n<p class=\"paragraph inline-placeholder vossi-paragraph\" data-uri=\"es.cms.cnn.com\/_components\/paragraph\/instances\/cmic47rnu00183j6owks55oto@published\" data-editable=\"text\" data-component-name=\"paragraph\" data-article-gutter=\"true\">\n            Se midi\u00f3 ante el n\u00famero 1 de los italianos como n\u00famero 1 de la \u2018Armada\u2019. Dej\u00f3 de lado el \u2018ranking\u2019 (su puesto 36 por el 22 de su rival), el poqu\u00edsimo apoyo del que dispuso y el dominio reciente en este torneo de la \u2018Azzurra\u2019, campeona de las \u00faltimas tres ediciones, dos en Espa\u00f1a y esta en Italia.\n    <\/p>\n<p>       <img decoding=\"async\" src=\"https:\/\/www.europesays.com\/es\/wp-content\/uploads\/2025\/11\/gettyimages-2248100839-20251123191720184.jpg\" alt=\"Flavio Cobolli le dio a la selecci\u00f3n italiana el punto necesario para gritar campe\u00f3n ante Espa\u00f1a.\" class=\"image__dam-img image__dam-img--loading\" onload=\"this.classList.remove('image__dam-img--loading')\" onerror=\"imageLoadError(this)\" height=\"1413\" width=\"2120\" loading=\"lazy\"\/><\/p>\n<p class=\"paragraph inline-placeholder vossi-paragraph\" data-uri=\"es.cms.cnn.com\/_components\/paragraph\/instances\/cmic47rnu00193j6o4h7on6j8@published\" data-editable=\"text\" data-component-name=\"paragraph\" data-article-gutter=\"true\">\n            Su primera manga, como el \u2018tie-break\u2019 de Carre\u00f1o ante Struff o cualquiera de las exhibiciones de Granollers y Mart\u00ednez, pasar\u00e1 al recuerdo. Impecable. Se coloc\u00f3 con un 5-0 en un abrir y cerrar de ojos. En apenas 35 minutos, el set estaba en su poder, tras siete bolas de \u2018break\u2019 a su favor y ninguna en contra. Ah\u00ed, Espa\u00f1a ya empezaba a pensar en el dobles.\n    <\/p>\n<p class=\"paragraph inline-placeholder vossi-paragraph\" data-uri=\"es.cms.cnn.com\/_components\/paragraph\/instances\/cmic47rnu001a3j6o23ayn8ab@published\" data-editable=\"text\" data-component-name=\"paragraph\" data-article-gutter=\"true\">\n            Dej\u00f3 tambi\u00e9n puntos de fantas\u00eda. Como cuando con 30-30 y 0-1 a su favor sac\u00f3 un rev\u00e9s alto de espaldas desde el fondo de la pista, casi pegado a la grada, que coloc\u00f3 en la l\u00ednea contraria. Se meti\u00f3 en pista y sac\u00f3 una derecha abierta a la l\u00ednea. Rompi\u00f3 el juego. Debilit\u00f3 por completo a Cobolli.\n    <\/p>\n<p class=\"paragraph inline-placeholder vossi-paragraph\" data-uri=\"es.cms.cnn.com\/_components\/paragraph\/instances\/cmic47rnu001b3j6o1o7t8plz@published\" data-editable=\"text\" data-component-name=\"paragraph\" data-article-gutter=\"true\">\n            Finalizada esa primera manga con el terremoto espa\u00f1ol, la l\u00f3gica se instaur\u00f3 en Bolonia para desilusi\u00f3n de Munar, de Ferrer y de Espa\u00f1a. No porque Munar bajara el nivel, sino porque Cobolli despert\u00f3. Empez\u00f3 a jugar su partido. Perdi\u00f3 su servicio otra vez nada m\u00e1s empezar el set, pero evit\u00f3 que se le fuera definitivamente el partido de las manos con un quiebre en el juego siguiente.\n    <\/p>\n<p class=\"paragraph inline-placeholder vossi-paragraph\" data-uri=\"es.cms.cnn.com\/_components\/paragraph\/instances\/cmic47rnu001c3j6oucxlovhi@published\" data-editable=\"text\" data-component-name=\"paragraph\" data-article-gutter=\"true\">\n            Fue en un momento extra\u00f1o del partido. Estuvo parado el duelo varios minutos con 1-0 para Munar y 40-40 en la segunda manga por una atenci\u00f3n m\u00e9dica en la grada. En la reanudaci\u00f3n, salv\u00f3 dos bolas de quiebre Munar, pero encaj\u00f3 el \u2018break\u2019 a la tercera.\n    <\/p>\n<p class=\"paragraph inline-placeholder vossi-paragraph\" data-uri=\"es.cms.cnn.com\/_components\/paragraph\/instances\/cmic47rnu001d3j6ogpdih6ut@published\" data-editable=\"text\" data-component-name=\"paragraph\" data-article-gutter=\"true\">\n            A Cobolli, por un momento, se le vieron algunas costuras f\u00edsicas. Una volea desde la red con 5-4 a su favor lo evidenci\u00f3. Munar pareci\u00f3 m\u00e1s fresco en ese momento. La adrenalina de la situaci\u00f3n. La realidad es que Bolonia resucit\u00f3 a Cobolli en cada punto. Le dio un extra de energ\u00eda con el que Munar no pudo competir. Salv\u00f3 cuatro bolas de set del italiano con cuatro saques espectaculares.\n    <\/p>\n<p class=\"paragraph inline-placeholder vossi-paragraph\" data-uri=\"es.cms.cnn.com\/_components\/paragraph\/instances\/cmic47rnu001e3j6ohr7n0ann@published\" data-editable=\"text\" data-component-name=\"paragraph\" data-article-gutter=\"true\">\n            El partido lleg\u00f3 al \u2018tie-break\u2019. Cobolli, contra las cuerdas, se creci\u00f3. Rompi\u00f3 dos veces a Munar y se gener\u00f3 tres bolas de set, suficientes para alargar el duelo. Lo celebr\u00f3 casi como si hubiera sido una victoria. Resucit\u00f3 al tiempo que merm\u00f3 mucho a Munar. Partido reabierto, aunque con la pista inclinada hacia Munar, al que cada punto le empez\u00f3 a costar m\u00e1s.\n    <\/p>\n<p class=\"paragraph inline-placeholder vossi-paragraph\" data-uri=\"es.cms.cnn.com\/_components\/paragraph\/instances\/cmic47rnu001f3j6ozf4c7ozm@published\" data-editable=\"text\" data-component-name=\"paragraph\" data-article-gutter=\"true\">\n            Se creci\u00f3 Cobolli gracias al p\u00fablico. Se sinti\u00f3 campe\u00f3n y, con empate a 5 en el marcador, asest\u00f3 el golpe decisivo. Quebr\u00f3 a Munar a la segunda bola de \u2018break\u2019, puso el 6-5 y cerr\u00f3 el duelo con su servicio.\n    <\/p>\n<p class=\"paragraph inline-placeholder vossi-paragraph\" data-uri=\"es.cms.cnn.com\/_components\/paragraph\/instances\/cmic3vt72000o3j6ozlslnpr4@published\" data-editable=\"text\" data-component-name=\"paragraph\" data-article-gutter=\"true\">\n            Para Espa\u00f1a fue la primera vez en seis a\u00f1os, desde que levantara la \u2018Ensaladera\u2019 de plata en 2019, que particip\u00f3 en una final, la und\u00e9cima de su historia.\n    <\/p>\n<p class=\"paragraph inline-placeholder vossi-paragraph\" data-uri=\"es.cms.cnn.com\/_components\/paragraph\/instances\/cmic3vwpg000t3j6og3wu03ok@published\" data-editable=\"text\" data-component-name=\"paragraph\" data-article-gutter=\"true\">\n            En el primer turno, Pablo Carre\u00f1o hab\u00eda ca\u00eddo ante Matteo Berrettini por 6-3 y 6-4, con todo en contra, p\u00fablico y pron\u00f3stico.\n    <\/p>\n<p class=\"paragraph inline-placeholder vossi-paragraph\" data-uri=\"es.cms.cnn.com\/_components\/paragraph\/instances\/cmic3vwpg000u3j6o9pz9vhjh@published\" data-editable=\"text\" data-component-name=\"paragraph\" data-article-gutter=\"true\">\n            Carre\u00f1o intent\u00f3 dejar a Espa\u00f1a a un paso del t\u00edtulo y salt\u00f3 a la central del BoloniaFiere con el convencimiento de los d\u00edas previos. Con la actitud de las \u00faltimas horas. Con la energ\u00eda positiva de unos partidos de ensue\u00f1o. Tambi\u00e9n con algo de nervios, con algo de presi\u00f3n.\n    <\/p>\n<p>       <img decoding=\"async\" src=\"https:\/\/www.europesays.com\/es\/wp-content\/uploads\/2025\/11\/gettyimages-2247541121.jpg\" alt=\"Pablo Carre\u00f1o Busta felicita a Matteo Berrettini tras el primer partido de la serie final de la Copa Davis 2025 entre Espa\u00f1a e Italia.\" class=\"image__dam-img image__dam-img--loading\" onload=\"this.classList.remove('image__dam-img--loading')\" onerror=\"imageLoadError(this)\" height=\"1413\" width=\"2120\" loading=\"lazy\"\/><\/p>\n<p class=\"paragraph inline-placeholder vossi-paragraph\" data-uri=\"es.cms.cnn.com\/_components\/paragraph\/instances\/cmic3vwpg000v3j6oeo17uu32@published\" data-editable=\"text\" data-component-name=\"paragraph\" data-article-gutter=\"true\">\n            Le cost\u00f3 entrar en el partido al asturiano. Los servicios directos de Berrettini no ayudaron. Tres en el primer juego. Seis en el primer envite en total. Su rival se contagi\u00f3 de la energ\u00eda de la grada, volcada con su \u00eddolo. Dominio desde el fondo. Acierto en la red. Todo le sali\u00f3 a un Berrettini que domin\u00f3 a Carre\u00f1o, por momentos demasiado conservador.\n    <\/p>\n<p class=\"paragraph inline-placeholder vossi-paragraph\" data-uri=\"es.cms.cnn.com\/_components\/paragraph\/instances\/cmic3vwpg000w3j6omeryu9j7@published\" data-editable=\"text\" data-component-name=\"paragraph\" data-article-gutter=\"true\">\n            Intent\u00f3 evitar el \u2018break\u2019, pero fue una cuesti\u00f3n de tiempo. Berrettini mantuvo el nivel, la velocidad. Se gan\u00f3 tres bolas de quiebre. Sobrevivi\u00f3 Carre\u00f1o a la primera con un \u2018ace\u2019. A la segunda con el error de Berrettini. Y a la tercera sucumbi\u00f3. Con mala suerte. Porque el golpe de Berrettini toc\u00f3 en la red y fue a la l\u00ednea latera. Carre\u00f1o respondi\u00f3 con un rev\u00e9s potente. Y el italiano, en la red, coloc\u00f3 la raqueta para dejar muerta la bola en el lado contrario.\n    <\/p>\n<p class=\"paragraph inline-placeholder vossi-paragraph\" data-uri=\"es.cms.cnn.com\/_components\/paragraph\/instances\/cmic3vwpg000x3j6oy462zi8v@published\" data-editable=\"text\" data-component-name=\"paragraph\" data-article-gutter=\"true\">\n            Con su saque, Berrettini no perdon\u00f3 la gran oportunidad. En volandas con un p\u00fablico incansable, se hizo gigante. Juego en blanco e Italia comenz\u00f3 a ilusionarse de verdad con la victoria.\n    <\/p>\n<p class=\"paragraph inline-placeholder vossi-paragraph\" data-uri=\"es.cms.cnn.com\/_components\/paragraph\/instances\/cmic3vwpg000y3j6ofbj1gxme@published\" data-editable=\"text\" data-component-name=\"paragraph\" data-article-gutter=\"true\">\n            Y con esa energ\u00eda entr\u00f3 el tenista romano a la pista para el segundo set. Sirvi\u00f3 Carre\u00f1o.<br \/>Tuvo que salvar dos bolas de \u2018break\u2019. Se recompuso Carre\u00f1o en un momento decisivo para mantener sus esperanzas. Como cuando no se rindi\u00f3 ante el alem\u00e1n Jan-Lennard Struff en un \u2018tie-break\u2019 para la historia en el que levant\u00f3 cinco bolas de set con siete puntos seguidos.\n    <\/p>\n<p class=\"paragraph inline-placeholder vossi-paragraph\" data-uri=\"es.cms.cnn.com\/_components\/paragraph\/instances\/cmic3vwpg000z3j6o5h9zi4dl@published\" data-editable=\"text\" data-component-name=\"paragraph\" data-article-gutter=\"true\">\n            Pero esta vez, la gesta se qued\u00f3 en el camino. No encontr\u00f3 argumentos Carre\u00f1o a los que agarrarse ante la solidez de Berrettini. Con 4-4, Berrettini volvi\u00f3 a golpear el saque de Carre\u00f1o. Se coloc\u00f3 0-40 arriba. Salv\u00f3 una bola el espa\u00f1ol. A la segunda, perdi\u00f3 el servicio y, aunque no oficialmente, el partido.\n    <\/p>\n<p class=\"paragraph inline-placeholder vossi-paragraph\" data-uri=\"es.cms.cnn.com\/_components\/paragraph\/instances\/cmic3vwpg00103j6of8n09nca@published\" data-editable=\"text\" data-component-name=\"paragraph\" data-article-gutter=\"true\">\n            Al saque, Berrettini volvi\u00f3 a ser infalible.\n    <\/p>\n","protected":false},"excerpt":{"rendered":"EFE \u00a0\u2014\u00a0 La selecci\u00f3n italiana de tenis se coron\u00f3 campeona de la Copa Davis 2025 despu\u00e9s de la&hellip;\n","protected":false},"author":2,"featured_media":254239,"comment_status":"","ping_status":"","sticky":false,"template":"","format":"standard","meta":{"footnotes":""},"categories":[274],"tags":[13877,38293,168,25,24,61220,628,544,9018,23,167,327,326],"class_list":{"0":"post-254238","1":"post","2":"type-post","3":"status-publish","4":"format-standard","5":"has-post-thumbnail","7":"category-tenis","8":"tag-copa-davis","9":"tag-copa-davis-2025","10":"tag-deportes","11":"tag-es","12":"tag-espana","13":"tag-flavio-cobolli","14":"tag-italia","15":"tag-jannik-sinner","16":"tag-jaume-munar","17":"tag-spain","18":"tag-sports","19":"tag-tenis","20":"tag-tennis"},"share_on_mastodon":{"url":"https:\/\/pubeurope.com\/@es\/115607793422167212","error":""},"_links":{"self":[{"href":"https:\/\/www.europesays.com\/es\/wp-json\/wp\/v2\/posts\/254238","targetHints":{"allow":["GET"]}}],"collection":[{"href":"https:\/\/www.europesays.com\/es\/wp-json\/wp\/v2\/posts"}],"about":[{"href":"https:\/\/www.europesays.com\/es\/wp-json\/wp\/v2\/types\/post"}],"author":[{"embeddable":true,"href":"https:\/\/www.europesays.com\/es\/wp-json\/wp\/v2\/users\/2"}],"replies":[{"embeddable":true,"href":"https:\/\/www.europesays.com\/es\/wp-json\/wp\/v2\/comments?post=254238"}],"version-history":[{"count":0,"href":"https:\/\/www.europesays.com\/es\/wp-json\/wp\/v2\/posts\/254238\/revisions"}],"wp:featuredmedia":[{"embeddable":true,"href":"https:\/\/www.europesays.com\/es\/wp-json\/wp\/v2\/media\/254239"}],"wp:attachment":[{"href":"https:\/\/www.europesays.com\/es\/wp-json\/wp\/v2\/media?parent=254238"}],"wp:term":[{"taxonomy":"category","embeddable":true,"href":"https:\/\/www.europesays.com\/es\/wp-json\/wp\/v2\/categories?post=254238"},{"taxonomy":"post_tag","embeddable":true,"href":"https:\/\/www.europesays.com\/es\/wp-json\/wp\/v2\/tags?post=254238"}],"curies":[{"name":"wp","href":"https:\/\/api.w.org\/{rel}","templated":true}]}}