{"id":254240,"date":"2025-11-25T01:41:16","date_gmt":"2025-11-25T01:41:16","guid":{"rendered":"https:\/\/www.europesays.com\/es\/254240\/"},"modified":"2025-11-25T01:41:16","modified_gmt":"2025-11-25T01:41:16","slug":"iker-bonillo-correra-en-2026-en-el-feira-dos-sofas","status":"publish","type":"post","link":"https:\/\/www.europesays.com\/es\/254240\/","title":{"rendered":"Iker Bonillo correr\u00e1 en 2026 en el Feira dos Sof\u00e1s"},"content":{"rendered":"<p>                    El ciclista valenciano de 22 a\u00f1os -que ha militado las dos \u00faltimas campa\u00f1as en el Euskaltel-Euskadi- ficha por el equipo continental portugu\u00e9s por una temporada.<\/p>\n<p class=\"c-news-list__author\">Ciclismoafondo.es. Foto: Tim van Wichelen \/ CV \/ Sprint Cycling Agency<\/p>\n<p class=\"c-mainarticle__date\">\n<p>                    24 de noviembre de 2025 (11:00 CET)<\/p>\n<p>                                                                                                                                        <img fetchpriority=\"high\" decoding=\"async\" src=\"https:\/\/www.europesays.com\/es\/wp-content\/uploads\/2025\/11\/iker-bonillo-correra-en-2026-en-el-feira-dos-sofas-boavista.jpeg\" alt=\"Iker Bonillo correr\u00e1 en 2026 en el Feira dos Sof\u00e1s - Boavista\" title=\"Iker Bonillo correr\u00e1 en 2026 en el Feira dos Sof\u00e1s - Boavista\" class=\"c-mainarticle__img\" loading=\"eager\" width=\"790\" height=\"454\"\/><\/p>\n<p>                    Iker Bonillo correr\u00e1 en 2026 en el Feira dos Sof\u00e1s &#8211; Boavista<\/p>\n<p>El ciclista valenciano <strong>Iker Bonillo<\/strong>, de 22 a\u00f1os, <strong>correr\u00e1 la pr\u00f3xima temporada en el equipo continental portugu\u00e9s Feira dos Sof\u00e1s &#8211; Boavista Cycling Team <\/strong>tras haber militado las dos \u00faltimas en el Euskaltel-Euskadi.\u00a0<\/p>\n<p>Despu\u00e9s de ser uno de los juveniles espa\u00f1oles m\u00e1s destacados en 2021, el\u00a0ciclista natural de Silla (Valencia) <strong>debut\u00f3 como profesional en 2022<\/strong>\u00a0-con solo 18 a\u00f1os-\u00a0con el<strong>\u00a0Bardiani-CSF-Faizan\u00e8,<\/strong> equipo en el que corri\u00f3 dos campa\u00f1as antes de desembarcar en el ProTeam vasco.\u00a0<\/p>\n<blockquote class=\"instagram-media\" data-instgrm-captioned=\"\" data-instgrm-permalink=\"https:\/\/www.instagram.com\/reel\/DRaVpHoiAyZ\/?utm_source=ig_embed&amp;utm_campaign=loading\" data-instgrm-version=\"14\" style=\" background:#FFF; border:0; border-radius:3px; box-shadow:0 0 1px 0 rgba(0,0,0,0.5),0 1px 10px 0 rgba(0,0,0,0.15); margin: 1px; max-width:540px; min-width:326px; padding:0; width:99.375%; width:-webkit-calc(100% - 2px); width:calc(100% - 2px);\"><p>&#13;<br \/>\n&#13;\n<\/p><\/blockquote>\n<p><strong>Este 2025 ha\u00a0firmado cinco top-10<\/strong> en sus 40 d\u00edas de competici\u00f3n -incluyendo el\u00a04\u00ba\u00a0puesto en una etapa de\u00a0de la <strong>Volta al Alentejo<\/strong> y el 6\u00ba en otra de la <strong>Vuelta a Asturias<\/strong>-, y corri\u00f3 con la Selecci\u00f3n Espa\u00f1ola sub-23 el GP Orlen de la Copa de las Naciones.\u00a0<\/p>\n<p>Campe\u00f3n de Espa\u00f1a de Madison en 2022 y 2023, Iker Bonillo es un corredor con una destacada punta de velocidad, y ahora <strong>espera seguir creciendo como ciclista\u00a0<\/strong>en el portugu\u00e9s<strong>\u00a0Feira dos Sof\u00e1s &#8211; Boavista Cycling Team.<\/strong>\u00a0<\/p>\n<p>\u00a0<\/p>\n<p><script async src=\"\/\/www.instagram.com\/embed.js\"><\/script><\/p>\n","protected":false},"excerpt":{"rendered":"El ciclista valenciano de 22 a\u00f1os -que ha militado las dos \u00faltimas campa\u00f1as en el Euskaltel-Euskadi- ficha por&hellip;\n","protected":false},"author":2,"featured_media":254241,"comment_status":"","ping_status":"","sticky":false,"template":"","format":"standard","meta":{"footnotes":""},"categories":[273],"tags":[313,312,168,25,24,23,167],"class_list":{"0":"post-254240","1":"post","2":"type-post","3":"status-publish","4":"format-standard","5":"has-post-thumbnail","7":"category-ciclismo","8":"tag-ciclismo","9":"tag-cycling","10":"tag-deportes","11":"tag-es","12":"tag-espana","13":"tag-spain","14":"tag-sports"},"share_on_mastodon":{"url":"https:\/\/pubeurope.com\/@es\/115607796802742753","error":""},"_links":{"self":[{"href":"https:\/\/www.europesays.com\/es\/wp-json\/wp\/v2\/posts\/254240","targetHints":{"allow":["GET"]}}],"collection":[{"href":"https:\/\/www.europesays.com\/es\/wp-json\/wp\/v2\/posts"}],"about":[{"href":"https:\/\/www.europesays.com\/es\/wp-json\/wp\/v2\/types\/post"}],"author":[{"embeddable":true,"href":"https:\/\/www.europesays.com\/es\/wp-json\/wp\/v2\/users\/2"}],"replies":[{"embeddable":true,"href":"https:\/\/www.europesays.com\/es\/wp-json\/wp\/v2\/comments?post=254240"}],"version-history":[{"count":0,"href":"https:\/\/www.europesays.com\/es\/wp-json\/wp\/v2\/posts\/254240\/revisions"}],"wp:featuredmedia":[{"embeddable":true,"href":"https:\/\/www.europesays.com\/es\/wp-json\/wp\/v2\/media\/254241"}],"wp:attachment":[{"href":"https:\/\/www.europesays.com\/es\/wp-json\/wp\/v2\/media?parent=254240"}],"wp:term":[{"taxonomy":"category","embeddable":true,"href":"https:\/\/www.europesays.com\/es\/wp-json\/wp\/v2\/categories?post=254240"},{"taxonomy":"post_tag","embeddable":true,"href":"https:\/\/www.europesays.com\/es\/wp-json\/wp\/v2\/tags?post=254240"}],"curies":[{"name":"wp","href":"https:\/\/api.w.org\/{rel}","templated":true}]}}