{"id":254242,"date":"2025-11-25T01:43:19","date_gmt":"2025-11-25T01:43:19","guid":{"rendered":"https:\/\/www.europesays.com\/es\/254242\/"},"modified":"2025-11-25T01:43:19","modified_gmt":"2025-11-25T01:43:19","slug":"bombazo-en-milan-ettore-messina-dimite","status":"publish","type":"post","link":"https:\/\/www.europesays.com\/es\/254242\/","title":{"rendered":"Bombazo en Mil\u00e1n: Ettore Messina dimite"},"content":{"rendered":"<p>    2025-11-24T19:59:27+00:00<br \/>\n    2025-11-24T19:59:27+00:00<br \/>\n    2025-11-24T20:05:04+00:00.<\/p>\n<p>      <a class=\"author__avatar hide\" href=\"https:\/\/www.eurohoops.net\/author\/javiermolero\/?lang=es\" rel=\"nofollow noopener\" target=\"_blank\"><img loading=\"lazy\" decoding=\"async\" alt=\"\" src=\"https:\/\/www.europesays.com\/es\/wp-content\/uploads\/2025\/11\/e862d9f479efd4f79fb425e8c2b684c3\"  class=\"avatar avatar-46 photo\" height=\"46\" width=\"46\"\/><\/a><\/p>\n<p class=\"author__name visually-hidden\" itemprop=\"name\">Javier Molero<\/p>\n<p>      24\/Nov\/25 19:59<\/p>\n<p>      Eurohoops.net<\/p>\n<p>          <a itemprop=\"url\" href=\"https:\/\/www.eurohoops.net\/\" rel=\"nofollow noopener\" target=\"_blank\"><br \/>\n              <img decoding=\"async\" itemprop=\"image\" src=\"https:\/\/www.europesays.com\/es\/wp-content\/uploads\/2025\/09\/logo-header.png\"\/><br \/>\n          <\/a><\/p>\n<p>      <a href=\"https:\/\/www.eurohoops.net\/author\/?lang=es\" rel=\"nofollow noopener\" target=\"_blank\"><br \/>\n        Javier Molero      <\/a><\/p>\n<p>                  <img loading=\"lazy\" decoding=\"async\" width=\"950\" height=\"500\" src=\"https:\/\/www.europesays.com\/es\/wp-content\/uploads\/2025\/11\/168c6493-ettore-messina-thinks-olimpia-milan.jpg\" class=\"featured-image wp-stateless-item\" alt=\"ettore-messina-milan\"   data-image-size=\"largepost\" data-stateless-media-bucket=\"images.eurohoops.net\" data-stateless-media-name=\"2025\/10\/168c6493-ettore-messina-thinks-olimpia-milan.jpg\"\/>EuroleagueBasketball.net<\/p>\n<p>El t\u00e9cnico italiano lleg\u00f3 a Mil\u00e1n en 2019 y le sustituir\u00e1 Giuseppe Poeta<\/p>\n<p class=\"p1\"><b>Por Eurohoops team \/<\/b><a href=\"https:\/\/www.eurohoops.net\/es\/euroleague-es\/1898792\/bombazo-en-milan-ettore-messina-dimite\/mailto:info@eurohops.net\" rel=\"nofollow noopener\" target=\"_blank\"><b>\u00a0info@eurohoops.net<\/b><\/a><\/p>\n<p>Ettore Messina deja de ser entrenador de Armani Mil\u00e1n. El t\u00e9cnico italiano, que ha dirigido al equipo desde 2019, ha decidido dejar de ser entrenador, tal y como ha informado<a href=\"https:\/\/www.gazzetta.it\/Basket\/24-11-2025\/olimpia-milano-ettore-messina-si-e-dimesso-squadra-a-poeta.shtml\" rel=\"nofollow noopener\" target=\"_blank\"> La Gazzetta dello Sport.\u00a0<\/a>\u00a0Le sustituir\u00e1 Giuseppe Poeta, que regres\u00f3 a Mil\u00e1n este pasado verano y firm\u00f3 un contrato de tres temporadas.<\/p>\n<p>Una decisi\u00f3n sorprendente. Tras comenzar 6-6 la temporada en Euroliga, <a href=\"https:\/\/www.eurohoops.net\/basket\/olimpia-milano\/?lang=en\" title=\"Olimpia Milano\" target=\"_blank\" class=\"auto-link\" rel=\"nofollow noopener\">Olimpia Milano<\/a> comenzaba a dejar buenas sensaciones en una plantilla totalmente renovada. A\u00fan as\u00ed, Mil\u00e1n acumula tres derrotas consecutivas, y Messina ha decidido dimitir.<\/p>\n<p>En la liga dom\u00e9stica el equipo ocupa actualmente la octava posici\u00f3n, con un pobre r\u00e9cord de 5 victorias y 4 derrotas. Seguir\u00e1 formando parte del equipo, y ser\u00e1 asesor personal del presidente Leo Dell\u2019Orco, como informa el medio italiano. Messina, de 66 a\u00f1os, abre la puerta a un nuevo t\u00e9cnico en la Euroliga.<\/p>\n","protected":false},"excerpt":{"rendered":"2025-11-24T19:59:27+00:00 2025-11-24T19:59:27+00:00 2025-11-24T20:05:04+00:00. Javier Molero 24\/Nov\/25 19:59 Eurohoops.net Javier Molero EuroleagueBasketball.net El t\u00e9cnico italiano lleg\u00f3 a Mil\u00e1n en&hellip;\n","protected":false},"author":2,"featured_media":254243,"comment_status":"","ping_status":"","sticky":false,"template":"","format":"standard","meta":{"footnotes":""},"categories":[269],"tags":[299,298,168,25,24,23,167],"class_list":{"0":"post-254242","1":"post","2":"type-post","3":"status-publish","4":"format-standard","5":"has-post-thumbnail","7":"category-baloncesto","8":"tag-baloncesto","9":"tag-basketball","10":"tag-deportes","11":"tag-es","12":"tag-espana","13":"tag-spain","14":"tag-sports"},"share_on_mastodon":{"url":"https:\/\/pubeurope.com\/@es\/115607805587756523","error":""},"_links":{"self":[{"href":"https:\/\/www.europesays.com\/es\/wp-json\/wp\/v2\/posts\/254242","targetHints":{"allow":["GET"]}}],"collection":[{"href":"https:\/\/www.europesays.com\/es\/wp-json\/wp\/v2\/posts"}],"about":[{"href":"https:\/\/www.europesays.com\/es\/wp-json\/wp\/v2\/types\/post"}],"author":[{"embeddable":true,"href":"https:\/\/www.europesays.com\/es\/wp-json\/wp\/v2\/users\/2"}],"replies":[{"embeddable":true,"href":"https:\/\/www.europesays.com\/es\/wp-json\/wp\/v2\/comments?post=254242"}],"version-history":[{"count":0,"href":"https:\/\/www.europesays.com\/es\/wp-json\/wp\/v2\/posts\/254242\/revisions"}],"wp:featuredmedia":[{"embeddable":true,"href":"https:\/\/www.europesays.com\/es\/wp-json\/wp\/v2\/media\/254243"}],"wp:attachment":[{"href":"https:\/\/www.europesays.com\/es\/wp-json\/wp\/v2\/media?parent=254242"}],"wp:term":[{"taxonomy":"category","embeddable":true,"href":"https:\/\/www.europesays.com\/es\/wp-json\/wp\/v2\/categories?post=254242"},{"taxonomy":"post_tag","embeddable":true,"href":"https:\/\/www.europesays.com\/es\/wp-json\/wp\/v2\/tags?post=254242"}],"curies":[{"name":"wp","href":"https:\/\/api.w.org\/{rel}","templated":true}]}}