{"id":25425,"date":"2025-08-04T16:52:07","date_gmt":"2025-08-04T16:52:07","guid":{"rendered":"https:\/\/www.europesays.com\/es\/25425\/"},"modified":"2025-08-04T16:52:07","modified_gmt":"2025-08-04T16:52:07","slug":"las-10-casas-mas-espectaculares-del-mes-descubre-lo-mas-visto-de-julio-de-2025","status":"publish","type":"post","link":"https:\/\/www.europesays.com\/es\/25425\/","title":{"rendered":"Las 10 casas m\u00e1s espectaculares del mes: descubre lo m\u00e1s visto de julio de 2025"},"content":{"rendered":"<p><strong>Julio<\/strong> ha sido un mes de interiores so\u00f1ados, fachadas con car\u00e1cter y refugios que despiertan el deseo. Entre lo rural y lo contempor\u00e1neo, <strong>lo esencial y lo exuberante,<\/strong> estas casas han conquistado a los lectores con su estilo, su luz y su historia. Hay lugares que no necesitan explicaci\u00f3n: basta ver una imagen para querer entrar. <strong>Estas diez casas \u2014las m\u00e1s vistas del mes en la web de AD\u2014<\/strong> resumen todos los estados de \u00e1nimo posibles del verano. Y todas ellas tienen algo en com\u00fan: el buen gusto no entiende de geograf\u00eda.<\/p>\n<p><strong>Descubre las 10 casas m\u00e1s bonitas del mes:<\/strong><\/p>\n","protected":false},"excerpt":{"rendered":"Julio ha sido un mes de interiores so\u00f1ados, fachadas con car\u00e1cter y refugios que despiertan el deseo. Entre&hellip;\n","protected":false},"author":2,"featured_media":25426,"comment_status":"","ping_status":"","sticky":false,"template":"","format":"standard","meta":{"footnotes":""},"categories":[173],"tags":[229,233,231,230,1530,232,234,146,147,25,24,14171,23],"class_list":{"0":"post-25425","1":"post","2":"type-post","3":"status-publish","4":"format-standard","5":"has-post-thumbnail","7":"category-arte-y-diseno","8":"tag-arte","9":"tag-arte-y-diseno","10":"tag-arts","11":"tag-arts-and-design","12":"tag-casas-ad","13":"tag-design","14":"tag-diseno","15":"tag-entertainment","16":"tag-entretenimiento","17":"tag-es","18":"tag-espana","19":"tag-round-up","20":"tag-spain"},"share_on_mastodon":{"url":"","error":""},"_links":{"self":[{"href":"https:\/\/www.europesays.com\/es\/wp-json\/wp\/v2\/posts\/25425","targetHints":{"allow":["GET"]}}],"collection":[{"href":"https:\/\/www.europesays.com\/es\/wp-json\/wp\/v2\/posts"}],"about":[{"href":"https:\/\/www.europesays.com\/es\/wp-json\/wp\/v2\/types\/post"}],"author":[{"embeddable":true,"href":"https:\/\/www.europesays.com\/es\/wp-json\/wp\/v2\/users\/2"}],"replies":[{"embeddable":true,"href":"https:\/\/www.europesays.com\/es\/wp-json\/wp\/v2\/comments?post=25425"}],"version-history":[{"count":0,"href":"https:\/\/www.europesays.com\/es\/wp-json\/wp\/v2\/posts\/25425\/revisions"}],"wp:featuredmedia":[{"embeddable":true,"href":"https:\/\/www.europesays.com\/es\/wp-json\/wp\/v2\/media\/25426"}],"wp:attachment":[{"href":"https:\/\/www.europesays.com\/es\/wp-json\/wp\/v2\/media?parent=25425"}],"wp:term":[{"taxonomy":"category","embeddable":true,"href":"https:\/\/www.europesays.com\/es\/wp-json\/wp\/v2\/categories?post=25425"},{"taxonomy":"post_tag","embeddable":true,"href":"https:\/\/www.europesays.com\/es\/wp-json\/wp\/v2\/tags?post=25425"}],"curies":[{"name":"wp","href":"https:\/\/api.w.org\/{rel}","templated":true}]}}