{"id":254251,"date":"2025-11-25T01:51:16","date_gmt":"2025-11-25T01:51:16","guid":{"rendered":"https:\/\/www.europesays.com\/es\/254251\/"},"modified":"2025-11-25T01:51:16","modified_gmt":"2025-11-25T01:51:16","slug":"los-protagonistas-de-la-gala-marca-presentes-en-el-set-hyundai","status":"publish","type":"post","link":"https:\/\/www.europesays.com\/es\/254251\/","title":{"rendered":"Los protagonistas de la Gala MARCA, presentes en el set Hyundai"},"content":{"rendered":"<p data-mrf-recirculation=\"Links P\u00e1rrafos\" class=\"ue-c-article__paragraph paragraph ue-c-article--first-letter-highlighted\">Hyundai y <strong>MARCA<\/strong>\u00a0siguen trabajando de la mano con el deporte como nexo com\u00fan. En la gran <strong>Gala MARCA<\/strong>, los invitados y premiados se pasaron por el set Hyundai para dejar sus impresiones antes de recibir los premios. <strong>Alberola Rojas, Luis Su\u00e1rez, \u00d3scar de Marcos o Javier Tebas<\/strong>\u00a0fueron protagonistas en el micr\u00f3fono rojo de MARCA.<\/p>\n<blockquote class=\"ue-c-article__blockquote\">\n<p>Quiero estar fuera de los focos y dedicarme a mi familia y amigos<\/p>\n<p>\u00d3scar de Marcos<\/p><\/blockquote>\n<p data-mrf-recirculation=\"Links P\u00e1rrafos\" class=\"ue-c-article__paragraph paragraph\"><strong>\u00d3scar de Marcos,<\/strong> que<strong>\u00a0<\/strong>recibi\u00f3 un reconocimiento de Laureus por su trabajo y solidaridad m\u00e1s all\u00e1 del f\u00fatbol, explic\u00f3 que ahora mismo prefiere <strong>\u00abestar tranquilo y dedicarme a mi familia y amigos\u00bb,<\/strong>\u00a0por lo que no tiene prisa por volver a la rutina de la primera l\u00ednea futbolera.<\/p>\n<p><img decoding=\"async\" width=\"1500\" height=\"1000\" class=\"ue-c-article__image lazyload\" alt=\"Marta Huerta de Aza, junto al veh\u00edculo Hyundai.\" loading=\"lazy\" src=\"https:\/\/www.europesays.com\/es\/wp-content\/uploads\/2025\/11\/6924b408a49e5.jpeg\"\/><\/p>\n<p>Marta Huerta de Aza, junto al veh\u00edculo Hyundai.APO CABALLERO<\/p>\n<p>Tebas responde a Florentino P\u00e9rez<\/p>\n<p data-mrf-recirculation=\"Links P\u00e1rrafos\" class=\"ue-c-article__paragraph paragraph\">En el set de Hyundai, <strong>Javier Tebas<\/strong> respondi\u00f3 a<strong> Florentino P\u00e9rez<\/strong> tras sus palabras en la asamblea del Real Madrid. <strong>\u00abHa faltado rigurosamente a la verdad, est\u00e1 tratando de tergiversar\u00bb<\/strong>, sentenci\u00f3 el presidente de LaLiga.<\/p>\n<p><img decoding=\"async\" width=\"1500\" height=\"844\" class=\"ue-c-article__image lazyload\" alt=\"Jan Oblak llega a la Gala MARCA en un Hyundai.\" loading=\"lazy\" src=\"https:\/\/www.europesays.com\/es\/wp-content\/uploads\/2025\/11\/6924b4fa170ac.jpeg\"\/><\/p>\n<p>Jan Oblak llega a la Gala MARCA en un Hyundai.APO CABALLERO<\/p>\n<p data-mrf-recirculation=\"Links P\u00e1rrafos\" class=\"ue-c-article__paragraph paragraph\">Tambi\u00e9n estuvieron presentes en el set Hyundai los mejores \u00e1rbitros de la temporada: <strong>Marta Huerta de Aza<\/strong> (LaLiga Hypermotion) y Javier <strong>Alberola Rojas<\/strong> (LaLiga EA Sports), que ha ganado su tercer premio Guruceta, el segundo de manera consecutiva.<\/p>\n","protected":false},"excerpt":{"rendered":"Hyundai y MARCA\u00a0siguen trabajando de la mano con el deporte como nexo com\u00fan. En la gran Gala MARCA,&hellip;\n","protected":false},"author":2,"featured_media":254252,"comment_status":"","ping_status":"","sticky":false,"template":"","format":"standard","meta":{"footnotes":""},"categories":[93],"tags":[168,25,24,23,167],"class_list":{"0":"post-254251","1":"post","2":"type-post","3":"status-publish","4":"format-standard","5":"has-post-thumbnail","7":"category-deportes","8":"tag-deportes","9":"tag-es","10":"tag-espana","11":"tag-spain","12":"tag-sports"},"share_on_mastodon":{"url":"https:\/\/pubeurope.com\/@es\/115607836461430166","error":""},"_links":{"self":[{"href":"https:\/\/www.europesays.com\/es\/wp-json\/wp\/v2\/posts\/254251","targetHints":{"allow":["GET"]}}],"collection":[{"href":"https:\/\/www.europesays.com\/es\/wp-json\/wp\/v2\/posts"}],"about":[{"href":"https:\/\/www.europesays.com\/es\/wp-json\/wp\/v2\/types\/post"}],"author":[{"embeddable":true,"href":"https:\/\/www.europesays.com\/es\/wp-json\/wp\/v2\/users\/2"}],"replies":[{"embeddable":true,"href":"https:\/\/www.europesays.com\/es\/wp-json\/wp\/v2\/comments?post=254251"}],"version-history":[{"count":0,"href":"https:\/\/www.europesays.com\/es\/wp-json\/wp\/v2\/posts\/254251\/revisions"}],"wp:featuredmedia":[{"embeddable":true,"href":"https:\/\/www.europesays.com\/es\/wp-json\/wp\/v2\/media\/254252"}],"wp:attachment":[{"href":"https:\/\/www.europesays.com\/es\/wp-json\/wp\/v2\/media?parent=254251"}],"wp:term":[{"taxonomy":"category","embeddable":true,"href":"https:\/\/www.europesays.com\/es\/wp-json\/wp\/v2\/categories?post=254251"},{"taxonomy":"post_tag","embeddable":true,"href":"https:\/\/www.europesays.com\/es\/wp-json\/wp\/v2\/tags?post=254251"}],"curies":[{"name":"wp","href":"https:\/\/api.w.org\/{rel}","templated":true}]}}