{"id":254269,"date":"2025-11-25T02:06:15","date_gmt":"2025-11-25T02:06:15","guid":{"rendered":"https:\/\/www.europesays.com\/es\/254269\/"},"modified":"2025-11-25T02:06:15","modified_gmt":"2025-11-25T02:06:15","slug":"el-unicaja-ya-tiene-sustituto-para-kravish-augustine-rubit","status":"publish","type":"post","link":"https:\/\/www.europesays.com\/es\/254269\/","title":{"rendered":"El Unicaja ya tiene sustituto para Kravish: Augustine Rubit"},"content":{"rendered":"<p data-mrf-recirculation=\"Links P\u00e1rrafos\" class=\"ue-c-article__paragraph paragraph ue-c-article--first-letter-highlighted\">Casi un mes despu\u00e9s de que <strong>David Kravish<\/strong> tuviera que abandonar la pista en Tenerife, el <strong>Unicaja <\/strong>ya tiene sustituto. El p\u00edvot estadounidense con pasaporte b\u00falgaro sufri\u00f3 una fractura en el peron\u00e9 izquierdo y fue operado con \u00e9xito, aunque el club confirm\u00f3 <strong>una baja m\u00ednima de cuatro meses<\/strong>. Ante este panorama y un mercado muy limitado, la direcci\u00f3n deportiva se movi\u00f3 r\u00e1pido hasta cerrar la llegada de <strong>Augustine Rubit.<\/strong> El interior firma hasta final de temporada, pendiente a\u00fan de<strong> superar las pruebas m\u00e9dicas.<\/strong><\/p>\n<p data-mrf-recirculation=\"Links P\u00e1rrafos\" class=\"ue-c-article__paragraph paragraph\">El ala-p\u00edvot llega desde el <strong>Lietkabelis lituano<\/strong>, donde disputaba tanto la liga dom\u00e9stica como la <strong>Eurocup<\/strong>, rindiendo a un nivel alto y convirti\u00e9ndose en una pieza esencial del juego interior. No se perdi\u00f3 ni un solo partido oficial. En la<strong> LKL<\/strong> acumul\u00f3 10 choques con medias de <strong>14 puntos, 6,2 rebotes y 21,9 de valoraci\u00f3n<\/strong>; en la <strong>Eurocup<\/strong>, en 8 encuentros, firm\u00f3 <strong>15,1 puntos, 4,8 rebotes y 18,6 de eficiencia.<\/strong><\/p>\n<p data-mrf-recirculation=\"Links P\u00e1rrafos\" class=\"ue-c-article__paragraph paragraph\">Formado en <strong>South Alabama,<\/strong> inici\u00f3 su carrera profesional en 2014 en los <strong>Walter Tigers T\u00fcbingen <\/strong>antes de consolidarse en <strong>Ratiopharm Ulm <\/strong>gracias a su f\u00edsico y su versatilidad ofensiva. Esa evoluci\u00f3n le abri\u00f3 las puertas de la <strong>Euroliga<\/strong>, pasando por <strong>Brose Bamberg<\/strong> (2017-19), <strong>Olympiacos <\/strong>(2019-20), <strong>Zalgiris Kaunas<\/strong> (2020-21) y <strong>Bayern M\u00fanich<\/strong> (2021-23), donde alcanz\u00f3 algunas de sus mejores temporadas y se gan\u00f3 la fama de interior fiable en el panorama europeo.<\/p>\n<p data-mrf-recirculation=\"Links P\u00e1rrafos\" class=\"ue-c-article__paragraph paragraph\">Tras un paso por la liga de <strong>Kuwait<\/strong>, esta campa\u00f1a hab\u00eda regresado al baloncesto europeo con el <strong>Lietkabelis<\/strong>, firmando un curso muy consistente antes de su llegada al conjunto malague\u00f1o. Est\u00e1 previsto que aterrice esta tarde en M\u00e1laga y que ma\u00f1ana martes se someta al reconocimiento m\u00e9dico en el<strong> Hospital Quir\u00f3nsalud M\u00e1laga.<\/strong><\/p>\n<p data-mrf-recirculation=\"Links P\u00e1rrafos\" class=\"ue-c-article__paragraph paragraph\">La incorporaci\u00f3n de <strong>Augustine<\/strong><strong>Rubit<\/strong> responde a la lesi\u00f3n de <strong>David Kravish<\/strong>, una baja importante en la pintura. El estadounidense aporta experiencia, polivalencia y capacidad para actuar en ambos puestos interiores.<\/p>\n","protected":false},"excerpt":{"rendered":"Casi un mes despu\u00e9s de que David Kravish tuviera que abandonar la pista en Tenerife, el Unicaja ya&hellip;\n","protected":false},"author":2,"featured_media":254270,"comment_status":"","ping_status":"","sticky":false,"template":"","format":"standard","meta":{"footnotes":""},"categories":[269],"tags":[299,298,168,25,24,23,167],"class_list":{"0":"post-254269","1":"post","2":"type-post","3":"status-publish","4":"format-standard","5":"has-post-thumbnail","7":"category-baloncesto","8":"tag-baloncesto","9":"tag-basketball","10":"tag-deportes","11":"tag-es","12":"tag-espana","13":"tag-spain","14":"tag-sports"},"share_on_mastodon":{"url":"https:\/\/pubeurope.com\/@es\/115607894913599059","error":""},"_links":{"self":[{"href":"https:\/\/www.europesays.com\/es\/wp-json\/wp\/v2\/posts\/254269","targetHints":{"allow":["GET"]}}],"collection":[{"href":"https:\/\/www.europesays.com\/es\/wp-json\/wp\/v2\/posts"}],"about":[{"href":"https:\/\/www.europesays.com\/es\/wp-json\/wp\/v2\/types\/post"}],"author":[{"embeddable":true,"href":"https:\/\/www.europesays.com\/es\/wp-json\/wp\/v2\/users\/2"}],"replies":[{"embeddable":true,"href":"https:\/\/www.europesays.com\/es\/wp-json\/wp\/v2\/comments?post=254269"}],"version-history":[{"count":0,"href":"https:\/\/www.europesays.com\/es\/wp-json\/wp\/v2\/posts\/254269\/revisions"}],"wp:featuredmedia":[{"embeddable":true,"href":"https:\/\/www.europesays.com\/es\/wp-json\/wp\/v2\/media\/254270"}],"wp:attachment":[{"href":"https:\/\/www.europesays.com\/es\/wp-json\/wp\/v2\/media?parent=254269"}],"wp:term":[{"taxonomy":"category","embeddable":true,"href":"https:\/\/www.europesays.com\/es\/wp-json\/wp\/v2\/categories?post=254269"},{"taxonomy":"post_tag","embeddable":true,"href":"https:\/\/www.europesays.com\/es\/wp-json\/wp\/v2\/tags?post=254269"}],"curies":[{"name":"wp","href":"https:\/\/api.w.org\/{rel}","templated":true}]}}