{"id":254278,"date":"2025-11-25T02:14:50","date_gmt":"2025-11-25T02:14:50","guid":{"rendered":"https:\/\/www.europesays.com\/es\/254278\/"},"modified":"2025-11-25T02:14:50","modified_gmt":"2025-11-25T02:14:50","slug":"hay-espacio-para-lobezno-en-el-ucm-hugh-jackman-habla-de-su-posible-regreso-a-la-franquicia-de-marvel","status":"publish","type":"post","link":"https:\/\/www.europesays.com\/es\/254278\/","title":{"rendered":"\u00bfHay espacio para Lobezno en el UCM? Hugh Jackman habla de su posible regreso a la franquicia de Marvel"},"content":{"rendered":"<p>Deadpool y Lobezno no tard\u00f3 en convertirse en una de las pel\u00edculas m\u00e1s taquilleras de 2024. Con un recibimiento tan bueno por parte de los fans de Marvel, es normal que haya muchas preguntas sobre <strong>el futuro de sus protagonistas<\/strong>.<\/p>\n<p>La pr\u00f3xima<strong> Vengadores: Doomsday<\/strong> traer\u00e1 de vuelta a muchos personajes, tanto del UCM como de la antigua \u00e9poca de los X-Men. <a href=\"https:\/\/es.ign.com\/avengers-the-kang-dynasty\/214619\/news\/un-video-publicado-por-marvel-revela-el-reparto-de-avengers-doomsday-gambito-de-channing-tatum-y-otr\" rel=\"nofollow noopener\" target=\"_blank\">Aunque ya se han revelado muchos nombres<\/a>, parece que llegar\u00e1n m\u00e1s anuncios en el futuro, y entre ellos podr\u00eda estar el regreso de Reynolds y Jackman.<\/p>\n<p>\u00bfHugh Jackman retomar\u00eda el papel de Lobezno una vez m\u00e1s?<\/p>\n<p>Durante una entrevista reciente en The Graham Norton Show (v\u00eda <a href=\"https:\/\/www.digitalspy.com\/movies\/a69518735\/hugh-jackman-wolverine-return-rumour-avengers-5\" rel=\"noopener nofollow\" target=\"_blank\">Digital Spy<\/a>), Jackman habl\u00f3 sobre su posible regreso al UCM como Lobezno, se\u00f1alando lo siguiente: \u00abQuiz\u00e1s. <strong>Nunca m\u00e1s volver\u00e9 a decir &#8216;nunca&#8217;<\/strong>. Lo dije en serio hasta el d\u00eda en que cambi\u00e9 de opini\u00f3n. Lo dije en serio durante bastantes a\u00f1os. Ya he hecho 10 pel\u00edculas, as\u00ed que creo que tienen suficiente material para crear una versi\u00f3n de m\u00ed mismo con IA\u00bb.<\/p>\n<p>Parece que volveremos a ver a Reynolds y Jackman juntos en la pantalla, <strong>pero no con una nueva pel\u00edcula de Marvel Studios<\/strong>, sino con un proyecto completamente diferente. A finales del a\u00f1o pasado, el actor responsable de Deadpool simplemente coment\u00f3 que <a href=\"https:\/\/es.ign.com\/hugh-jackman\/209511\/news\/ryan-reynolds-confirma-un-nuevo-proyecto-que-protagonizara-junto-a-hugh-jackman\" rel=\"nofollow noopener\" target=\"_blank\">estaba escribiendo una pel\u00edcula<\/a>. Tambi\u00e9n se ha hablado de <strong><a href=\"https:\/\/es.ign.com\/deadpool-wolverine\/215961\/news\/parece-que-deadpool-le-ha-cogido-el-gusto-a-hacer-equipo-con-los-x-men\" rel=\"nofollow noopener\" target=\"_blank\">una pel\u00edcula de Deadpool con los X-Men<\/a><\/strong> y de <a href=\"https:\/\/es.ign.com\/deadpool-wolverine\/216721\/news\/ryan-reynolds-quiere-hacer-un-proyecto-de-star-wars-para-publico-adulto-ya-se-lo-ha-propuesto-a-disn\" rel=\"nofollow noopener\" target=\"_blank\">un proyecto nuevo de Star Wars para adultos<\/a>, pero no hay una confirmaci\u00f3n oficial por el momento.<\/p>\n<p>Para m\u00e1s informaci\u00f3n de Marvel, descubre <a href=\"https:\/\/es.ign.com\/captain-america-4\/211538\/feature\/que-podemos-esperar-de-marvel-en-2025\" rel=\"nofollow noopener\" target=\"_blank\">qu\u00e9 lanzamientos tiene previstos <strong>para lo que queda de a\u00f1o<\/strong><\/a> y <a href=\"https:\/\/es.ign.com\/wonder-man\/223750\/news\/no-se-siente-como-una-serie-de-marvel-cualquiera-el-ucm-ultima-los-detalles-para-llevar-uno-de-sus-s\" rel=\"nofollow noopener\" target=\"_blank\">c\u00f3mo ser\u00e1 la <strong>serie <\/strong>con la que comenzar\u00e1 el 2026<\/a>.<\/p>\n","protected":false},"excerpt":{"rendered":"Deadpool y Lobezno no tard\u00f3 en convertirse en una de las pel\u00edculas m\u00e1s taquilleras de 2024. Con un&hellip;\n","protected":false},"author":2,"featured_media":254279,"comment_status":"","ping_status":"","sticky":false,"template":"","format":"standard","meta":{"footnotes":""},"categories":[169],"tags":[177,146,147,25,24,176,175,23],"class_list":{"0":"post-254278","1":"post","2":"type-post","3":"status-publish","4":"format-standard","5":"has-post-thumbnail","7":"category-cine","8":"tag-cine","9":"tag-entertainment","10":"tag-entretenimiento","11":"tag-es","12":"tag-espana","13":"tag-film","14":"tag-movies","15":"tag-spain"},"share_on_mastodon":{"url":"https:\/\/pubeurope.com\/@es\/115607930391238158","error":""},"_links":{"self":[{"href":"https:\/\/www.europesays.com\/es\/wp-json\/wp\/v2\/posts\/254278","targetHints":{"allow":["GET"]}}],"collection":[{"href":"https:\/\/www.europesays.com\/es\/wp-json\/wp\/v2\/posts"}],"about":[{"href":"https:\/\/www.europesays.com\/es\/wp-json\/wp\/v2\/types\/post"}],"author":[{"embeddable":true,"href":"https:\/\/www.europesays.com\/es\/wp-json\/wp\/v2\/users\/2"}],"replies":[{"embeddable":true,"href":"https:\/\/www.europesays.com\/es\/wp-json\/wp\/v2\/comments?post=254278"}],"version-history":[{"count":0,"href":"https:\/\/www.europesays.com\/es\/wp-json\/wp\/v2\/posts\/254278\/revisions"}],"wp:featuredmedia":[{"embeddable":true,"href":"https:\/\/www.europesays.com\/es\/wp-json\/wp\/v2\/media\/254279"}],"wp:attachment":[{"href":"https:\/\/www.europesays.com\/es\/wp-json\/wp\/v2\/media?parent=254278"}],"wp:term":[{"taxonomy":"category","embeddable":true,"href":"https:\/\/www.europesays.com\/es\/wp-json\/wp\/v2\/categories?post=254278"},{"taxonomy":"post_tag","embeddable":true,"href":"https:\/\/www.europesays.com\/es\/wp-json\/wp\/v2\/tags?post=254278"}],"curies":[{"name":"wp","href":"https:\/\/api.w.org\/{rel}","templated":true}]}}