{"id":254280,"date":"2025-11-25T02:16:24","date_gmt":"2025-11-25T02:16:24","guid":{"rendered":"https:\/\/www.europesays.com\/es\/254280\/"},"modified":"2025-11-25T02:16:24","modified_gmt":"2025-11-25T02:16:24","slug":"chus-mateo-no-me-gustaria-perder-la-esencia-de-lo-que-es-la-historia-de-la-seleccion","status":"publish","type":"post","link":"https:\/\/www.europesays.com\/es\/254280\/","title":{"rendered":"Chus Mateo: \u201cNo me gustar\u00eda perder la esencia de lo que es la historia de la Selecci\u00f3n\u201d"},"content":{"rendered":"<p class=\"\"><b>Chus Mateo<\/b> dirigi\u00f3 este lunes en <b>Guadalajara <\/b>su primer entrenamiento al frente de la selecci\u00f3n espa\u00f1ola, en cuyo banquillo sustituye a <b>Sergio Scariolo<\/b>, y explic\u00f3 que en su nuevo puesto no le gustar\u00eda perder \u201cla esencia\u201d de un equipo campe\u00f3n que ha hecho historia en los \u00faltimos a\u00f1os.<\/p>\n<p class=\"\">El equipo prepara desde hoy en el <b>Palacio Multiusos<\/b> de la ciudad castellano-manchega los partidos contra <b>Dinamarca <\/b>del <b>jueves 27<\/b> en la localidad danesa de <b>Farum <\/b>y frente a <b>Georgia <\/b>el <b>domingo 30<\/b> en <b>Tenerife<\/b>, duelos que abrir\u00e1n la fase clasificatoria para el <b>Mundial <\/b>de <b>Catar 2027<\/b>.<\/p>\n<p class=\"\">\u201cQuiero ser yo a la hora de hacer las cosas, habr\u00e1 cosas diferentes y otras cosas no tan diferentes, tal vez desde fuera se vea mejor, no me gustar\u00eda perder la esencia de lo que es la historia de la selecci\u00f3n nacional, que es grande y ojal\u00e1 podamos seguir manteni\u00e9ndola ah\u00ed arriba durante el tiempo que yo est\u00e9\u201d, expres\u00f3 el t\u00e9cnico madrile\u00f1o en declaraciones a la prensa.<\/p>\n<p class=\"\">A <b>Chus Mateo<\/b> le gustar\u00eda que <b>Espa\u00f1a <\/b>sea un equipo que comparta el bal\u00f3n, capaz de generar ventajas desde la pintura, un equipo altruista, que sea capaz de colaborar, adelante y atr\u00e1s, que sea valiente y que juegue bien al baloncesto, \u201cporque jugando bien hay m\u00e1s probabilidades de ganar\u201d, a\u00f1adi\u00f3.<\/p>\n<p class=\"\">\u201cNo es tarea f\u00e1cil, hay que resumir mucho, tratar de hacer cosas importantes en muy poco tiempo, pero intentaremos hacerlo\u201d, consider\u00f3.<\/p>\n<p class=\"\">Al llegar a la concentraci\u00f3n <b>Chus Mateo<\/b> ha encontrado \u201cun grupo con los ojos muy abiertos\u201d, tratando de escuchar todo lo nuevo que se van a encontrar, \u201ces una etapa nueva para casi todos, y mucha gente con mucha ilusi\u00f3n\u201d.<\/p>\n<p class=\"\">\u201cTodos tenemos ganas de hacer las cosas bien, estamos realmente encantados de formar parte de la selecci\u00f3n, para m\u00ed esto es un acicate para que todos nos empleemos a fondo\u201d, continu\u00f3 <b>Mateo<\/b>.<\/p>\n<p class=\"\">El t\u00e9cnico madrile\u00f1o desea transmitir que \u201clo que tenemos es que tratar de hacer jugar a este equipo lo mejor que podamos en poco tiempo\u201d. A su juicio, lo m\u00e1s importante ahora es crear una buena atm\u00f3sfera y generar un grupo unido que puede ayudar a sacar adelante al equipo en momentos de dificultad.<\/p>\n<p>Noticias relacionadas<a href=\"https:\/\/as.com\/baloncesto\/acb\/vila-volver-al-barca-ojala-pero-mi-compromiso-total-es-con-el-gran-canaria-f202511-n\/\" class=\"s_m_w\" title=\"Eric Vila, otrora canterano cul\u00e9, hoy vivir\u00e1 un partido que \u201csiempre es especial\u201d. Tampoco pierde de vista a la Selecci\u00f3n: \u201cS\u00e9 que puedo jugar en ella\u201d.\" data-tb-link=\"\" rel=\"nofollow noopener\" target=\"_blank\"><img decoding=\"async\" src=\"https:\/\/www.europesays.com\/es\/wp-content\/uploads\/2025\/11\/1764036982_616_XWM7EYEH3VNCPAYQX4CG23LQXA.jpg\" alt=\"Vila: \u201c\u00bfVolver al Bar\u00e7a? Ojal\u00e1, pero mi compromiso total es con el Gran Canaria&quot;\" class=\"\" height=\"9\" width=\"16\"   loading=\"lazy\" data-tb-thumbnail=\"\"\/><\/a><a href=\"https:\/\/as.com\/baloncesto\/acb\/costa-seria-el-colofon-ganar-al-madrid-antes-de-la-seleccion-f202511-n\/\" class=\"s_m_w\" title=\"El base del Granada ha recibido esta semana su primera llamada de la Selecci\u00f3n Espa\u00f1ola antes del duelo frente al equipo blanco. El jugador habla con AS.\" data-tb-link=\"\" rel=\"nofollow noopener\" target=\"_blank\"><img decoding=\"async\" src=\"https:\/\/www.europesays.com\/es\/wp-content\/uploads\/2025\/11\/UZPSS3P7QFOG3OSIUVH2XGRV74.jpg\" alt=\"Costa: \u201cSer\u00eda el colof\u00f3n: ganar al Madrid antes de la Selecci\u00f3n\u201d\" class=\"\" height=\"9\" width=\"16\"   loading=\"lazy\" data-tb-thumbnail=\"\"\/><\/a><\/p>\n<p class=\"\">El objetivo del nuevo seleccionador es que cada jugador encuentre apoyo en sus compa\u00f1eros, \u201cson <b>16 jugadores convocados<\/b> de clubes diversos, que ahora van a comenzar a conocerse como equipo\u201d, concluy\u00f3.<\/p>\n<p class=\"\"><b>\u00a1Tus opiniones importan!<\/b> Comenta en los art\u00edculos y suscr\u00edbete gratis a nuestra <a href=\"https:\/\/asfan.as.com\/newsletters\/\" target=\"_blank\" rel=\"nofollow noopener\" title=\"https:\/\/asfan.as.com\/newsletters\/\">newsletter<\/a> y a las alertas informativas en la <a href=\"https:\/\/as.com\/aplicacion-de-as-n\/\" target=\"_blank\" rel=\"nofollow noopener\" title=\"https:\/\/as.com\/aplicacion-de-as-n\/\">App<\/a> o el canal de <a href=\"https:\/\/www.whatsapp.com\/channel\/0029VaAasdA7j6g745nz9M10\" target=\"_blank\" rel=\"nofollow noopener\" title=\"https:\/\/www.whatsapp.com\/channel\/0029VaAasdA7j6g745nz9M10\">WhatsApp<\/a>. \u00bfBuscas licenciar contenido? Haz clic <a href=\"https:\/\/profesional.elpais.com\/soluciones-sindicacion?utm_medium=interno&amp;utm_source=crosslinking&amp;utm_campaign=sindicacion_as_pie_articulos\" target=\"_blank\" rel=\"nofollow noopener\" title=\"https:\/\/profesional.elpais.com\/soluciones-sindicacion?utm_medium=interno&amp;utm_source=crosslinking&amp;utm_campaign=sindicacion_as_pie_articulos\">aqu\u00ed<\/a><\/p>\n","protected":false},"excerpt":{"rendered":"Chus Mateo dirigi\u00f3 este lunes en Guadalajara su primer entrenamiento al frente de la selecci\u00f3n espa\u00f1ola, en cuyo&hellip;\n","protected":false},"author":2,"featured_media":254281,"comment_status":"","ping_status":"","sticky":false,"template":"","format":"standard","meta":{"footnotes":""},"categories":[93],"tags":[168,25,24,23,167],"class_list":{"0":"post-254280","1":"post","2":"type-post","3":"status-publish","4":"format-standard","5":"has-post-thumbnail","7":"category-deportes","8":"tag-deportes","9":"tag-es","10":"tag-espana","11":"tag-spain","12":"tag-sports"},"share_on_mastodon":{"url":"https:\/\/pubeurope.com\/@es\/115607934907761766","error":""},"_links":{"self":[{"href":"https:\/\/www.europesays.com\/es\/wp-json\/wp\/v2\/posts\/254280","targetHints":{"allow":["GET"]}}],"collection":[{"href":"https:\/\/www.europesays.com\/es\/wp-json\/wp\/v2\/posts"}],"about":[{"href":"https:\/\/www.europesays.com\/es\/wp-json\/wp\/v2\/types\/post"}],"author":[{"embeddable":true,"href":"https:\/\/www.europesays.com\/es\/wp-json\/wp\/v2\/users\/2"}],"replies":[{"embeddable":true,"href":"https:\/\/www.europesays.com\/es\/wp-json\/wp\/v2\/comments?post=254280"}],"version-history":[{"count":0,"href":"https:\/\/www.europesays.com\/es\/wp-json\/wp\/v2\/posts\/254280\/revisions"}],"wp:featuredmedia":[{"embeddable":true,"href":"https:\/\/www.europesays.com\/es\/wp-json\/wp\/v2\/media\/254281"}],"wp:attachment":[{"href":"https:\/\/www.europesays.com\/es\/wp-json\/wp\/v2\/media?parent=254280"}],"wp:term":[{"taxonomy":"category","embeddable":true,"href":"https:\/\/www.europesays.com\/es\/wp-json\/wp\/v2\/categories?post=254280"},{"taxonomy":"post_tag","embeddable":true,"href":"https:\/\/www.europesays.com\/es\/wp-json\/wp\/v2\/tags?post=254280"}],"curies":[{"name":"wp","href":"https:\/\/api.w.org\/{rel}","templated":true}]}}