{"id":254288,"date":"2025-11-25T02:20:19","date_gmt":"2025-11-25T02:20:19","guid":{"rendered":"https:\/\/www.europesays.com\/es\/254288\/"},"modified":"2025-11-25T02:20:19","modified_gmt":"2025-11-25T02:20:19","slug":"el-nuevo-jeep-compass-capacidad-iconica-versatilidad-integral-y-tecnologia-avanzada-ya-disponible-para-pruebas-de-prensa-stellantis-com","status":"publish","type":"post","link":"https:\/\/www.europesays.com\/es\/254288\/","title":{"rendered":"El Nuevo Jeep\u00ae Compass: capacidad ic\u00f3nica, versatilidad integral y tecnolog\u00eda avanzada \u2014 Ya disponible para pruebas de prensa &#8211; Stellantis.com"},"content":{"rendered":"<ol>\n<li><a href=\"https:\/\/news.google.com\/rss\/articles\/CBMi_wFBVV95cUxQaUY0Skw5STNtejk0ZmZIZHZDTWNzRTlQMFpycXg5b2lSNHZKRjZDeFF0VUNkR2RsVWtRbVRHTXlsTl9WZEZHM25xb0otWXBpcExKeWNNQ1VCa2JNUFYxTS12NnBqWmR2SzVQTndoSGpKRU9kd0RuWDBVd2kwNHBpR1FRcV9iZFVnQlZ5dHNrNGFoSHpia2FwZEdJSmRNRHdwSzBhdWpMYnNORGRvN050dFVfVjE4Z0ZfeWNDcEd6NXltdXRtRFpFRmNDOWVVSTFNTENlV09hb1BreHItcHdlSGJSdWp2WmRIUXJzSDhlT3VpZjJrS3REdVd3NV9IRDA?oc=5\" target=\"_blank\" rel=\"nofollow noopener\">El Nuevo Jeep\u00ae Compass: capacidad ic\u00f3nica, versatilidad integral y tecnolog\u00eda avanzada \u2014 Ya disponible para pruebas de prensa<\/a>&nbsp;&nbsp;Stellantis.com<\/li>\n<li><a href=\"https:\/\/news.google.com\/rss\/articles\/CBMiYEFVX3lxTE5ZZGhYRkV5WkZ5UVVETjdEQ3VaUmdkT1hjZWpwazRnR2JNSUNGYTJiTmtqZEw3YTRkWUhQcl9nLUtpczc1OUlhckZKeXdKdU1LY1RFbWZxVEdlSDA1TVBtQQ?oc=5\" target=\"_blank\" rel=\"nofollow noopener\">Jeep Compass: H\u00edbrido ligero de 145 CV desde 37.935 \u20ac<\/a>&nbsp;&nbsp;Coches.net<\/li>\n<li><a href=\"https:\/\/news.google.com\/rss\/articles\/CBMirgFBVV95cUxOQXktLXRHZjlndGd2SzNZd1g1M3lnR0tsdVJKTDhESDFWMEVyUXo4cTdRRng4WjBrVnJDaDVNNFNmb09kcFhNMmlEci1IUENuVUcwTnBhZDkwYU5pNHlLamZFcGh6WXQ2VTNoS3pEUEVMS3lmbFctVUx5MVUyTFFobWpsYmlobXRsQi1ESU9VMDlOQl91UXBVd2lScjlhY01fTHNlX3BWNUZTYkptQ0HSAbYBQVVfeXFMTzZGOUc5TDFKbzVRckNFUXVkQ3ZiY2NHdHltb1ItUUhxNlh3R25aY2x0NG1raEowUFVxSkozU29LaTZMVWFKM3RzZ1ZxUFpzVHdLUk5JYk1jVnREdWc2cl9BeEg5TEpBa2EwSlV3bmluRWUwblc5M3pvVkpRcEdOMGI0UE91eVFVTmZwejBoMU9NWG9IN0pDTnlJM1J2TDFsQzAyYm52a01PZ0E1bnpzSXd2WlhtUUE?oc=5\" target=\"_blank\" rel=\"nofollow noopener\">Jeep Compass (2025) &#8211; El Compass m\u00e1s europeo es h\u00edbrido y el\u00e9ctrico. | Impresiones del interior &#8211; km77.com<\/a>&nbsp;&nbsp;km77.com<\/li>\n<li><a href=\"https:\/\/news.google.com\/rss\/articles\/CBMipAFBVV95cUxPTW5oOUN6UzFEVS1CV0NRZGM1aFRfNHlwQ3hBZjdtU1lBaDZ0c0E5SXlhbUFTc1BoZm13bHQxbXlCZjF6YzdOaVVtbjVMbVMyZVRuOVcza2VXOFdKaHpTR1ZnQXctbUd3eVpOMTRzQmxabFhiNFBTQlM1bXJjZVgzMS1KX0RzVmZYUk9BV1ltcUhDWnByWDJLY3VPS21mLXB3Qm1wNtIBpAFBVV95cUxPdlpaUFJDV0d3R1FYRFBENW93MkRIZHE0STJhbU44ZEVxQ3dFNzRZeVBtYlpYeW4wOWFRZ3E5bUFUSnBmSG4xOHNYVlRHN0RHN25JdVg2ajdoX0RXd3BEWVJ5WFV4bDhQeGQ4UnY4TFVETTUweE1LRlF5T1ZYWk9jNGFyNTE5Um05UkwtVHlTTjMyeTNGMXFGQkhlWEtLMTIwNmdvcg?oc=5\" target=\"_blank\" rel=\"nofollow noopener\">Jeep Compass: as\u00ed va un SUV el\u00e9ctrico que no hace ascos al campo<\/a>&nbsp;&nbsp;MARCA<\/li>\n<li><a href=\"https:\/\/news.google.com\/rss\/articles\/CBMid0FVX3lxTFAzVllIQXFDUy1OYlFPT05KTlhmbXR6MVJ5TTBKSDJqMGR4LVNiUDhtbTVWeG5RV1J3d2N3bEhPZG5RekRCdE1henhCQ3dCWS1RZWlQc2Y3STdGcVJBa19POHR6Y1MtTGJ6aTFpa2l5LWRTNFNuRDVj?oc=5\" target=\"_blank\" rel=\"nofollow noopener\">Jeep Compass 2026: primera prueba del SUV familiar y aventurero<\/a>&nbsp;&nbsp;Motor1.com Espa\u00f1a<\/li>\n<\/ol>\n","protected":false},"excerpt":{"rendered":"El Nuevo Jeep\u00ae Compass: capacidad ic\u00f3nica, versatilidad integral y tecnolog\u00eda avanzada \u2014 Ya disponible para pruebas de prensa&nbsp;&nbsp;Stellantis.com&hellip;\n","protected":false},"author":2,"featured_media":248356,"comment_status":"","ping_status":"","sticky":false,"template":"","format":"standard","meta":{"footnotes":""},"categories":[80],"tags":[82,95,94,25,24,23],"class_list":{"0":"post-254288","1":"post","2":"type-post","3":"status-publish","4":"format-standard","5":"has-post-thumbnail","7":"category-economia","8":"tag-business","9":"tag-economia","10":"tag-economy","11":"tag-es","12":"tag-espana","13":"tag-spain"},"share_on_mastodon":{"url":"https:\/\/pubeurope.com\/@es\/115607950369702009","error":""},"_links":{"self":[{"href":"https:\/\/www.europesays.com\/es\/wp-json\/wp\/v2\/posts\/254288","targetHints":{"allow":["GET"]}}],"collection":[{"href":"https:\/\/www.europesays.com\/es\/wp-json\/wp\/v2\/posts"}],"about":[{"href":"https:\/\/www.europesays.com\/es\/wp-json\/wp\/v2\/types\/post"}],"author":[{"embeddable":true,"href":"https:\/\/www.europesays.com\/es\/wp-json\/wp\/v2\/users\/2"}],"replies":[{"embeddable":true,"href":"https:\/\/www.europesays.com\/es\/wp-json\/wp\/v2\/comments?post=254288"}],"version-history":[{"count":0,"href":"https:\/\/www.europesays.com\/es\/wp-json\/wp\/v2\/posts\/254288\/revisions"}],"wp:featuredmedia":[{"embeddable":true,"href":"https:\/\/www.europesays.com\/es\/wp-json\/wp\/v2\/media\/248356"}],"wp:attachment":[{"href":"https:\/\/www.europesays.com\/es\/wp-json\/wp\/v2\/media?parent=254288"}],"wp:term":[{"taxonomy":"category","embeddable":true,"href":"https:\/\/www.europesays.com\/es\/wp-json\/wp\/v2\/categories?post=254288"},{"taxonomy":"post_tag","embeddable":true,"href":"https:\/\/www.europesays.com\/es\/wp-json\/wp\/v2\/tags?post=254288"}],"curies":[{"name":"wp","href":"https:\/\/api.w.org\/{rel}","templated":true}]}}