{"id":254291,"date":"2025-11-25T02:22:10","date_gmt":"2025-11-25T02:22:10","guid":{"rendered":"https:\/\/www.europesays.com\/es\/254291\/"},"modified":"2025-11-25T02:22:10","modified_gmt":"2025-11-25T02:22:10","slug":"la-policia-desaloja-el-antiguo-hotel-nh-de-parla-tras-ser-okupado-por-60-personas","status":"publish","type":"post","link":"https:\/\/www.europesays.com\/es\/254291\/","title":{"rendered":"La Polic\u00eda desaloja el antiguo hotel NH de Parla tras ser okupado por 60 personas"},"content":{"rendered":"<p style=\"\">Unidades de la <a href=\"https:\/\/www.abc.es\/noticias\/policia-nacional\/\" title=\"www.abc.es\" data-voc-vtm-id=\"in-text-traffic\" data-mrf-link=\"www.abc.es\" rel=\"nofollow noopener\" target=\"_blank\">Polic\u00eda Nacional<\/a> y de la Polic\u00eda Local de Parla han desalojado este lunes por la ma\u00f1ana <strong>a unas 60 personas <\/strong>que hab\u00edan okupado las antiguas instalaciones del hotel de la cadena NH, ubicado en el \u00e1rea sur de la localidad.<\/p>\n<p style=\"\">Los  &#8230; agentes han procedido al desalojo <strong>desde las cuatro de esta madrugada<\/strong>, despu\u00e9s de que el PP alertase de que decenas de vecinos le hab\u00edan trasladado su inquietud por esta okupaci\u00f3n, seg\u00fan han confirmado fuentes municipales a Europa Press, que han detallado que \u00abla intervenci\u00f3n ha sido inmediata\u00bb.<\/p>\n<p class=\"voc-p\" style=\"\">\u00abNo se est\u00e1n registrando incidentes y <strong>se resolver\u00e1 en las pr\u00f3ximas horas<\/strong>\u00bb, han precisado las mismas fuentes, que han asegurado que las personas desalojadas proced\u00edan de otro hotel de la capital que fue desalojado.<\/p>\n<p class=\"voc-p\" style=\"\">El alcalde de Parla, Ram\u00f3n Jurado (PSOE), ha informado en redes sociales de la operaci\u00f3n, que <strong>\u00abha impedido que se ocupara el antiguo hotel NH<\/strong> en v\u00edsperas de su reapertura\u00bb. \u00abMi agradecimiento al delegado del Gobierno, Francisco Mart\u00edn, y a los Cuerpos y Fuerzas de Seguridad del Estado por su compromiso y profesionalidad\u00bb, ha se\u00f1alado.<\/p>\n<p class=\"voc-p\" style=\"\">Por su parte, el portavoz del PP, H\u00e9ctor Carracedo, ha asegurado que los vecinos del entorno \u00ab<strong>tienen miedo y est\u00e1n preocupados <\/strong>de que se pueda convertir en una Fuente Arenosa\u00bb, una de las urbanizaciones m\u00e1s conflictivas de la localidad. \u00abLlevamos a\u00f1os sufriendo la lacra de la okupaci\u00f3n\u00bb, ha apuntado.<\/p>\n<p class=\"voc-p\" style=\"\">El hotel NH ha sido un escenario habitual desde hace a\u00f1os por distintos motivos: ah\u00ed comunic\u00f3 el exalcalde Tom\u00e1s G\u00f3mez que <strong>dejaba la alcald\u00eda para ocupar la Secretar\u00eda General del PSM<\/strong> en 2007. M\u00e1s recientemente, en 2020, fue una de las instalaciones medicalizadas en la regi\u00f3n para atender a pacientes de covid-19 durante la pandemia.<\/p>\n<p class=\"voc-p\" style=\"\">El complejo, de 88 habitaciones, se ubica junto a <strong>una de las zonas m\u00e1s conflictivas de Parla<\/strong>, el edificio de &#8216;Toledo 15&#8217;, que fue okupado en un 90% hace unos a\u00f1os. Esta proximidad motiv\u00f3 que los due\u00f1os pusieran a la venta el hotel, seg\u00fan los vecinos de la zona.<\/p>\n","protected":false},"excerpt":{"rendered":"Unidades de la Polic\u00eda Nacional y de la Polic\u00eda Local de Parla han desalojado este lunes por la&hellip;\n","protected":false},"author":2,"featured_media":254292,"comment_status":"","ping_status":"","sticky":false,"template":"","format":"standard","meta":{"footnotes":""},"categories":[8],"tags":[22101,17,18,64122,25,24,13,14,11,206,19,20,9,10,15,16,64123,27953,3477,586,23,12,575,21,22],"class_list":{"0":"post-254291","1":"post","2":"type-post","3":"status-publish","4":"format-standard","5":"has-post-thumbnail","7":"category-espana","8":"tag-antiguo","9":"tag-breaking-news","10":"tag-breakingnews","11":"tag-desaloja","12":"tag-es","13":"tag-espana","14":"tag-featured-news","15":"tag-featurednews","16":"tag-headlines","17":"tag-hotel","18":"tag-latest-news","19":"tag-latestnews","20":"tag-news","21":"tag-noticias","22":"tag-noticias-destacadas","23":"tag-noticiasdestacadas","24":"tag-okupado","25":"tag-parla","26":"tag-personas","27":"tag-policia","28":"tag-spain","29":"tag-titulares","30":"tag-tras","31":"tag-ultimas-noticias","32":"tag-ultimasnoticias"},"share_on_mastodon":{"url":"https:\/\/pubeurope.com\/@es\/115607958099410306","error":""},"_links":{"self":[{"href":"https:\/\/www.europesays.com\/es\/wp-json\/wp\/v2\/posts\/254291","targetHints":{"allow":["GET"]}}],"collection":[{"href":"https:\/\/www.europesays.com\/es\/wp-json\/wp\/v2\/posts"}],"about":[{"href":"https:\/\/www.europesays.com\/es\/wp-json\/wp\/v2\/types\/post"}],"author":[{"embeddable":true,"href":"https:\/\/www.europesays.com\/es\/wp-json\/wp\/v2\/users\/2"}],"replies":[{"embeddable":true,"href":"https:\/\/www.europesays.com\/es\/wp-json\/wp\/v2\/comments?post=254291"}],"version-history":[{"count":0,"href":"https:\/\/www.europesays.com\/es\/wp-json\/wp\/v2\/posts\/254291\/revisions"}],"wp:featuredmedia":[{"embeddable":true,"href":"https:\/\/www.europesays.com\/es\/wp-json\/wp\/v2\/media\/254292"}],"wp:attachment":[{"href":"https:\/\/www.europesays.com\/es\/wp-json\/wp\/v2\/media?parent=254291"}],"wp:term":[{"taxonomy":"category","embeddable":true,"href":"https:\/\/www.europesays.com\/es\/wp-json\/wp\/v2\/categories?post=254291"},{"taxonomy":"post_tag","embeddable":true,"href":"https:\/\/www.europesays.com\/es\/wp-json\/wp\/v2\/tags?post=254291"}],"curies":[{"name":"wp","href":"https:\/\/api.w.org\/{rel}","templated":true}]}}