{"id":254293,"date":"2025-11-25T02:23:19","date_gmt":"2025-11-25T02:23:19","guid":{"rendered":"https:\/\/www.europesays.com\/es\/254293\/"},"modified":"2025-11-25T02:23:19","modified_gmt":"2025-11-25T02:23:19","slug":"la-superliga-inicia-la-demanda-multimillonaria-que-amenaza-a-la-uefa","status":"publish","type":"post","link":"https:\/\/www.europesays.com\/es\/254293\/","title":{"rendered":"La Superliga inicia la demanda multimillonaria que amenaza a la UEFA"},"content":{"rendered":"<p class=\"ft-text\">\u00abLos clubes tenemos reconocido el derecho para crear nuestras propias competiciones. Estamos en igualdad de condiciones que la UEFA.\u00a0<strong>Nadie nos puede amenazar. Los clubes somos libres<\/strong>. La contundencia de la sentencia nos permite impulsar una competici\u00f3n y reclamar da\u00f1os a UEFA\u00bb. <a class=\"ft-link ft-link--decoration\" href=\"https:\/\/www.sport.es\/es\/noticias\/real-madrid\/madrid-obcecado-superliga-nadie-amenazar-124030120\" rel=\"nofollow noopener\" target=\"_blank\">Lo advirti\u00f3 Florentino P\u00e9rez<\/a> en la \u00faltima asamblea del Real Madrid y ahora la Superliga ha pasado a la acci\u00f3n.<\/p>\n<p class=\"ft-text\">En un comunicado oficial, la empresa A22, que impulsa la competici\u00f3n europea, ha anunciado que <strong>inicia la reclamaci\u00f3n de da\u00f1os y perjuicios contra la UEFA. <\/strong><\/p>\n<p class=\"ft-text\">\u00abVamos a poner en pr\u00e1ctica las sentencias judiciales. Pese al esfuerzo de equipos negociadores en las reuniones que se han mantenido en la b\u00fasqueda de acuerdos beneficiosos para todos los clubes, no ha sido posible porque UEFA nos pide que volvamos a la ECA.\u00a0<strong>No permiten trabajar en libertad, obligan a renunciar a cualquier reclamaci\u00f3n judicial ante UEFA<\/strong>. Ser\u00eda potencialmente renunciar a miles de millones de euros que vamos a reclamar\u00bb, explic\u00f3 Florentino en la asamblea del conjunto blanco. Dicho y hecho.<\/p>\n<p><img decoding=\"async\" src=\"https:\/\/www.europesays.com\/es\/wp-content\/uploads\/2025\/11\/ed5238e8-04ab-4529-94c8-a74e074f686a_alta-libre-aspect-ratio_default_0.jpg\" width=\"1200\" height=\"800\" alt=\"Bernd Reichart. CEO de A22 Sports Management, sociedad promotora de la Superliga, junto a Florentino P\u00e9rez y Joan Laporta, en un desayuno informativo en diciembre de 2022.\" class=\"ft-helper-img-rd\" loading=\"lazy\"\/><\/p>\n<p class=\"ft-helper-fontColor-quaternary ft-helper-fontSize-body-S ft-helper-spacer-t-xxs\">Bernd Reichart. CEO de A22 Sports Management, sociedad promotora de la Superliga, junto a Florentino P\u00e9rez y Joan Laporta, en un desayuno informativo en diciembre de 2022.  \/ MARISCAL \/ EFE<\/p>\n<p class=\"ft-text\"><a class=\"ft-link ft-link--decoration\" href=\"https:\/\/www.sport.es\/es\/noticias\/real-madrid\/superliga-florentino-indemnizaciones-uefa-sentencias-judiciales-123156779\" rel=\"nofollow noopener\" target=\"_blank\">Seg\u00fan public\u00f3 el Financial Times hace unas semanas<\/a>, la cantidad reclamada ser\u00eda nada m\u00e1s y nada menos que <strong>4.500 millones de euros.<\/strong><\/p>\n<p class=\"ft-text\">Seg\u00fan el comunicado, A22 inici\u00f3 los tr\u00e1mites preceptivos de MASC (Medios Adecuados de Soluci\u00f3n de Controversias) el pasado 21 de noviembre, como paso previo a la interposici\u00f3n de una demanda judicial contra la UEFA. El objeto de dicha acci\u00f3n ser\u00eda<strong> \u00abreclamar una indemnizaci\u00f3n por los da\u00f1os y perjuicios sufridos a consecuencia del abuso de posici\u00f3n de dominio de la UEFA<\/strong> como operador monopol\u00edstico en el mercado de las competiciones europeas de clubes de f\u00fatbol\u00bb.<\/p>\n<p><img decoding=\"async\" src=\"https:\/\/www.europesays.com\/es\/wp-content\/uploads\/2025\/11\/52f0c773-5d6a-411a-9db5-d63a186c058b_alta-libre-aspect-ratio_default_0.jpg\" width=\"1200\" height=\"675\" alt=\"El alem\u00e1n Bernd Reichart, consejero delegado de A22 Sports Management\" class=\"ft-helper-img-rd\" loading=\"lazy\"\/><\/p>\n<p class=\"ft-helper-fontColor-quaternary ft-helper-fontSize-body-S ft-helper-spacer-t-xxs\">El alem\u00e1n Bernd Reichart, consejero delegado de A22 Sports Management  \/ VALENT\u00cd ENRICH<\/p>\n<p class=\"ft-text\">En diciembre de 2024, tal y como explican ellos mismos, A22 <strong>solicit\u00f3 formalmente a la UEFA el reconocimiento de la Liga Unify<\/strong>, dando inicio a unas negociaciones que se alargaron durante siete meses, hasta septiembre de 2025.<\/p>\n<p class=\"ft-text\">\u00abDurante estas negociaciones, <strong>A22 realiz\u00f3 importantes concesiones para acercar posturas <\/strong>entre su propuesta de la Liga Unify y las actuales competiciones de clubes de la UEFA\u00bb, afirman en el comunicado. Sin embargo, no se alcanz\u00f3 ning\u00fan acuerdo.<\/p>\n<p class=\"ft-text\">Como consecuencia de todo esto, la Superliga inicia ahora los tr\u00e1mites para exigir una compensaci\u00f3n: \u00ab<strong>la UEFA se enfrenta ahora a un escenario de significativas reclamaciones patrimoniales <\/strong>tanto por parte de los clubes como de A22&#8243;.<\/p>\n","protected":false},"excerpt":{"rendered":"\u00abLos clubes tenemos reconocido el derecho para crear nuestras propias competiciones. Estamos en igualdad de condiciones que la&hellip;\n","protected":false},"author":2,"featured_media":254294,"comment_status":"","ping_status":"","sticky":false,"template":"","format":"standard","meta":{"footnotes":""},"categories":[5],"tags":[17,18,6386,25,24,13,14,15510,69,11,6683,19,20,9,10,15,16,23,20056,48855,12,1627,21,22],"class_list":{"0":"post-254293","1":"post","2":"type-post","3":"status-publish","4":"format-standard","5":"has-post-thumbnail","7":"category-titulares","8":"tag-breaking-news","9":"tag-breakingnews","10":"tag-demanda","11":"tag-es","12":"tag-espana","13":"tag-featured-news","14":"tag-featurednews","15":"tag-florentino-perez","16":"tag-guerra","17":"tag-headlines","18":"tag-inicia","19":"tag-latest-news","20":"tag-latestnews","21":"tag-news","22":"tag-noticias","23":"tag-noticias-destacadas","24":"tag-noticiasdestacadas","25":"tag-spain","26":"tag-superliga","27":"tag-superliga-europea","28":"tag-titulares","29":"tag-total","30":"tag-ultimas-noticias","31":"tag-ultimasnoticias"},"share_on_mastodon":{"url":"https:\/\/pubeurope.com\/@es\/115607962122691500","error":""},"_links":{"self":[{"href":"https:\/\/www.europesays.com\/es\/wp-json\/wp\/v2\/posts\/254293","targetHints":{"allow":["GET"]}}],"collection":[{"href":"https:\/\/www.europesays.com\/es\/wp-json\/wp\/v2\/posts"}],"about":[{"href":"https:\/\/www.europesays.com\/es\/wp-json\/wp\/v2\/types\/post"}],"author":[{"embeddable":true,"href":"https:\/\/www.europesays.com\/es\/wp-json\/wp\/v2\/users\/2"}],"replies":[{"embeddable":true,"href":"https:\/\/www.europesays.com\/es\/wp-json\/wp\/v2\/comments?post=254293"}],"version-history":[{"count":0,"href":"https:\/\/www.europesays.com\/es\/wp-json\/wp\/v2\/posts\/254293\/revisions"}],"wp:featuredmedia":[{"embeddable":true,"href":"https:\/\/www.europesays.com\/es\/wp-json\/wp\/v2\/media\/254294"}],"wp:attachment":[{"href":"https:\/\/www.europesays.com\/es\/wp-json\/wp\/v2\/media?parent=254293"}],"wp:term":[{"taxonomy":"category","embeddable":true,"href":"https:\/\/www.europesays.com\/es\/wp-json\/wp\/v2\/categories?post=254293"},{"taxonomy":"post_tag","embeddable":true,"href":"https:\/\/www.europesays.com\/es\/wp-json\/wp\/v2\/tags?post=254293"}],"curies":[{"name":"wp","href":"https:\/\/api.w.org\/{rel}","templated":true}]}}