{"id":254303,"date":"2025-11-25T02:34:19","date_gmt":"2025-11-25T02:34:19","guid":{"rendered":"https:\/\/www.europesays.com\/es\/254303\/"},"modified":"2025-11-25T02:34:19","modified_gmt":"2025-11-25T02:34:19","slug":"no-habia-ni-una-ventana-que-diera-a-un-patio-de-luces","status":"publish","type":"post","link":"https:\/\/www.europesays.com\/es\/254303\/","title":{"rendered":"No hab\u00eda ni una ventana que diera a un patio de luces"},"content":{"rendered":"<p>En lo primero que se fij\u00f3 la interiorista y dise\u00f1adora <a href=\"https:\/\/www.revistainteriores.es\/ideas-casa\/rosa-lahoz-interiorista-maximalismo-casas-arriesgar-suelos-colores_11410\" rel=\"nofollow noopener\" target=\"_blank\">Rosa Lahoz<\/a>, fundadora de Lapopie Studio, cuando entr\u00f3 en este piso de 1905, fue que, aparte de estar excesi\u00advamente compartimentado, con paredes torcidas y agrietadas, era muy oscuro, ya que la entrada de luz proced\u00eda \u00fanicamente de la fachada y de la galer\u00eda posterior. \u00abNo hab\u00eda ni una ventana en la parte central que diera a un patio de luces&#8230;\u00bb, co\u00admenta. <strong>As\u00ed que <a href=\"https:\/\/www.revistainteriores.es\/casas\/antes-despues-piso-oscuro-caotico-moderna-lujosa-amplia-vivienda-barrio-salamanca_9999\" rel=\"nofollow noopener\" target=\"_blank\">conseguir la m\u00e1xima luz natural<\/a> se convirti\u00f3 en el principal objeti\u00advo de la reforma integral de esta vivienda de ochenta y siete metros cuadrados, situada a escasos pa\u00adsos del centro de Zaragoza.<\/strong><\/p>\n","protected":false},"excerpt":{"rendered":"En lo primero que se fij\u00f3 la interiorista y dise\u00f1adora Rosa Lahoz, fundadora de Lapopie Studio, cuando entr\u00f3&hellip;\n","protected":false},"author":2,"featured_media":254304,"comment_status":"","ping_status":"","sticky":false,"template":"","format":"standard","meta":{"footnotes":""},"categories":[173],"tags":[229,233,231,230,232,234,146,147,25,24,23],"class_list":{"0":"post-254303","1":"post","2":"type-post","3":"status-publish","4":"format-standard","5":"has-post-thumbnail","7":"category-arte-y-diseno","8":"tag-arte","9":"tag-arte-y-diseno","10":"tag-arts","11":"tag-arts-and-design","12":"tag-design","13":"tag-diseno","14":"tag-entertainment","15":"tag-entretenimiento","16":"tag-es","17":"tag-espana","18":"tag-spain"},"share_on_mastodon":{"url":"https:\/\/pubeurope.com\/@es\/115608005060435051","error":""},"_links":{"self":[{"href":"https:\/\/www.europesays.com\/es\/wp-json\/wp\/v2\/posts\/254303","targetHints":{"allow":["GET"]}}],"collection":[{"href":"https:\/\/www.europesays.com\/es\/wp-json\/wp\/v2\/posts"}],"about":[{"href":"https:\/\/www.europesays.com\/es\/wp-json\/wp\/v2\/types\/post"}],"author":[{"embeddable":true,"href":"https:\/\/www.europesays.com\/es\/wp-json\/wp\/v2\/users\/2"}],"replies":[{"embeddable":true,"href":"https:\/\/www.europesays.com\/es\/wp-json\/wp\/v2\/comments?post=254303"}],"version-history":[{"count":0,"href":"https:\/\/www.europesays.com\/es\/wp-json\/wp\/v2\/posts\/254303\/revisions"}],"wp:featuredmedia":[{"embeddable":true,"href":"https:\/\/www.europesays.com\/es\/wp-json\/wp\/v2\/media\/254304"}],"wp:attachment":[{"href":"https:\/\/www.europesays.com\/es\/wp-json\/wp\/v2\/media?parent=254303"}],"wp:term":[{"taxonomy":"category","embeddable":true,"href":"https:\/\/www.europesays.com\/es\/wp-json\/wp\/v2\/categories?post=254303"},{"taxonomy":"post_tag","embeddable":true,"href":"https:\/\/www.europesays.com\/es\/wp-json\/wp\/v2\/tags?post=254303"}],"curies":[{"name":"wp","href":"https:\/\/api.w.org\/{rel}","templated":true}]}}