{"id":254305,"date":"2025-11-25T02:36:11","date_gmt":"2025-11-25T02:36:11","guid":{"rendered":"https:\/\/www.europesays.com\/es\/254305\/"},"modified":"2025-11-25T02:36:11","modified_gmt":"2025-11-25T02:36:11","slug":"imagenes-vetadas-y-los-chicos-piden-una-hoguera-de-confrontacion","status":"publish","type":"post","link":"https:\/\/www.europesays.com\/es\/254305\/","title":{"rendered":"im\u00e1genes vetadas y los chicos piden una hoguera de confrontaci\u00f3n"},"content":{"rendered":"<p>Lo ocurrido en la gala de este lunes de la novena edici\u00f3n de <a title=\"&#039;La isla de las tentaciones&#039;\" href=\"https:\/\/www.larazon.es\/television\/claudia-rinde-deseo-isla-tentaciones-9-cruza-todos-limites_20251120691f1ef5360d0840bcecd795.html\" target=\"_blank\" rel=\"nofollow noopener\">&#8216;La isla de las tentaciones&#8217;<\/a> no hab\u00eda pasado nunca en la historia del programa por partida doble: el programa ha decidido no emitir las im\u00e1genes de Claudia con su tentador por su al alto contenido sensible y <b>los chicos han pedido una hoguera de confrontaci\u00f3n para su compa\u00f1ero<\/b>.<\/p>\n<p>En la anterior entrega, Gilbert fue sancionado tras huir hacia &#8216;Villa Playa&#8217; y la penalizaci\u00f3n consisti\u00f3 en expulsarle de la \u00faltima hoguera. De esta forma, no ha podido ver las <b>picantes im\u00e1genes de su novia Claudia con Gerard,<\/b> que s\u00ed han visionado el resto de sus compa\u00f1eros, pero que <b>no han podido ser emitidas en televisi\u00f3n<\/b>.<\/p>\n<p>El grupo de chicos no ha podido ocultar su sorpresa ante las grabaciones y Dar\u00edo ha hablado alto y claro, asegurando que \u00abGilbert <b>necesita tener a su novia delante<\/b> para que le diga a los ojos por qu\u00e9 le est\u00e1 haciendo eso\u00bb, mientras que Rodri se ha sumado a sus palabras, apuntando que es necesario que Claudia le de una explicaci\u00f3n a la cara a su compa\u00f1ero y siendo el primero en nombrar la \u00abhoguera de la confrontaci\u00f3n\u00bb.<\/p>\n<p>\u00abEs la <b>primera vez en la historia <\/b>de &#8216;La isla de las tentaciones&#8217; que vosotros, los compa\u00f1eros, convoc\u00e1is una hoguera de confrontaci\u00f3n en lugar de vuestro compa\u00f1ero. Bajo vuestro propio riesgo y responsabilidad le voy a trasladar la petici\u00f3n a Claudia\u00bb, ha apuntado Sandra Barneda.<\/p>\n<p>La presentadora ha continuado explicando que ahora le pelota est\u00e1 sobre el tejado de Claudia, quien \u00ablibremente<b> decidir\u00e1 si acepta o no<\/b> acudir a la hoguera de confrontaci\u00f3n\u00bb, pero si decide no presentarse, deber\u00e1 abandonar el lugar \u00absola y sin poder hablar con Gilbert\u00bb.<\/p>\n","protected":false},"excerpt":{"rendered":"Lo ocurrido en la gala de este lunes de la novena edici\u00f3n de &#8216;La isla de las tentaciones&#8217;&hellip;\n","protected":false},"author":2,"featured_media":254306,"comment_status":"","ping_status":"","sticky":false,"template":"","format":"standard","meta":{"footnotes":""},"categories":[171],"tags":[146,147,25,24,23,214],"class_list":{"0":"post-254305","1":"post","2":"type-post","3":"status-publish","4":"format-standard","5":"has-post-thumbnail","7":"category-tv","8":"tag-entertainment","9":"tag-entretenimiento","10":"tag-es","11":"tag-espana","12":"tag-spain","13":"tag-tv"},"share_on_mastodon":{"url":"https:\/\/pubeurope.com\/@es\/115608012918592401","error":""},"_links":{"self":[{"href":"https:\/\/www.europesays.com\/es\/wp-json\/wp\/v2\/posts\/254305","targetHints":{"allow":["GET"]}}],"collection":[{"href":"https:\/\/www.europesays.com\/es\/wp-json\/wp\/v2\/posts"}],"about":[{"href":"https:\/\/www.europesays.com\/es\/wp-json\/wp\/v2\/types\/post"}],"author":[{"embeddable":true,"href":"https:\/\/www.europesays.com\/es\/wp-json\/wp\/v2\/users\/2"}],"replies":[{"embeddable":true,"href":"https:\/\/www.europesays.com\/es\/wp-json\/wp\/v2\/comments?post=254305"}],"version-history":[{"count":0,"href":"https:\/\/www.europesays.com\/es\/wp-json\/wp\/v2\/posts\/254305\/revisions"}],"wp:featuredmedia":[{"embeddable":true,"href":"https:\/\/www.europesays.com\/es\/wp-json\/wp\/v2\/media\/254306"}],"wp:attachment":[{"href":"https:\/\/www.europesays.com\/es\/wp-json\/wp\/v2\/media?parent=254305"}],"wp:term":[{"taxonomy":"category","embeddable":true,"href":"https:\/\/www.europesays.com\/es\/wp-json\/wp\/v2\/categories?post=254305"},{"taxonomy":"post_tag","embeddable":true,"href":"https:\/\/www.europesays.com\/es\/wp-json\/wp\/v2\/tags?post=254305"}],"curies":[{"name":"wp","href":"https:\/\/api.w.org\/{rel}","templated":true}]}}