{"id":254317,"date":"2025-11-25T02:43:13","date_gmt":"2025-11-25T02:43:13","guid":{"rendered":"https:\/\/www.europesays.com\/es\/254317\/"},"modified":"2025-11-25T02:43:13","modified_gmt":"2025-11-25T02:43:13","slug":"un-nuevo-mercadona-abre-en-murcia","status":"publish","type":"post","link":"https:\/\/www.europesays.com\/es\/254317\/","title":{"rendered":"Un nuevo Mercadona abre en Murcia"},"content":{"rendered":"<p class=\"v-mdl-ath__p v-mdl-ath__p--6\">\nLunes, 24 de noviembre 2025, 11:56<\/p>\n<p>| Actualizado 13:47h.<\/p>\n<p class=\"v-p\">Mercadona abre un nuevo supermercado en Santo \u00c1ngel, concretamente en Av. de Sta Catalina s\/n, una apertura que ha supuesto el cierre del ubicado en la avenida de Juan Carlos I, 6, por no cumplir los est\u00e1ndares requeridos por la compa\u00f1\u00eda. La compa\u00f1\u00eda ha invertido m\u00e1s de 5 millones de euros en su construcci\u00f3n, en la que han participado 54 proveedores que han dado empleo a 94 personas durante la fase de obras. <\/p>\n<p class=\"v-p\">Este supermercado, que cuenta con una plantilla de 46 personas, tiene una superficie de sala de ventas de 1.805 metros cuadrados e incorpora la secci\u00f3n &#8216;Listo para Comer&#8217;, con una amplia oferta de platos, bebidas refrigeradas y una zona de descanso para los clientes. Desde la puesta en marcha de esta secci\u00f3n, en 2018, la compa\u00f1\u00eda se ha ido adaptando a las necesidades y tendencias de consumo de los clientes. <\/p>\n<p class=\"v-p\">El horario de apertura de es de lunes a s\u00e1bado, de 09:00 a 21:30 horas. Dispone de un aparcamiento de 135 plazas para facilitar el acto de compra a todos los clientes que se desplacen en veh\u00edculo privado, 5 de ellas para veh\u00edculos el\u00e9ctricos, 6 plazas para motos y 8 plazas para bicicletas. <\/p>\n<p class=\"v-p\">Con esta nueva apertura, los clientes se beneficiar\u00e1n de su conocida pol\u00edtica comercial SPB (Siempre Precios Bajos), que permite que realicen sus compras de forma estable, comprando solo lo que necesitan y siempre con la m\u00e1xima calidad al mejor precio, sin depender de descuentos, promociones o folletos.<\/p>\n<p>Reporta un error<\/p>\n","protected":false},"excerpt":{"rendered":"Lunes, 24 de noviembre 2025, 11:56 | Actualizado 13:47h. Mercadona abre un nuevo supermercado en Santo \u00c1ngel, concretamente&hellip;\n","protected":false},"author":2,"featured_media":254318,"comment_status":"","ping_status":"","sticky":false,"template":"","format":"standard","meta":{"footnotes":""},"categories":[80],"tags":[490,82,95,94,25,24,4973,1478,524,23],"class_list":{"0":"post-254317","1":"post","2":"type-post","3":"status-publish","4":"format-standard","5":"has-post-thumbnail","7":"category-economia","8":"tag-abre","9":"tag-business","10":"tag-economia","11":"tag-economy","12":"tag-es","13":"tag-espana","14":"tag-mercadona","15":"tag-murcia","16":"tag-nuevo","17":"tag-spain"},"share_on_mastodon":{"url":"","error":""},"_links":{"self":[{"href":"https:\/\/www.europesays.com\/es\/wp-json\/wp\/v2\/posts\/254317","targetHints":{"allow":["GET"]}}],"collection":[{"href":"https:\/\/www.europesays.com\/es\/wp-json\/wp\/v2\/posts"}],"about":[{"href":"https:\/\/www.europesays.com\/es\/wp-json\/wp\/v2\/types\/post"}],"author":[{"embeddable":true,"href":"https:\/\/www.europesays.com\/es\/wp-json\/wp\/v2\/users\/2"}],"replies":[{"embeddable":true,"href":"https:\/\/www.europesays.com\/es\/wp-json\/wp\/v2\/comments?post=254317"}],"version-history":[{"count":0,"href":"https:\/\/www.europesays.com\/es\/wp-json\/wp\/v2\/posts\/254317\/revisions"}],"wp:featuredmedia":[{"embeddable":true,"href":"https:\/\/www.europesays.com\/es\/wp-json\/wp\/v2\/media\/254318"}],"wp:attachment":[{"href":"https:\/\/www.europesays.com\/es\/wp-json\/wp\/v2\/media?parent=254317"}],"wp:term":[{"taxonomy":"category","embeddable":true,"href":"https:\/\/www.europesays.com\/es\/wp-json\/wp\/v2\/categories?post=254317"},{"taxonomy":"post_tag","embeddable":true,"href":"https:\/\/www.europesays.com\/es\/wp-json\/wp\/v2\/tags?post=254317"}],"curies":[{"name":"wp","href":"https:\/\/api.w.org\/{rel}","templated":true}]}}