{"id":254319,"date":"2025-11-25T02:44:14","date_gmt":"2025-11-25T02:44:14","guid":{"rendered":"https:\/\/www.europesays.com\/es\/254319\/"},"modified":"2025-11-25T02:44:14","modified_gmt":"2025-11-25T02:44:14","slug":"el-pais-que-habla-en-voz-baja-el-miedo-se-aduena-de-venezuela","status":"publish","type":"post","link":"https:\/\/www.europesays.com\/es\/254319\/","title":{"rendered":"El pa\u00eds que habla en voz baja: el miedo se adue\u00f1a de Venezuela"},"content":{"rendered":"<p class=\"\">En Caracas la gente habla bajito. Las conversaciones sobre pol\u00edtica se murmuran, como si las paredes escucharan. Los mensajes de WhatsApp se borran al terminar de leerlos y se ha normalizado la autodestrucci\u00f3n autom\u00e1tica de los chats. En los grupos familiares, donde antes abundaban todo tipo de conversaciones, ahora solo se comparten recetas, fotos de ni\u00f1os o emojis neutros. Nadie env\u00eda audios o comentarios que puedan ser utilizados como prueba en procesos penales que apunten a cualquier oposici\u00f3n al chavismo. El temor a la delaci\u00f3n lo atraviesa todo.<\/p>\n<p class=\"\">La cautela lleva a\u00f1os siendo parte de la vida de los venezolanos, pero ha evolucionado hacia un estado de temor permanente. El mismo que vive el propio presidente, Nicol\u00e1s Maduro, ante la estrategia de presi\u00f3n de Donald Trump, que <a href=\"https:\/\/elpais.com\/internacional\/2025-11-15\/trump-prepara-a-sus-fuerzas-para-la-nueva-fase-de-su-campana-militar-en-el-caribe.html\" target=\"_self\" rel=\"nofollow noopener\" title=\"https:\/\/elpais.com\/internacional\/2025-11-15\/trump-prepara-a-sus-fuerzas-para-la-nueva-fase-de-su-campana-militar-en-el-caribe.html\">mantiene un contingente militar de m\u00e1s de 15.000 soldados en las aguas del Caribe<\/a>. Seg\u00fan escala la tensi\u00f3n hacia afuera, crece hacia adentro. Mientras el chavismo denuncia conspiraciones y convoca a la \u201cunidad nacional\u201d frente a la intervenci\u00f3n de Estados Unidos, se multiplican las detenciones de opositores, dirigentes locales y ciudadanos acusados de conspiraci\u00f3n o traici\u00f3n a la patria. Las organizaciones de derechos humanos <a href=\"https:\/\/elpais.com\/america\/2025-09-23\/la-onu-documenta-el-agravamiento-de-la-represion-en-venezuela-en-plena-escalada-de-la-tension-con-estados-unidos.html\" target=\"_self\" rel=\"nofollow noopener\" title=\"https:\/\/elpais.com\/america\/2025-09-23\/la-onu-documenta-el-agravamiento-de-la-represion-en-venezuela-en-plena-escalada-de-la-tension-con-estados-unidos.html\">contabilizan m\u00e1s de 800 presos pol\u00edticos<\/a> y alertan de que octubre marc\u00f3 un nuevo pico: m\u00e1s de uno por d\u00eda.<\/p>\n<p class=\"\">En las calles, la gente evita ciertos temas. \u201cHay que cuidarse, aqu\u00ed no se puede estar hablando de m\u00e1s, te pueden meter preso. Hay gente que cree que eso es juego, no se\u00f1or. Los chavistas mismos \u2018sapean\u2019 (delatan)\u201d, dice Ana\u00eds Rodr\u00edguez, residente de Petare y conserje en un edificio de Caracas. Es una percepci\u00f3n extendida: la de que cualquier palabra puede ser usada en contra de quien la pronuncie.<\/p>\n<p class=\"\">La militancia chavista, aunque minoritaria frente al descontento general, est\u00e1 organizada y cumple un rol activo en el control social. En alerta, Maduro llam\u00f3 recientemente a reportar cualquier \u201cactividad sospechosa\u201d a trav\u00e9s de VenApp, una aplicaci\u00f3n originalmente creada para monitorear fallas en servicios p\u00fablicos. A ello se suma la estructura territorial del Partido Socialista Unido de Venezuela, con m\u00e1s de 47.000 \u201cjefes de calle\u201d, que articulan la distribuci\u00f3n de alimentos y gas dom\u00e9stico y sirven como nodos de vigilancia informal, lo que el Gobierno denomina \u201cinteligencia social\u201d.<\/p>\n<p><img decoding=\"auto\" class=\"_re lazyload a_m-h\" height=\"276\"  width=\"414\"  src=\"https:\/\/www.europesays.com\/es\/wp-content\/uploads\/2025\/11\/IKK5PDTTQFFLVPQISLIRPB446I.jpg\" loading=\"lazy\"\/>Una persona pasa frente a un mural de Nicol\u00e1s Maduro y Hugo Ch\u00e1vez, en Caracas.Gaby Oraa<\/p>\n<p class=\"\">La ma\u00f1ana del viernes, en un parque p\u00fablico del este de Caracas, una zona residencial de clase media donde los caraque\u00f1os salen a correr o pasean a sus mascotas, agentes de inteligencia detuvieron a un hombre que hac\u00eda ejercicio. Era Roberto Vermont, dirigente pol\u00edtico de bajo perfil y simpatizante de la opositora Mar\u00eda Corina Machado. No dijeron ad\u00f3nde lo llevaban. Nadie pregunt\u00f3.<\/p>\n<p class=\"\">La lista de detenidos que organizaciones de derechos humanos registran desde hace meses no deja de crecer. El Gobierno ha intensificado la vigilancia y las detenciones como forma de castigar la cr\u00edtica. La captura de Vermont ocurri\u00f3 apenas unos d\u00edas despu\u00e9s de que se conociera la condena a 30 a\u00f1os de prisi\u00f3n contra la m\u00e9dica Marggie Orozco por un audio privado de WhatsApp difundido en plena campa\u00f1a electoral. En \u00e9l criticaba a Nicol\u00e1s Maduro y animaba a sus allegados a votar. Fue acusada de \u201ctraici\u00f3n a la patria\u201d, \u201cterrorismo\u201d y \u201cconspiraci\u00f3n\u201d.<\/p>\n<p class=\"\">La oposici\u00f3n ha sido reducida a su m\u00ednima expresi\u00f3n. Sus l\u00edderes m\u00e1s visibles est\u00e1n en el exilio, en la clandestinidad o directamente borrados de la escena p\u00fablica. La oposici\u00f3n tolerada por el Gobierno expresa cr\u00edticas espor\u00e1dicas, siempre medidas, cuidadosas, condicionadas. Y cada nueva detenci\u00f3n mantiene el estado de alerta, aunque tambi\u00e9n hay liberaciones: esta semana recuperaron la libertad el dirigente Macario Gonz\u00e1lez, el expresidente de Fedec\u00e1maras, Noel \u00c1lvarez, y el profesor de yoga franc\u00e9s Camilo Castro, detenido en la frontera con Colombia.<\/p>\n<p class=\"\">Los duros enfrentamientos entre el chavismo y la oposici\u00f3n en los \u00faltimos a\u00f1os han consolidado un autoritarismo creciente. Como no ocurr\u00eda desde hace, al menos, siete d\u00e9cadas \u2014con el r\u00e9gimen militar encabezado por Marcos P\u00e9rez Jim\u00e9nez\u2014 el miedo se ha instalado en amplios sectores de la sociedad. Tras los episodios de violencia que siguieron a las elecciones presidenciales del a\u00f1o pasado \u2014cuando miles de ciudadanos protestaron denunciando un fraude para reelegir a Maduro\u2014 la relaci\u00f3n entre el Estado y la ciudadan\u00eda se ha roto. Sin haberlo decretado, desde el a\u00f1o pasado el r\u00e9gimen chavista se ha radicalizado: endureci\u00f3 sus modales, abandon\u00f3 las zonas de tolerancia, subi\u00f3 el volumen de su propio relato. La represi\u00f3n es, en ocasiones, aleatoria, en se\u00f1al de advertencia.<\/p>\n<p><img decoding=\"auto\" class=\"_re lazyload a_m-h\" height=\"276\"  width=\"414\"  src=\"https:\/\/www.europesays.com\/es\/wp-content\/uploads\/2025\/11\/VWQ523RQHZFHNNRCAVGSCLGWXY.jpg\" loading=\"lazy\"\/>Calle de Caracas, el 22 de noviembre.Gaby Oraa<\/p>\n<p class=\"\">El chavismo est\u00e1 en alerta. En el centro de Caracas,<a href=\"https:\/\/elpais.com\/america\/2025-01-07\/el-chavismo-redobla-la-presencia-policial-y-militar-en-las-calles-de-caracas.html\" target=\"_self\" rel=\"nofollow noopener\" title=\"https:\/\/elpais.com\/america\/2025-01-07\/el-chavismo-redobla-la-presencia-policial-y-militar-en-las-calles-de-caracas.html\"> las sedes del poder pol\u00edtico han reforzado la vigilancia y las barricadas de protecci\u00f3n<\/a>. La tensi\u00f3n interna se ha agravado a medida que ha crecido la confrontaci\u00f3n con Estados Unidos. El escenario es tan incierto que <a href=\"https:\/\/elpais.com\/america\/2025-11-15\/el-chavismo-se-atrinchera-mientras-espera-en-vilo-el-proximo-movimiento-de-trump.html\" target=\"_self\" rel=\"nofollow noopener\" title=\"https:\/\/elpais.com\/america\/2025-11-15\/el-chavismo-se-atrinchera-mientras-espera-en-vilo-el-proximo-movimiento-de-trump.html\">todo est\u00e1 preparado incluso para la lucha armada.<\/a><\/p>\n<p class=\"\">Hace unos d\u00edas, los vecinos de la antigua residencia presidencial \u2014un complejo donde Maduro realiza actos oficiales, aunque no vive all\u00ed\u2014 tuvieron que atravesar de nuevo los puntos de control instalados por agentes de inteligencia militar, uniformados con pasamonta\u00f1as negros y fusiles al hombro. El tr\u00e1nsito qued\u00f3 restringido durante horas por una supuesta amenaza de explosivos que luego fue descartada. <a href=\"https:\/\/elpais.com\/america\/2025-11-11\/maduro-eleva-la-alerta-militar-en-venezuela-en-plena-escalada-con-estados-unidos.html\" target=\"_self\" rel=\"nofollow noopener\" title=\"https:\/\/elpais.com\/america\/2025-11-11\/maduro-eleva-la-alerta-militar-en-venezuela-en-plena-escalada-con-estados-unidos.html\">Las alcabalas policiales son ya parte del paisaje nocturno<\/a> de Caracas. A determinadas horas, copan avenidas y zonas residenciales. Los cuerpos de inteligencia se dejan ver en centros comerciales, urbanizaciones y estaciones de transporte, observando y deteniendo a quien consideren sospechoso. <\/p>\n<p class=\"\">La \u201chigiene digital\u201d se ha convertido en un consejo habitual entre expertos en seguridad, activistas y periodistas: borrar conversaciones, evitar audios, limitar el contenido sensible. Lo que antes era una recomendaci\u00f3n puntual hoy es una pr\u00e1ctica extendida. As\u00ed que muchas fuentes prefieren no hablar. La informaci\u00f3n de encuestas y sondeos de opini\u00f3n ha comenzado a desaparecer del espacio p\u00fablico o a circular \u00fanicamente en privado. Los programas de opini\u00f3n operan bajo un techo discursivo evidente. En este momento hay 20 periodistas presos en el pa\u00eds. La red social X sigue inaccesible en Venezuela desde hace m\u00e1s de un a\u00f1o y los medios privados son presionados con frecuencia para abrir espacio a los contenidos oficiales. Los argumentos de la oposici\u00f3n no pueden expresarse en ning\u00fan medio de comunicaci\u00f3n. <a href=\"https:\/\/elpais.com\/america\/2025-11-14\/silencio-en-la-cupula-chavista-ante-la-escalada-militar-de-washington-en-latinoamerica.html\" target=\"_self\" rel=\"nofollow noopener\" title=\"https:\/\/elpais.com\/america\/2025-11-14\/silencio-en-la-cupula-chavista-ante-la-escalada-militar-de-washington-en-latinoamerica.html\">El silencio se impone.<\/a><\/p>\n","protected":false},"excerpt":{"rendered":"En Caracas la gente habla bajito. Las conversaciones sobre pol\u00edtica se murmuran, como si las paredes escucharan. Los&hellip;\n","protected":false},"author":2,"featured_media":254320,"comment_status":"","ping_status":"","sticky":false,"template":"","format":"standard","meta":{"footnotes":""},"categories":[42],"tags":[889,17,18,3374,15699,1196,15705,13,14,11,61,62,63,64,19,20,1804,9,1194,10,15,16,958,12,21,22,1192,65,66,67],"class_list":{"0":"post-254319","1":"post","2":"type-post","3":"status-publish","4":"format-standard","5":"has-post-thumbnail","7":"category-internacional","8":"tag-america","9":"tag-breaking-news","10":"tag-breakingnews","11":"tag-censura","12":"tag-censura-informativa","13":"tag-chavismo","14":"tag-detenciones","15":"tag-featured-news","16":"tag-featurednews","17":"tag-headlines","18":"tag-internacional","19":"tag-international","20":"tag-international-news","21":"tag-internationalnews","22":"tag-latest-news","23":"tag-latestnews","24":"tag-latinoamerica","25":"tag-news","26":"tag-nicolas-maduro","27":"tag-noticias","28":"tag-noticias-destacadas","29":"tag-noticiasdestacadas","30":"tag-oposicion-politica","31":"tag-titulares","32":"tag-ultimas-noticias","33":"tag-ultimasnoticias","34":"tag-venezuela","35":"tag-world","36":"tag-world-news","37":"tag-worldnews"},"share_on_mastodon":{"url":"https:\/\/pubeurope.com\/@es\/115608045461578426","error":""},"_links":{"self":[{"href":"https:\/\/www.europesays.com\/es\/wp-json\/wp\/v2\/posts\/254319","targetHints":{"allow":["GET"]}}],"collection":[{"href":"https:\/\/www.europesays.com\/es\/wp-json\/wp\/v2\/posts"}],"about":[{"href":"https:\/\/www.europesays.com\/es\/wp-json\/wp\/v2\/types\/post"}],"author":[{"embeddable":true,"href":"https:\/\/www.europesays.com\/es\/wp-json\/wp\/v2\/users\/2"}],"replies":[{"embeddable":true,"href":"https:\/\/www.europesays.com\/es\/wp-json\/wp\/v2\/comments?post=254319"}],"version-history":[{"count":0,"href":"https:\/\/www.europesays.com\/es\/wp-json\/wp\/v2\/posts\/254319\/revisions"}],"wp:featuredmedia":[{"embeddable":true,"href":"https:\/\/www.europesays.com\/es\/wp-json\/wp\/v2\/media\/254320"}],"wp:attachment":[{"href":"https:\/\/www.europesays.com\/es\/wp-json\/wp\/v2\/media?parent=254319"}],"wp:term":[{"taxonomy":"category","embeddable":true,"href":"https:\/\/www.europesays.com\/es\/wp-json\/wp\/v2\/categories?post=254319"},{"taxonomy":"post_tag","embeddable":true,"href":"https:\/\/www.europesays.com\/es\/wp-json\/wp\/v2\/tags?post=254319"}],"curies":[{"name":"wp","href":"https:\/\/api.w.org\/{rel}","templated":true}]}}