{"id":254321,"date":"2025-11-25T02:45:11","date_gmt":"2025-11-25T02:45:11","guid":{"rendered":"https:\/\/www.europesays.com\/es\/254321\/"},"modified":"2025-11-25T02:45:11","modified_gmt":"2025-11-25T02:45:11","slug":"muface-estudia-cambios-para-sus-medicos-con-estas-nuevas-herramientas","status":"publish","type":"post","link":"https:\/\/www.europesays.com\/es\/254321\/","title":{"rendered":"Muface estudia cambios para sus m\u00e9dicos con estas nuevas herramientas"},"content":{"rendered":"<p>                                            La ola llega a su fin. Al menos, su parte m\u00e1s dura. La <a href=\"https:\/\/www.redaccionmedica.com\/secciones\/sanidad-hoy\/la-crisis-muface-cumple-un-ano-con-miras-a-una-gran-reforma-del-modelo-1626\" target=\"_blank\" title=\"La &#039;crisis Muface&#039; cumple un a\u00f1o con miras a una gran reforma del modelo\" rel=\"nofollow noopener\">crisis sin precedentes<\/a> de Muface ha dejado varias inc\u00f3gnitas sin resolver a su paso. Tras siete meses, m\u00e1s de 200 d\u00edas, en los que el <strong>futuro del la asistencia sanitaria <\/strong>concertada de los funcionarios se rode\u00f3 de incertidumbre, la direcci\u00f3n general de la mutualidad firm\u00f3 el concierto para dotar de cobertura a m\u00e1s de un mill\u00f3n y medio de personas (entre mutualistas y beneficiarios) durante los a\u00f1os 2025, 2026 y 2027 de la mano de <strong>Asisa y Adeslas<\/strong>. Estas entidades son las que ahora, una vez finalizado el que probablemente haya sido el mayor trance hist\u00f3rico de <a href=\"https:\/\/www.redaccionmedica.com\/tags\/muface\" target=\"_blank\" title=\"Noticias de Muface | Redacci\u00f3n M\u00e9dica\" rel=\"nofollow noopener\">Muface<\/a> en sus 50 a\u00f1os, han propuesto <strong>dotar a los m\u00e9dicos de la sanidad concertada de la mutualidad de m\u00e1s herramientas<\/strong>. Una oferta que se suma a la del abordaje de los tratamientos cr\u00f3nicos en Muface, un modelo con un perfil predominantemente envejecido.\u00a0<\/p>\n<p>Esa ha sido una de las principales ideas que ha salido a relucir en una <strong>reuni\u00f3n interna de Muface<\/strong>. La mutualidad, liderada por <a href=\"https:\/\/www.redaccionmedica.com\/tags\/myriam-pallares\" target=\"_blank\" title=\"Noticias de Myriam Pallar\u00e9s | Redacci\u00f3n M\u00e9dica\" rel=\"nofollow noopener\">Myriam Pallar\u00e9s<\/a>, ha congregado al personal de las distintas direcciones provinciales de la mutualidad distribuidas por el pa\u00eds para abordar los retos y desaf\u00edos que encara el modelo tras su crisis sin precedentes.<\/p>\n<p>La reuni\u00f3n abord\u00f3 <strong>distintos temas que conciernen al actual concierto sanitario<\/strong>. Desde la situaci\u00f3n de la <a href=\"https:\/\/www.redaccionmedica.com\/secciones\/sanidad-hoy\/muface-detecta-dos-frentes-de-batalla-que-tiene-la-receta-concertada-9452\" target=\"_blank\" title=\"Muface detecta dos frentes de batalla que tiene la receta concertada\" rel=\"nofollow noopener\">receta concertada<\/a> (a la que le quedan cuatro territorios por conquistar) hasta el futuro de la sanidad concertada de la mutualidad. Es en este punto donde cabe se\u00f1alar que, <a href=\"https:\/\/www.redaccionmedica.com\/secciones\/sanidad-hoy\/muface-descubre-que-reformas-implantara-para-preparar-el-concierto-de-2027-1438\" target=\"_blank\" title=\"Muface descubre qu\u00e9 reformas implantar\u00e1 para preparar el concierto de 2027\" rel=\"nofollow noopener\">como ya adelant\u00f3 Redacci\u00f3n M\u00e9dica<\/a>, Muface se encuentra inmersa en una <strong>reforma<\/strong> en dos de sus \u00e1reas: la asistencia sanitaria y la digitalizaci\u00f3n.\u00a0&#13;\n<\/p>\n<p>&#13;<br \/>\n\t<br \/>&#13;<br \/>\n\tLas herramientas para los m\u00e9dicos<br \/>\n<br \/>\nEs precisamente en este contexto en el que sector asegurador de Muface ha dado el primer paso. Durante la cita, y en una de las mesas redondas en la que se debati\u00f3 sostenibilidad y el futuro del modelo, el sector asegurador tom\u00f3 la palabra. \u00abHay que <strong>dotar a m\u00e9dicos y pacientes de herramientas<\/strong> que nos permitan mejorar el modelo\u00bb, se apunt\u00f3.<\/p>\n<p>Fuentes del sector, cuestionadas por Redacci\u00f3n M\u00e9dica, han ahondado m\u00e1s en el tipo de sistemas propuestos en esta &#8216;cumbre&#8217;. \u00abSon\u00a0<strong>protocolos de actuaci\u00f3n<\/strong> que incorporen las \u00faltimas novedades de pr\u00e1ctica cl\u00ednica o plataformas de conocimiento cient\u00edfico para profesionales m\u00e9dicos\u00bb, han incidido a este peri\u00f3dico.\u00a0<\/p>\n<p>Esa no ha sido, no obstante, la \u00fanica observaci\u00f3n vertida durante esta reuni\u00f3n interna.\u00a0<strong>\u00abEl de Muface es un gran modelo que hay que mantener\u00bb<\/strong>, concluy\u00f3 uno de los representantes del sector asegurador.&#13;\n<\/p>\n<p>&#13;<br \/>\n\t<br \/>&#13;<br \/>\n\tEl abordaje de la cronicidad de Muface<br \/>\n<br \/>\nOtro de los focos se centr\u00f3 en el\u00a0<strong>tratamiento de la cronicidad<\/strong>, especialmente en un \u00ab<strong>colectivo cada vez m\u00e1s envejecido<\/strong> como el mutualista\u00bb. \u00abHay que potenciar la asistencia remota, pero tambi\u00e9n la prevenci\u00f3n. Es m\u00e1s f\u00e1cil evitar que la enfermedad se produzca que tratarla. Y en este aspecto, el calendario vacunal es importante. El c\u00e1ncer de pulm\u00f3n terminar\u00e1 previ\u00e9ndose con una vacuna. Ser\u00e1 caro, pero el futuro va por ah\u00ed\u00bb, describi\u00f3 uno de los portavoces de las aseguradoras que comprenden la sanidad concertada de Muface durante la cita.\u00a0<br \/>\n&#13;<br \/>\n\t<br \/>&#13;<br \/>\n\tEl sector asegurador de Muface analiza el futuro<br \/>\n<br \/>\nEl futuro de Muface tambi\u00e9n fue uno de los objetos de debate. Un horizonte nuevo que llega tras la que probablemente haya sido la peor crisis del modelo en sus 50 a\u00f1os de historia. Es en este punto donde el sector asegurador de la mutualidad hizo hincapi\u00e9 en los ajustes que, a su parecer, ser\u00edan necesarios de cara a este nuevo concierto sanitario. \u00abUn uso racional de los recursos, que haya protocolos de actuaci\u00f3n para saber utilizar todas las novedades m\u00e9dicas, farmacol\u00f3gicas y tecnol\u00f3gicas que llegan d\u00eda a d\u00eda\u00bb, enumeraron estas voces.<\/p>\n<p>No fue el \u00fanico de los aspectos que se se\u00f1al\u00f3. La situaci\u00f3n actual de Muface, marcada por esa postcrisis en la que est\u00e1n teniendo cabida proyectos como la receta electr\u00f3nica concertada, fue otro de los detalles que analiz\u00f3 el sector asegurador. \u00abEl <a href=\"https:\/\/www.redaccionmedica.com\/recursos-salud\/faqs-muface\" target=\"_blank\" title=\"Preguntas Frecuentes Muface\" rel=\"nofollow noopener\">modelo de mutualismo administrativo<\/a> ha sido y sigue siendo un pilar important\u00edsimo del sistema sanitario p\u00fablico, pero <strong>para que sea sostenible hace falta una prima adecuada<\/strong>, que se renueve a medida que se necesitan m\u00e1s recursos\u00bb, aludi\u00f3 una de las entidades.\u00a0                                        <\/p>\n<p>\n                                            Las informaciones publicadas en Redacci\u00f3n M\u00e9dica contienen afirmaciones, datos y declaraciones procedentes de instituciones oficiales y profesionales sanitarios. No obstante, ante cualquier duda relacionada con su salud, consulte con su especialista sanitario correspondiente.\n                                        <\/p>\n","protected":false},"excerpt":{"rendered":"La ola llega a su fin. Al menos, su parte m\u00e1s dura. La crisis sin precedentes de Muface&hellip;\n","protected":false},"author":2,"featured_media":254322,"comment_status":"","ping_status":"","sticky":false,"template":"","format":"standard","meta":{"footnotes":""},"categories":[8],"tags":[17,18,25,24,13,14,11,19,20,9,10,15,16,23,12,21,22],"class_list":{"0":"post-254321","1":"post","2":"type-post","3":"status-publish","4":"format-standard","5":"has-post-thumbnail","7":"category-espana","8":"tag-breaking-news","9":"tag-breakingnews","10":"tag-es","11":"tag-espana","12":"tag-featured-news","13":"tag-featurednews","14":"tag-headlines","15":"tag-latest-news","16":"tag-latestnews","17":"tag-news","18":"tag-noticias","19":"tag-noticias-destacadas","20":"tag-noticiasdestacadas","21":"tag-spain","22":"tag-titulares","23":"tag-ultimas-noticias","24":"tag-ultimasnoticias"},"share_on_mastodon":{"url":"https:\/\/pubeurope.com\/@es\/115608048323509324","error":""},"_links":{"self":[{"href":"https:\/\/www.europesays.com\/es\/wp-json\/wp\/v2\/posts\/254321","targetHints":{"allow":["GET"]}}],"collection":[{"href":"https:\/\/www.europesays.com\/es\/wp-json\/wp\/v2\/posts"}],"about":[{"href":"https:\/\/www.europesays.com\/es\/wp-json\/wp\/v2\/types\/post"}],"author":[{"embeddable":true,"href":"https:\/\/www.europesays.com\/es\/wp-json\/wp\/v2\/users\/2"}],"replies":[{"embeddable":true,"href":"https:\/\/www.europesays.com\/es\/wp-json\/wp\/v2\/comments?post=254321"}],"version-history":[{"count":0,"href":"https:\/\/www.europesays.com\/es\/wp-json\/wp\/v2\/posts\/254321\/revisions"}],"wp:featuredmedia":[{"embeddable":true,"href":"https:\/\/www.europesays.com\/es\/wp-json\/wp\/v2\/media\/254322"}],"wp:attachment":[{"href":"https:\/\/www.europesays.com\/es\/wp-json\/wp\/v2\/media?parent=254321"}],"wp:term":[{"taxonomy":"category","embeddable":true,"href":"https:\/\/www.europesays.com\/es\/wp-json\/wp\/v2\/categories?post=254321"},{"taxonomy":"post_tag","embeddable":true,"href":"https:\/\/www.europesays.com\/es\/wp-json\/wp\/v2\/tags?post=254321"}],"curies":[{"name":"wp","href":"https:\/\/api.w.org\/{rel}","templated":true}]}}