{"id":254325,"date":"2025-11-25T02:51:10","date_gmt":"2025-11-25T02:51:10","guid":{"rendered":"https:\/\/www.europesays.com\/es\/254325\/"},"modified":"2025-11-25T02:51:10","modified_gmt":"2025-11-25T02:51:10","slug":"tiene-que-entender-quien-es-la-autoridad","status":"publish","type":"post","link":"https:\/\/www.europesays.com\/es\/254325\/","title":{"rendered":"Tiene que entender quien es la autoridad"},"content":{"rendered":"<p class=\"ft-text\"><a class=\"ft-link ft-link--decoration\" href=\"https:\/\/www.sport.es\/es\/noticias\/tenis\/rafa-nadal-exito-llegar-persona-124080992\" rel=\"nofollow noopener\" target=\"_blank\">En su larga y tendida charla con Jorge Valdano, Rafa Nadal t<\/a>ambi\u00e9n habl\u00f3 sobre el club de sus amores, el <strong>Real Madrid.<\/strong> El ex tenista balear volvi\u00f3 a abrir la puerta a una posible presidencia en el futuro, aunque no escondi\u00f3 que es algo muy lejano e improbable a d\u00eda de hoy. \u00abAhora mismo no le conviene al club. <strong>Tienen al mejor\u00bb <\/strong>afirm\u00f3 haciendo referencia a Florentino P\u00e9rez.<\/p>\n<p class=\"ft-text\">Pero m\u00e1s all\u00e1 de la cuesti\u00f3n de la presidencia, Nadal habl\u00f3 sobre la situaci\u00f3n de Vinicius y su incidente en el pasado Cl\u00e1sico, con su mal gesto al momento de ser cambiado. <strong>\u00abVini tiene que entender quien es la autoridad<\/strong>. Puede corregir cosas con el di\u00e1logo, y tiene que explorar ese camino de mejora y de autoaprendizaje<strong>. Necesita encontrar aliados\u00a0potentes\u00bb<\/strong> afirm\u00f3 sobre la situaci\u00f3n.<\/p>\n<p class=\"ft-text\">Adem\u00e1s, explic\u00f3 que a su modo de ver se puede revertir, entendiendo que el club y el jugador tienen las medidas y las personas adecuadas para hacerlo a su alrededor.<\/p>\n<p class=\"ft-text\">Pero para ello, tiene claro que deben actuar tanto club como jugador, afirmando que el Madrid <strong>\u00abtiene en Vinicius a un activo que no puede devaluar\u00bb. <\/strong><\/p>\n<p>CONSEJO A LAMINE<\/p>\n<p class=\"ft-text\">\u00a0Nadal tambi\u00e9n lanz\u00f3 un consejo a<strong>\u00a0Lamine Yamal. <\/strong>\u00abQue se rodee de gente que le ayude de verdad.\u00a0<strong>Que sea inteligente para escuchar lo que a veces la gente de \u00e9xito no queremos escuchar<\/strong>. A veces no es f\u00e1cil cuando eres alguien con mucho \u00e9xito, pero tienes que encontrar tu punto de vuelta a tu vida real\u00bb respondi\u00f3 al ser preguntado sobre el extremo azulgrana.<\/p>\n","protected":false},"excerpt":{"rendered":"En su larga y tendida charla con Jorge Valdano, Rafa Nadal tambi\u00e9n habl\u00f3 sobre el club de sus&hellip;\n","protected":false},"author":2,"featured_media":254326,"comment_status":"","ping_status":"","sticky":false,"template":"","format":"standard","meta":{"footnotes":""},"categories":[274],"tags":[168,25,24,3489,23,167,327,326,13334],"class_list":{"0":"post-254325","1":"post","2":"type-post","3":"status-publish","4":"format-standard","5":"has-post-thumbnail","7":"category-tenis","8":"tag-deportes","9":"tag-es","10":"tag-espana","11":"tag-nadal","12":"tag-spain","13":"tag-sports","14":"tag-tenis","15":"tag-tennis","16":"tag-vinicius"},"share_on_mastodon":{"url":"https:\/\/pubeurope.com\/@es\/115608072064937560","error":""},"_links":{"self":[{"href":"https:\/\/www.europesays.com\/es\/wp-json\/wp\/v2\/posts\/254325","targetHints":{"allow":["GET"]}}],"collection":[{"href":"https:\/\/www.europesays.com\/es\/wp-json\/wp\/v2\/posts"}],"about":[{"href":"https:\/\/www.europesays.com\/es\/wp-json\/wp\/v2\/types\/post"}],"author":[{"embeddable":true,"href":"https:\/\/www.europesays.com\/es\/wp-json\/wp\/v2\/users\/2"}],"replies":[{"embeddable":true,"href":"https:\/\/www.europesays.com\/es\/wp-json\/wp\/v2\/comments?post=254325"}],"version-history":[{"count":0,"href":"https:\/\/www.europesays.com\/es\/wp-json\/wp\/v2\/posts\/254325\/revisions"}],"wp:featuredmedia":[{"embeddable":true,"href":"https:\/\/www.europesays.com\/es\/wp-json\/wp\/v2\/media\/254326"}],"wp:attachment":[{"href":"https:\/\/www.europesays.com\/es\/wp-json\/wp\/v2\/media?parent=254325"}],"wp:term":[{"taxonomy":"category","embeddable":true,"href":"https:\/\/www.europesays.com\/es\/wp-json\/wp\/v2\/categories?post=254325"},{"taxonomy":"post_tag","embeddable":true,"href":"https:\/\/www.europesays.com\/es\/wp-json\/wp\/v2\/tags?post=254325"}],"curies":[{"name":"wp","href":"https:\/\/api.w.org\/{rel}","templated":true}]}}