{"id":254327,"date":"2025-11-25T02:52:28","date_gmt":"2025-11-25T02:52:28","guid":{"rendered":"https:\/\/www.europesays.com\/es\/254327\/"},"modified":"2025-11-25T02:52:28","modified_gmt":"2025-11-25T02:52:28","slug":"limak-el-ganador-en-la-sombra-de-la-vuelta-al-camp-nou","status":"publish","type":"post","link":"https:\/\/www.europesays.com\/es\/254327\/","title":{"rendered":"Limak, el ganador en la sombra de la vuelta al Camp Nou"},"content":{"rendered":"<p class=\"ft-text\">No hab\u00eda solo satisfacci\u00f3n <a class=\"ft-link ft-link--decoration\" href=\"https:\/\/www.sport.es\/es\/noticias\/barca\/aficion-alucina-nuevo-spotify-camp-124016703\" rel=\"nofollow noopener\" target=\"_blank\">entre los 42.000 aficionados que acudieron al reestreno del Camp Nou<\/a>. Hab\u00eda euforia. Hab\u00eda emoci\u00f3n. L\u00e1grimas. Hab\u00eda piel de gallina al comprobar la situaci\u00f3n del estadio azulgrana, cerrado desde hac\u00eda m\u00e1s de 900 d\u00edas.<strong> Se volv\u00eda a casa y se recuperaba la sensaci\u00f3n de comunidad, de reencontrarse con tantos recuerdos, se reviv\u00edan historias personales que el cul\u00e9 las hace propias<\/strong> m\u00e1s all\u00e1 del jugador que est\u00e9 en el campo. Y es que el <strong>Camp Nou <\/strong>es, para muchos, una segunda una casa.<\/p>\n<p class=\"ft-text\">El impacto para los que acudieron <a class=\"ft-link ft-link--decoration\" href=\"https:\/\/www.sport.es\/es\/noticias\/barca\/vio-tribuna-obreros-nico-quedate-124013833\" rel=\"nofollow noopener\" target=\"_blank\">a la primera cita con el Bar\u00e7a en el Camp Nou fue brutal<\/a>. Por todo lo que supon\u00eda para su pasado y por todo lo que implicaba para el futuro. \u00abPara m\u00ed, el gol de Koeman y esta vuelta al estadio son los dos momentos m\u00e1s especiales de mi vida con el Bar\u00e7a\u00bb, dec\u00eda un aficionado al salir del estadio. \u00ab<strong>Ser\u00e1 el mejor estado del mundo, sin dudas<\/strong>\u00ab, dec\u00edan otros, conmovidos por lo que hab\u00edan contemplado sus ojos. Quien sino como el propio <strong>Ramon Besa<\/strong>, El pa\u00eds, para explicarlo mejor que nadie: \u00abHasta este momento hemos vivido ampliaciones que eran para dar cabida a m\u00e1s gente, pero no para mejor la estructura del estadio; <strong>ahora tengo la sensaci\u00f3n de que sube un gran estadio<\/strong>\u00ab, dijo.<\/p>\n<p>Limak, presente en la reapertura del Camp Nou<\/p>\n<p class=\"ft-text\">Este sentimiento contagioso que se vivi\u00f3 en el Camp Nou se traslad\u00f3 a todos los rincones del estadio: En las gradas, en el c\u00e9sped, en el vestuario y en el palco, donde <strong>Joan Laporta <\/strong>estaba euf\u00f3rico. Y en el palco tambi\u00e9n la gente de <strong>Limak<\/strong>, cuya presidenta vino para la ocasi\u00f3n.<strong> La empresa se ha llevado algunos palos desde que asumieron la reconstrucci\u00f3n<\/strong> por, entender algunos cr\u00edticos a <strong>Laporta<\/strong>, ser una diana f\u00e1cil. Sin embargo, el \u00e9xito de la jornada del s\u00e1bado es un \u00e9xito en may\u00fasculas de esta constructora que cuando lleg\u00f3 apenas era conocida en Espa\u00f1a.<\/p>\n<p class=\"ft-text\">Es <strong>Ebru Ozdemir <\/strong><a class=\"ft-link ft-link--decoration\" href=\"https:\/\/www.sport.es\/es\/noticias\/barca\/ebru-ozdemir-ingeniera-firma-regreso-123462692\" rel=\"nofollow noopener\" target=\"_blank\">la gran impulsora del crecimiento internacional de la constructora<\/a>. Asumi\u00f3 <strong>la presidencia del grupo en 2007 de la mano de su padre Nihat Ozdemir <\/strong>y desde entonces ha encadenado grandes proyectos en Kuwait (Terminal 2 y aparcamiento), Arabia Saudi (torres Epicon en la ciudad de Neom) o Inglaterra (Ciudad deportiva del Lutton Town), entre otros.<\/p>\n<p class=\"ft-text\">Ingeniera de profesi\u00f3n y seguidora del Fenerbahce <strong>es hoy una asidua a la ciudad de Barcelona y fan del equipo azulgrana<\/strong>. Su voluntad es la de construir el mejor estadio del mundo y, a fe de la experiencia del socio, va camino de hacerlo. \u00ab<strong>Es espectacular, me ha gustado mucho, la luz, la amplitud de los espacios, la forma de los asientos, se ve mucho mejor el campo..<\/strong>.\u00bb, dec\u00eda alg\u00fan seguidor. Otro aseguraba que \u00abno habr\u00e1 otro en el mundo cuando est\u00e9 acabado. Una sensacional obra\u00bb.<\/p>\n<p class=\"ft-text\">Sabe que todav\u00eda le queda mucho por delante. Mucho trabajo por hacer pues queda abrir el gol norte, la tercera grader\u00eda, las salas vips y, finalmente, instalar la cubierta, que debe ser el colof\u00f3n a un estadio que marcar\u00e1 una \u00e9poca. <strong>Cuando la mayor\u00eda de los estadios del mundo tienen piel, el Camp Nou es diferente a todos<\/strong>. Y <strong>Limak <\/strong>va camino de convertirlo en especial.<\/p>\n","protected":false},"excerpt":{"rendered":"No hab\u00eda solo satisfacci\u00f3n entre los 42.000 aficionados que acudieron al reestreno del Camp Nou. Hab\u00eda euforia. Hab\u00eda&hellip;\n","protected":false},"author":2,"featured_media":254328,"comment_status":"","ping_status":"","sticky":false,"template":"","format":"standard","meta":{"footnotes":""},"categories":[273],"tags":[7991,313,312,168,25,24,5138,4467,64128,26032,23,167,1357],"class_list":{"0":"post-254327","1":"post","2":"type-post","3":"status-publish","4":"format-standard","5":"has-post-thumbnail","7":"category-ciclismo","8":"tag-camp","9":"tag-ciclismo","10":"tag-cycling","11":"tag-deportes","12":"tag-es","13":"tag-espana","14":"tag-ganador","15":"tag-joan-laporta","16":"tag-limak","17":"tag-sombra","18":"tag-spain","19":"tag-sports","20":"tag-vuelta"},"share_on_mastodon":{"url":"https:\/\/pubeurope.com\/@es\/115608075853556940","error":""},"_links":{"self":[{"href":"https:\/\/www.europesays.com\/es\/wp-json\/wp\/v2\/posts\/254327","targetHints":{"allow":["GET"]}}],"collection":[{"href":"https:\/\/www.europesays.com\/es\/wp-json\/wp\/v2\/posts"}],"about":[{"href":"https:\/\/www.europesays.com\/es\/wp-json\/wp\/v2\/types\/post"}],"author":[{"embeddable":true,"href":"https:\/\/www.europesays.com\/es\/wp-json\/wp\/v2\/users\/2"}],"replies":[{"embeddable":true,"href":"https:\/\/www.europesays.com\/es\/wp-json\/wp\/v2\/comments?post=254327"}],"version-history":[{"count":0,"href":"https:\/\/www.europesays.com\/es\/wp-json\/wp\/v2\/posts\/254327\/revisions"}],"wp:featuredmedia":[{"embeddable":true,"href":"https:\/\/www.europesays.com\/es\/wp-json\/wp\/v2\/media\/254328"}],"wp:attachment":[{"href":"https:\/\/www.europesays.com\/es\/wp-json\/wp\/v2\/media?parent=254327"}],"wp:term":[{"taxonomy":"category","embeddable":true,"href":"https:\/\/www.europesays.com\/es\/wp-json\/wp\/v2\/categories?post=254327"},{"taxonomy":"post_tag","embeddable":true,"href":"https:\/\/www.europesays.com\/es\/wp-json\/wp\/v2\/tags?post=254327"}],"curies":[{"name":"wp","href":"https:\/\/api.w.org\/{rel}","templated":true}]}}