{"id":254333,"date":"2025-11-25T02:56:16","date_gmt":"2025-11-25T02:56:16","guid":{"rendered":"https:\/\/www.europesays.com\/es\/254333\/"},"modified":"2025-11-25T02:56:16","modified_gmt":"2025-11-25T02:56:16","slug":"el-paradigma-de-las-ganas-de-vivir-sin-cortapisas","status":"publish","type":"post","link":"https:\/\/www.europesays.com\/es\/254333\/","title":{"rendered":"\u201cEl paradigma de las ganas de vivir sin cortapisas\u201d"},"content":{"rendered":"<p>A finales del mes de agosto el mundo de la interpretaci\u00f3n lloraba la <a href=\"https:\/\/www.lecturas.com\/actualidad\/muere-actriz-veronica-echegui-a-42-anos_180212\" rel=\"nofollow noopener\" target=\"_blank\">p\u00e9rdida de Ver\u00f3nica Echegui<\/a> a los 42 a\u00f1os. La actriz hab\u00eda llevado su lucha contra el c\u00e1ncer en la m\u00e1s estricta intimidad, ya que apenas unos conocidos sab\u00edan de su enfermedad. Sergio Peris-Mencheta anunci\u00f3 padecer una leucemia hace algo m\u00e1s de un a\u00f1o, a principios del 2024. Desde entonces, <a href=\"https:\/\/www.lecturas.com\/actualidad\/nuevo-bache-salud-sergio-peris-mencheta-se-ausenta-evento-muy-especial_183170\" rel=\"nofollow noopener\" target=\"_blank\">se ha convertido en un referente de esta lucha<\/a>, compartiendo todos sus avances. Ahora vuelve a ser noticia pero por el<strong> homenaje que ha querido rendirle a su compa\u00f1era<\/strong> de profesi\u00f3n en sus redes sociales.<\/p>\n<p>Las palabras de Sergio adquieren mayor relevancia por estar escritas por una persona que vive la misma enfermedad que se llev\u00f3 por delante la vida de la actriz. Peris-Mencheta no quiere ser ejemplo para nadie pero lo cierto es que sus reflexiones y la forma en que expone el proceso de la lucha contra el c\u00e1ncer est\u00e1 provocando que as\u00ed sea. Adem\u00e1s, \u00e9l mejor que nadie conoce<strong> todas las idas y venidas que tiene una enfermedad como esta<\/strong> que afecta a tant\u00edsimas personas a lo largo de todo el mundo.<\/p>\n<p>Su carta a la actriz<\/p>\n<p>No ha sido la primera vez que Sergio ha querido dedicarle unas palabras a su compa\u00f1era. El pasado mes de agosto hizo lo que muchos actores y actrices, ya que la noticia lleg\u00f3 como un jarro de agua fr\u00eda. Ahora ha vuelto a hacerlo. Para ello, ha rescatado una imagen que \u00e9l mismo le hizo a Ver\u00f3nica hace algunos a\u00f1os. M\u00e1s all\u00e1 de la imagen, el texto ha sido de lo m\u00e1s contundente cuando se han cumplido <strong>tres meses del fallecimiento de Echegui.<\/strong><\/p>\n<p><img loading=\"lazy\" decoding=\"async\"   src=\"https:\/\/www.europesays.com\/es\/wp-content\/uploads\/2025\/11\/veronica-echegui_0c8c8cfb_251124191810_1200x800.webp.webp\" alt=\"Ver\u00f3nica Echegui\" class=\"lazyload\" width=\"1200\" height=\"800\" data-aspectratio=\"1200\/800\"\/><\/p>\n<p>La actriz perdi\u00f3 la vida hace tres meses de manera repentina debido a un c\u00e1ncer que solo conoc\u00eda su c\u00edrculo m\u00e1s \u00edntimo.<\/p>\n<p>&#13;Gtres<\/p>\n<p>\u201cY me encuentro esta foto que le rob\u00e9 hace unos a\u00f1os en Los \u00c1ngeles. Y es que<strong> llevo d\u00edas teniendo muy presente a Vero<\/strong>. Despierto, en sue\u00f1os y en el duermevela. Y me vienen los recuerdos de ella siempre sali\u00e9ndose de \u2018lo com\u00fan\u2019. Derram\u00e1ndose\u201d, ha escrito sobre estos recuerdos. \u201cSiempre riendo, siempre con la risa por bandera. Es la escena que tengo de ella. No la fantaseo \u2018correctita\u2019, vaya\u201d, ha a\u00f1adido.<\/p>\n<p><img decoding=\"async\" src=\"https:\/\/www.europesays.com\/es\/wp-content\/uploads\/2025\/11\/belen-esteban_5b5857d7_251124191549_800x800.webp.webp\" alt=\"Bel\u00e9n Esteban\" class=\"image lazyload\"\/><img loading=\"lazy\" decoding=\"async\" src=\"https:\/\/www.europesays.com\/es\/wp-content\/uploads\/2025\/11\/belen-esteban_5b5857d7_251124191559_1280x720.webp.webp\" alt=\"Bel\u00e9n Esteban se pronuncia sobre la sentencia condenatoria a To\u00f1o Sanch\u00eds: una reacci\u00f3n esperada\" class=\"image lazyload\" width=\"1280\" height=\"720\" data-aspectratio=\"1280\/720\"\/><\/p>\n<p>Tal y como ha revelado el actor, la risa fue la fiel compa\u00f1era de Echegui. \u201cSiempre riendo, siempre con la risa por bandera. Es la escena que tengo de ella. No la fantaseo \u2018correctita\u2019, vaya. Hasta en los photocalls no posaba, jugaba en otra liga, daba la sensaci\u00f3n de estar pensando: \u2018No os tom\u00e9is esto tan en serio, que en 100 a\u00f1os todos calvos\u2019. Y esa manera de mirar, como con una mira telesc\u00f3pica detr\u00e1s de la cual se imaginaba un pa\u00eds de las maravillas. <strong>Jugaba en otra liga<\/strong>\u201d, ha sentenciado.<\/p>\n<p>El recuerdo para vivir<\/p>\n<p>Esta personalidad tan \u00fanica ha sido plasmada en unas l\u00edneas pero ha habido m\u00e1s. \u201cComo si hubiera venido a este mundo solo a recordar de qu\u00e9 iba esto de vivir, y a re\u00edrse un poco de la seriedad, de las preocupaciones, de los estreses\u2026 como si con sus ojos telesc\u00f3picos ya supiera m\u00e1s que ninguno que <strong>s\u00f3lo estamos de paso<\/strong>, y que no somos tan importantes como nos vivimos\u2026\u201d, ha continuado sobre esa lecci\u00f3n de vida.<\/p>\n<p><img loading=\"lazy\" decoding=\"async\"   src=\"https:\/\/www.europesays.com\/es\/wp-content\/uploads\/2025\/11\/sergio-peris-mencheta_eff68af7_251124191946_1200x666.webp.webp\" alt=\"Sergio Peris Mencheta\" class=\"lazyload\" width=\"1200\" height=\"666\" data-aspectratio=\"1200\/666\"\/><\/p>\n<p>El actor ha lanzado una profunda reflexi\u00f3n en sus redes sociales con una imagen de la actriz.<\/p>\n<p>&#13;Instagram @perismencheta<\/p>\n<p>Por ello, Sergio ha dejado claro cu\u00e1l es el recuerdo que tiene de ella. \u201cS\u00ed, la Echegui era el paradigma de las ganas de vivir sin cortapisas. A cada instante. <strong>Como si fuera su se\u00f1a de identidad<\/strong>. Como si descubriera una jugueter\u00eda o un parque de atracciones en cada momento. Como si no tuviera tiempo que perder en conversaciones de ascensor\u2026 no me la imagino en un ascensor teniendo una conversaci\u00f3n de ascensor\u201d, ha explicado.<\/p>\n<p><img decoding=\"async\" src=\"https:\/\/www.europesays.com\/es\/wp-content\/uploads\/2025\/11\/loles-leon_a179862b_251124172122_800x800.webp.webp\" alt=\"loles leon\" class=\"image lazyload\"\/><img loading=\"lazy\" decoding=\"async\" src=\"https:\/\/www.europesays.com\/es\/wp-content\/uploads\/2025\/11\/loles-leon_a179862b_251124172127_1280x720.webp.webp\" alt=\"Loles Le\u00f3n (75 a\u00f1os), sobre su hijo Bertoldo: \u201cDejarle atr\u00e1s ha sido el precio m\u00e1s alto que he pagado por mi carrera\u201d\" class=\"image lazyload\" width=\"1280\" height=\"720\" data-aspectratio=\"1280\/720\"\/><\/p>\n<p>Adem\u00e1s, ha proseguido sobre esa se\u00f1a de identidad y esos detalles en los que solo ella se fijar\u00eda. \u201cMe la imagino entrando a saco siempre. Un ascensor con un vecino muermo pero ella saca un tema y no es \u2018hablar del tiempo\u2019. Es que <strong>se ha fijado en algo que solo ella se fijar\u00eda<\/strong>, y como a una ni\u00f1a le llama la atenci\u00f3n, y como una ni\u00f1a en una jugueter\u00eda le comenta al vecino muermo. Y algo se rompe. Y ese vecino resulta que no era tan muermo. Y aparece la vida\u201d, ha reflexionado el actor.<\/p>\n<p>Su lecci\u00f3n de vida<\/p>\n<p>La vida de Ver\u00f3nica ha sido corta pero intensa, as\u00ed como llena de sorpresas. \u201c<strong>Con ella siempre se romp\u00eda la rutina, y aparec\u00eda la vida<\/strong>, carajo. Era una sorpresa continua. Con ella se escacharraba lo ordinario. Como si hubiera venido a este mundo a exprimir al m\u00e1ximo los 40 a\u00f1os que iba a vivir. Como si su ser superior ya supiera que ser\u00eda una estrella fugaz, y le planteara un \u2018all-in\u2019 a cada instante, por cotidiano que fuese\u201d, ha se\u00f1alado Peris-Mencheta.<\/p>\n<blockquote class=\"instagram-media\" data-instgrm-captioned=\"\" data-instgrm-permalink=\"https:\/\/www.instagram.com\/p\/DRZTEZ3CPSz\/?utm_source=ig_embed&amp;utm_campaign=loading\" data-instgrm-version=\"14\" style=\" background:#FFF; border:0; border-radius:3px; box-shadow:0 0 1px 0 rgba(0,0,0,0.5),0 1px 10px 0 rgba(0,0,0,0.15); margin: 1px; max-width:540px; min-width:326px; padding:0; width:99.375%; width:-webkit-calc(100% - 2px); width:calc(100% - 2px);\"\/>\n<p>De esta manera, el actor ha querido dejar claro el aut\u00e9ntico prop\u00f3sito que ten\u00eda su compa\u00f1era de profesi\u00f3n. \u201cComo si hubiera encarnado para <strong>darnos una lecci\u00f3n a todos de c\u00f3mo se debe vivir una vida<\/strong>\u201d, ha sentenciado. De hecho, \u00e9l mismo ha a\u00f1adido que nunca se hab\u00eda repetido tanto la palabra vida en una publicaci\u00f3n pero ha sido el legado que ha dejado Ver\u00f3nica tras su repentina muerte.<\/p>\n<p><script async src=\"\/\/www.instagram.com\/embed.js\"><\/script><\/p>\n","protected":false},"excerpt":{"rendered":"A finales del mes de agosto el mundo de la interpretaci\u00f3n lloraba la p\u00e9rdida de Ver\u00f3nica Echegui a&hellip;\n","protected":false},"author":2,"featured_media":254334,"comment_status":"","ping_status":"","sticky":false,"template":"","format":"standard","meta":{"footnotes":""},"categories":[174],"tags":[255,146,147,25,24,256,23],"class_list":{"0":"post-254333","1":"post","2":"type-post","3":"status-publish","4":"format-standard","5":"has-post-thumbnail","7":"category-famosos","8":"tag-celebrities","9":"tag-entertainment","10":"tag-entretenimiento","11":"tag-es","12":"tag-espana","13":"tag-famosos","14":"tag-spain"},"share_on_mastodon":{"url":"https:\/\/pubeurope.com\/@es\/115608092111273851","error":""},"_links":{"self":[{"href":"https:\/\/www.europesays.com\/es\/wp-json\/wp\/v2\/posts\/254333","targetHints":{"allow":["GET"]}}],"collection":[{"href":"https:\/\/www.europesays.com\/es\/wp-json\/wp\/v2\/posts"}],"about":[{"href":"https:\/\/www.europesays.com\/es\/wp-json\/wp\/v2\/types\/post"}],"author":[{"embeddable":true,"href":"https:\/\/www.europesays.com\/es\/wp-json\/wp\/v2\/users\/2"}],"replies":[{"embeddable":true,"href":"https:\/\/www.europesays.com\/es\/wp-json\/wp\/v2\/comments?post=254333"}],"version-history":[{"count":0,"href":"https:\/\/www.europesays.com\/es\/wp-json\/wp\/v2\/posts\/254333\/revisions"}],"wp:featuredmedia":[{"embeddable":true,"href":"https:\/\/www.europesays.com\/es\/wp-json\/wp\/v2\/media\/254334"}],"wp:attachment":[{"href":"https:\/\/www.europesays.com\/es\/wp-json\/wp\/v2\/media?parent=254333"}],"wp:term":[{"taxonomy":"category","embeddable":true,"href":"https:\/\/www.europesays.com\/es\/wp-json\/wp\/v2\/categories?post=254333"},{"taxonomy":"post_tag","embeddable":true,"href":"https:\/\/www.europesays.com\/es\/wp-json\/wp\/v2\/tags?post=254333"}],"curies":[{"name":"wp","href":"https:\/\/api.w.org\/{rel}","templated":true}]}}