{"id":254348,"date":"2025-11-25T03:08:21","date_gmt":"2025-11-25T03:08:21","guid":{"rendered":"https:\/\/www.europesays.com\/es\/254348\/"},"modified":"2025-11-25T03:08:21","modified_gmt":"2025-11-25T03:08:21","slug":"noboa-frente-al-espejo-el-pais-rechaza-su-plan-de-cambiar-la-constitucion-y-le-obliga-a-reescribir-su-estrategia","status":"publish","type":"post","link":"https:\/\/www.europesays.com\/es\/254348\/","title":{"rendered":"Noboa frente al espejo: el pa\u00eds rechaza su plan de cambiar la Constituci\u00f3n y le obliga a reescribir su estrategia"},"content":{"rendered":"<p class=\"\">Ecuador amaneci\u00f3 el pasado lunes con una certeza que pocos hab\u00edan previsto: una amplia mayor\u00eda de ecuatorianos vot\u00f3 no en el refer\u00e9ndum convocado por el presidente Daniel Noboa para reformar la Constituci\u00f3n. <a href=\"https:\/\/elpais.com\/america\/2025-11-18\/no-no-no-y-no-en-ecuador.html\" target=\"_self\" rel=\"nofollow noopener\" title=\"https:\/\/elpais.com\/america\/2025-11-18\/no-no-no-y-no-en-ecuador.html\">Hubo lugares en los que el no super\u00f3 el 70%<\/a>. Lo m\u00e1s simb\u00f3lico se vio en las provincias ind\u00edgenas de la Sierra centro, las mismas que lo catapultaron al Palacio de Carondelet en abril pasado, esta vez votaron castigando. Solo la provincia andina de Tungurahua resisti\u00f3 la ola de rechazo a la propuesta de Noboa bajo la premisa de devolver la seguridad y de refundar a la Patria. <\/p>\n<p class=\"\">El presidente desapareci\u00f3 tras el rev\u00e9s. Un d\u00eda despu\u00e9s de la derrota, <a href=\"https:\/\/elpais.com\/america\/2025-11-18\/noboa-reconfigura-su-gobierno-tras-el-batacazo-del-referendum-constitucional.html\" target=\"_self\" rel=\"nofollow noopener\" title=\"https:\/\/elpais.com\/america\/2025-11-18\/noboa-reconfigura-su-gobierno-tras-el-batacazo-del-referendum-constitucional.html\">Noboa parti\u00f3 hacia un viaje oficial<\/a> a Estados Unidos, bajo un decreto en el que inform\u00f3 que saldr\u00eda del pa\u00eds hasta el 20 de noviembre. Hasta el momento, no se sabe con qui\u00e9n se reuni\u00f3, qu\u00e9 agenda cumpli\u00f3, ni siquiera si ya volvi\u00f3. Mientras su mandatario se esfuma, el pa\u00eds acumula crisis y exige explicaciones.<\/p>\n<p class=\"\"><a href=\"https:\/\/elpais.com\/america\/2025-11-17\/el-primer-gran-reves-de-noboa-ecuador-dice-no-a-todas-sus-reformas-constitucionales.html\" target=\"_self\" rel=\"nofollow noopener\" title=\"https:\/\/elpais.com\/america\/2025-11-17\/el-primer-gran-reves-de-noboa-ecuador-dice-no-a-todas-sus-reformas-constitucionales.html\">Los analistas describen ese vac\u00edo como un s\u00edntoma.<\/a> \u201cHay una desconexi\u00f3n profunda con la ciudadan\u00eda de a pie\u201d, afirma Paolo Moncagatta, polit\u00f3logo y decano del Colegio de Ciencias Sociales de la Universidad San Francisco de Quito. En su lectura, el referendo fue una evaluaci\u00f3n global, un veredicto sobre la gesti\u00f3n: crisis sanitaria, exceso de represi\u00f3n durante el paro ind\u00edgena, incapacidad para dialogar, obras rezagadas, una inseguridad que no cede. \u201cUna combinaci\u00f3n de todo\u201d, resume.<\/p>\n<p class=\"\">Daniel Noboa lleg\u00f3 a la pol\u00edtica como una figura ajena a la polarizaci\u00f3n que defini\u00f3 la campa\u00f1a presidencial de 2023. En las encuestas aparec\u00eda como el pen\u00faltimo de ocho candidatos. En el debate, tan solo d\u00edas despu\u00e9s del asesinato del candidato Fernando Villavicencio, se present\u00f3 con chaleco antibalas. Vend\u00eda una imagen de outsider ecu\u00e1nime, conciliador, el rostro joven y la opci\u00f3n que se opon\u00eda a la vieja pol\u00edtica. Lo poco que se sab\u00eda de \u00e9l es que <a href=\"https:\/\/elpais.com\/america\/2025-04-13\/daniel-noboa-bisnieto-nieto-e-hijo-del-poder.html\" target=\"_self\" rel=\"nofollow noopener\" title=\"https:\/\/elpais.com\/america\/2025-04-13\/daniel-noboa-bisnieto-nieto-e-hijo-del-poder.html\">era el hijo del hombre del imperio del banano<\/a> de Ecuador, \u00c1lvaro Noboa, conocido por intentar en cinco ocasiones llegar a la Presidencia. <\/p>\n<p class=\"\">\u201cSu discurso cautiv\u00f3 porque la gente estaba harta de la polarizaci\u00f3n y \u00e9l fue el conciliador, que hablaba de un plan m\u00e1s all\u00e1 de la seguridad, mostr\u00f3 su perspectiva con los j\u00f3venes y mostraba preocupaci\u00f3n por los temas ambientales\u201d, recuerda Andrea Endara, coordinadora de la carrera de Ciencias Pol\u00edticas de la Universidad Casa Grande de Guayaquil. Pero el personaje mut\u00f3 con rapidez. Del joven conciliador emergi\u00f3 un mandatario dispuesto a adoptar un tono duro, incluso prepotente, que quer\u00eda imitar al salvadore\u00f1o Nayib Bukele, pero que ha terminado parecerse m\u00e1s al estilo confrontacional de Rafael Correa.<\/p>\n<p class=\"\">Moncagatta refleja la evoluci\u00f3n: \u201cPas\u00f3 de hablar de consensos a insultar desde redes sociales. De buscar acuerdos, a cerrar ministerios, de dialogar, a construir enemigos\u201d. Para el polit\u00f3logo, Noboa parece un Correa 2.0, m\u00e1s moderno, m\u00e1s empresarial, igual de concentrador de poder.<\/p>\n<p class=\"\">Endara, por su parte, considera que es un l\u00edder camale\u00f3nico, capaz de adaptarse r\u00e1pidamente a los momentos pol\u00edticos. \u201cEl Daniel de hoy sabe cu\u00e1ndo hacer una performance\u201d, se\u00f1ala. \u201cSi la lucha es contra la inseguridad, usa la chaqueta de los militares; cuando est\u00e1 en las calles se muestra m\u00e1s informal y accesible con la gente\u201d. Destaca que a lo largo de su mandato, ha utilizado su perfil empresarial y las conexiones familiares para abrir nuevos mercados y gestionar alianzas internacionales para el pa\u00eds.<\/p>\n<p><img decoding=\"auto\" class=\"_re lazyload a_m-h\" height=\"284\"  width=\"414\"  src=\"https:\/\/www.europesays.com\/es\/wp-content\/uploads\/2025\/11\/5HXZGIGXKRLKPILOCU3WYSXKZ4.jpg\" loading=\"lazy\"\/>Resultados preliminares de la elecci\u00f3n, en Quito, el 16 de noviembre.Karen Toro (REUTERS)<\/p>\n<p class=\"\">Pero tras el rev\u00e9s del referendo, las se\u00f1ales que emite el Gobierno son m\u00e1s preocupantes. Endara cree que la falta de resultados concretos, amplificado con apagones, esc\u00e1ndalos de corrupci\u00f3n, sistemas p\u00fablicos colapsado o ministerios que apenas ejecutan su presupuesto, han alimentado un desgaste generalizado. \u201cEl Gobierno vive en campa\u00f1a permanente y esa comunicaci\u00f3n ya no funciona. La gente est\u00e1 cansada\u201d, afirma. A su juicio, el Ejecutivo err\u00f3 tambi\u00e9n en algo b\u00e1sico: no reconocer los errores.<\/p>\n<p class=\"\">Tras los resultados del pasado domingo, Noboa solo se pronunci\u00f3 en su perfil X y despu\u00e9s guard\u00f3 silencio. Solo unas horas despu\u00e9s, apareci\u00f3 el presidente de la Asamblea, Niels Olsen, para hablar en nombre del Gobierno. \u201cSeguiremos luchando sin descanso por el pa\u00eds que ustedes merecen, con las herramientas que tenemos\u201d, repiti\u00f3 Olsen y otras dos legisladoras que lo acompa\u00f1aron al sal\u00f3n vac\u00edo que en realidad se hab\u00eda preparado para festejar una victoria que cre\u00edan tener ganada. <\/p>\n<p class=\"\">Los analistas coinciden en que el Gobierno no entendi\u00f3 el mensaje de las urnas. \u201cEl resultado debi\u00f3 ser una oportunidad para rectificar\u201d, afirma Moncagatta. Noboa reaccion\u00f3 <a href=\"https:\/\/elpais.com\/america\/2025-11-18\/noboa-reconfigura-su-gobierno-tras-el-batacazo-del-referendum-constitucional.html\" target=\"_self\" rel=\"nofollow noopener\" title=\"https:\/\/elpais.com\/america\/2025-11-18\/noboa-reconfigura-su-gobierno-tras-el-batacazo-del-referendum-constitucional.html\">haciendo cambios en seis ministerios que en, realidad, no cambiaban mucho<\/a>, y recicl\u00f3 figuras. \u201cEl Gobierno deb\u00eda aprovechar el resultado como una oportunidad para rectificar, pero puso a gente cercana a sus empresas o a su c\u00edrculo \u00edntimo\u201d, se\u00f1ala Moncagatta. \u201cSi no gira, podr\u00eda convertirse en otro Lasso, un presidente cuyo \u00fanico objetivo fue sobrevivir.\u201d<\/p>\n<p class=\"\">Un ejemplo de esta improvisaci\u00f3n fue la designaci\u00f3n de \u00c1lvaro Rosero como ministro de Gobierno, un radiodifusor conocido por su afinidad al oficialismo, quien no pudo asumir el cargo debido a una deuda patronal de 56.000 d\u00f3lares con la Seguridad Social. El asunto acab\u00f3 exponiendo al Gobierno a nuevas cr\u00edticas, alimentadas con la denuncia del director regional del Ministerio de Trabajo, que lo presionaron para eliminar la deuda de Rosero. \u201cMi perfil despert\u00f3 temores\u201d, dijo en un breve mensaje en X, con el que declin\u00f3 el cargo que no pudo ejercer. <\/p>\n<p class=\"\">El referendo del 16 de noviembre dej\u00f3 a Noboa frente al espejo. Sin reforma constitucional, sin el respaldo amplio del que disfrut\u00f3 en sus primeros meses y sin una narrativa clara m\u00e1s all\u00e1 de la \u201cmano dura\u201d, su legitimidad depende ahora casi exclusivamente de resultados concretos en seguridad, salud, educaci\u00f3n y obras. Pero Ecuador est\u00e1 pol\u00edticamente fracturado, golpeado por la crisis econ\u00f3mica y emocionalmente exhausto. Lo que viene es incierto. La pregunta que queda flotando es inevitable: tras el derrumbe de su intento de emular a Bukele, \u00bfen qu\u00e9 tipo de presidente est\u00e1 dispuesto a convertirse ahora?<\/p>\n","protected":false},"excerpt":{"rendered":"Ecuador amaneci\u00f3 el pasado lunes con una certeza que pocos hab\u00edan previsto: una amplia mayor\u00eda de ecuatorianos vot\u00f3&hellip;\n","protected":false},"author":2,"featured_media":254349,"comment_status":"","ping_status":"","sticky":false,"template":"","format":"standard","meta":{"footnotes":""},"categories":[42],"tags":[889,17,18,11298,7336,2622,4374,13,14,11,61,62,63,64,19,20,1804,9,10,15,16,61870,12,21,22,65,66,67],"class_list":{"0":"post-254348","1":"post","2":"type-post","3":"status-publish","4":"format-standard","5":"has-post-thumbnail","7":"category-internacional","8":"tag-america","9":"tag-breaking-news","10":"tag-breakingnews","11":"tag-constitucion","12":"tag-daniel-noboa","13":"tag-ecuador","14":"tag-elecciones","15":"tag-featured-news","16":"tag-featurednews","17":"tag-headlines","18":"tag-internacional","19":"tag-international","20":"tag-international-news","21":"tag-internationalnews","22":"tag-latest-news","23":"tag-latestnews","24":"tag-latinoamerica","25":"tag-news","26":"tag-noticias","27":"tag-noticias-destacadas","28":"tag-noticiasdestacadas","29":"tag-referendum","30":"tag-titulares","31":"tag-ultimas-noticias","32":"tag-ultimasnoticias","33":"tag-world","34":"tag-world-news","35":"tag-worldnews"},"share_on_mastodon":{"url":"","error":"Validation failed: Text character limit of 500 exceeded"},"_links":{"self":[{"href":"https:\/\/www.europesays.com\/es\/wp-json\/wp\/v2\/posts\/254348","targetHints":{"allow":["GET"]}}],"collection":[{"href":"https:\/\/www.europesays.com\/es\/wp-json\/wp\/v2\/posts"}],"about":[{"href":"https:\/\/www.europesays.com\/es\/wp-json\/wp\/v2\/types\/post"}],"author":[{"embeddable":true,"href":"https:\/\/www.europesays.com\/es\/wp-json\/wp\/v2\/users\/2"}],"replies":[{"embeddable":true,"href":"https:\/\/www.europesays.com\/es\/wp-json\/wp\/v2\/comments?post=254348"}],"version-history":[{"count":0,"href":"https:\/\/www.europesays.com\/es\/wp-json\/wp\/v2\/posts\/254348\/revisions"}],"wp:featuredmedia":[{"embeddable":true,"href":"https:\/\/www.europesays.com\/es\/wp-json\/wp\/v2\/media\/254349"}],"wp:attachment":[{"href":"https:\/\/www.europesays.com\/es\/wp-json\/wp\/v2\/media?parent=254348"}],"wp:term":[{"taxonomy":"category","embeddable":true,"href":"https:\/\/www.europesays.com\/es\/wp-json\/wp\/v2\/categories?post=254348"},{"taxonomy":"post_tag","embeddable":true,"href":"https:\/\/www.europesays.com\/es\/wp-json\/wp\/v2\/tags?post=254348"}],"curies":[{"name":"wp","href":"https:\/\/api.w.org\/{rel}","templated":true}]}}