{"id":254354,"date":"2025-11-25T03:19:11","date_gmt":"2025-11-25T03:19:11","guid":{"rendered":"https:\/\/www.europesays.com\/es\/254354\/"},"modified":"2025-11-25T03:19:11","modified_gmt":"2025-11-25T03:19:11","slug":"nadie-le-va-a-hacer-un-buen-homenaje-a-chris-paul","status":"publish","type":"post","link":"https:\/\/www.europesays.com\/es\/254354\/","title":{"rendered":"\u201cNadie le va a hacer un buen homenaje a Chris Paul\u201d"},"content":{"rendered":"<p class=\"\">Ya ha tenido lugar la noticia menos sorprendente de esta temporada: se retira <b>Chris Paul<\/b>. Es imposible no valorar su maravillosa carrera, pero seguramente lo que m\u00e1s quede es que <b>tuvo muy cerca el anillo para encumbrarse entre los m\u00e1s grandes<\/b>. Y no fue capaz por encontrarse, claro, con extraterrestres como <b>Giannis <\/b>o <b>Stephen Curry<\/b>. Dentro de los debates que siempre orbitar\u00e1n a su alrededor, se encuentra tambi\u00e9n el de si <b>Stockton fue mejor o no<\/b>, si es el base m\u00e1s importante de los que nunca hayan ganado la NBA, o si nunca se ha establecido como la gran leyenda de ninguna franquicia.<\/p>\n<p class=\"\">Todas estas posibilidades jam\u00e1s las cargar\u00e1n <b>Shai<\/b>, <b>Curry<\/b>, <b>Magic <\/b>o <b>LeBron<\/b>, que, por un motivo o por otro, no pregunt\u00e9is por qu\u00e9, han ocupado el episodio junto al l\u00edo de <b>Ja Morant<\/b> con <b>Klay<\/b>, el despegue de <b>Toronto <\/b>y <b>Miami <\/b>para salvar la Conferencia Este junto a <b>Detroit<\/b>, o los problemas constantes que siguen arrastrando unos <b>New York Knicks<\/b> que empiezan a ver con buenos ojos la venida de <b>Anthony Davis<\/b>. Tienen que hacer lo que sea para despuntar entre los principales candidatos al anillo si, nadie lo quiere pero es una opci\u00f3n, se caen los <b>Oklahoma City Thunder<\/b> debido a cualquier tipo de cataclismo. <\/p>\n<p class=\"\">M\u00ednimo de Veterano es la sitcom de la NBA. El templo de la redonda. Un podcast original de Diario AS. Todos los lunes y jueves, nuevo episodio con Pepe Rodr\u00edguez, Toni Vidal y Juanma Rubio. Y a veces se cuela Javier Machicado. S\u00edguenos en todas las plataformas: <a href=\"https:\/\/linktr.ee\/MinimoDeVeterano\" rel=\"nofollow noopener\" target=\"_blank\">https:\/\/linktr.ee\/MinimoDeVeterano<\/a>. <\/p>\n<p>Noticias relacionadas<a href=\"https:\/\/as.com\/audio\/podcast\/nba-minimo-de-veterano\/que-legado-quedara-de-la-carrera-de-chris-paul-a-anos-luz-de-magic-curry-isiah-y-quien-mas-minimo-de-veterano-5x15-f202511-n\/\" class=\"s_m_w\" title=\"La retirada del magn\u00edfico base lleva a plantear numerosos debates sobre su figura, su posici\u00f3n en la historia de la NBA y la de otros iconos del baloncesto.\" data-tb-link=\"\" rel=\"nofollow noopener\" target=\"_blank\"><img decoding=\"async\" src=\"https:\/\/www.europesays.com\/es\/wp-content\/uploads\/2025\/11\/1764040751_993_5QWYBYOIVBERTGYWXKMSE24TTA.jpg\" alt=\"\u00bfQu\u00e9 legado quedar\u00e1 de la carrera de Chris Paul? A a\u00f1os luz de Magic, Curry, Isiah... \u00bfy qui\u00e9n m\u00e1s? | M\u00ednimo de Veterano 5x15\" class=\"\" height=\"9\" width=\"16\"   loading=\"lazy\" data-tb-thumbnail=\"\"\/><\/a><a href=\"https:\/\/as.com\/audio\/podcast\/nba-minimo-de-veterano\/la-decepcion-de-cleveland-cavaliers-y-el-exito-de-detroit-pistons-que-hacer-con-tantas-lesiones-minimo-de-veterano-5x14-f202511-n\/\" class=\"s_m_w\" title=\"El paso adelante de Cavs depende de Evan Mobley, pero son Cade y Duren quienes lideran el Este con unos Pistons que traen los mejores recuerdos a Detroit.\" data-tb-link=\"\" rel=\"nofollow noopener\" target=\"_blank\"><img decoding=\"async\" src=\"https:\/\/www.europesays.com\/es\/wp-content\/uploads\/2025\/11\/1764040751_137_ZRKLKDL6RZBMHCDQBY6RCKWLSE.jpg\" alt=\"La decepci\u00f3n de Cleveland Cavaliers y el \u00e9xito de Detroit Pistons. \u00bfQu\u00e9 hacer con tantas lesiones? | M\u00ednimo de Veterano 5x14\" class=\"\" height=\"9\" width=\"16\"   loading=\"lazy\" data-tb-thumbnail=\"\"\/><\/a><\/p>\n<p class=\"\"><b>\u00a1Tus opiniones importan!<\/b><\/p>\n<p class=\"\">Comenta en los art\u00edculos y suscr\u00edbete gratis a nuestra <a href=\"https:\/\/asfan.as.com\/newsletters\/\" target=\"_blank\" rel=\"nofollow noopener\" title=\"https:\/\/asfan.as.com\/newsletters\/\">newsletter<\/a> y a las alertas informativas en la <a href=\"https:\/\/as.com\/aplicacion-de-as-n\/\" target=\"_blank\" rel=\"nofollow noopener\" title=\"https:\/\/as.com\/aplicacion-de-as-n\/\">App<\/a> o el canal de <a href=\"https:\/\/www.whatsapp.com\/channel\/0029VaAasdA7j6g745nz9M10\" target=\"_blank\" rel=\"nofollow noopener\" title=\"https:\/\/www.whatsapp.com\/channel\/0029VaAasdA7j6g745nz9M10\">WhatsApp<\/a>. \u00bfBuscas licenciar contenido? Haz clic <a href=\"https:\/\/profesional.elpais.com\/soluciones-sindicacion?utm_medium=interno&amp;utm_source=crosslinking&amp;utm_campaign=sindicacion_as_pie_articulos\" target=\"_blank\" rel=\"nofollow noopener\" title=\"https:\/\/profesional.elpais.com\/soluciones-sindicacion?utm_medium=interno&amp;utm_source=crosslinking&amp;utm_campaign=sindicacion_as_pie_articulos\">aqu\u00ed<\/a><\/p>\n","protected":false},"excerpt":{"rendered":"Ya ha tenido lugar la noticia menos sorprendente de esta temporada: se retira Chris Paul. Es imposible no&hellip;\n","protected":false},"author":2,"featured_media":254082,"comment_status":"","ping_status":"","sticky":false,"template":"","format":"standard","meta":{"footnotes":""},"categories":[269],"tags":[299,298,168,25,24,23,167],"class_list":{"0":"post-254354","1":"post","2":"type-post","3":"status-publish","4":"format-standard","5":"has-post-thumbnail","7":"category-baloncesto","8":"tag-baloncesto","9":"tag-basketball","10":"tag-deportes","11":"tag-es","12":"tag-espana","13":"tag-spain","14":"tag-sports"},"share_on_mastodon":{"url":"https:\/\/pubeurope.com\/@es\/115608182454400143","error":""},"_links":{"self":[{"href":"https:\/\/www.europesays.com\/es\/wp-json\/wp\/v2\/posts\/254354","targetHints":{"allow":["GET"]}}],"collection":[{"href":"https:\/\/www.europesays.com\/es\/wp-json\/wp\/v2\/posts"}],"about":[{"href":"https:\/\/www.europesays.com\/es\/wp-json\/wp\/v2\/types\/post"}],"author":[{"embeddable":true,"href":"https:\/\/www.europesays.com\/es\/wp-json\/wp\/v2\/users\/2"}],"replies":[{"embeddable":true,"href":"https:\/\/www.europesays.com\/es\/wp-json\/wp\/v2\/comments?post=254354"}],"version-history":[{"count":0,"href":"https:\/\/www.europesays.com\/es\/wp-json\/wp\/v2\/posts\/254354\/revisions"}],"wp:featuredmedia":[{"embeddable":true,"href":"https:\/\/www.europesays.com\/es\/wp-json\/wp\/v2\/media\/254082"}],"wp:attachment":[{"href":"https:\/\/www.europesays.com\/es\/wp-json\/wp\/v2\/media?parent=254354"}],"wp:term":[{"taxonomy":"category","embeddable":true,"href":"https:\/\/www.europesays.com\/es\/wp-json\/wp\/v2\/categories?post=254354"},{"taxonomy":"post_tag","embeddable":true,"href":"https:\/\/www.europesays.com\/es\/wp-json\/wp\/v2\/tags?post=254354"}],"curies":[{"name":"wp","href":"https:\/\/api.w.org\/{rel}","templated":true}]}}