{"id":254357,"date":"2025-11-25T03:21:15","date_gmt":"2025-11-25T03:21:15","guid":{"rendered":"https:\/\/www.europesays.com\/es\/254357\/"},"modified":"2025-11-25T03:21:15","modified_gmt":"2025-11-25T03:21:15","slug":"ha-fallecido-udo-kier-el-secundario-que-siempre-se-hacia-notar-asi-lo-hizo-en-estas-3-peliculas-extraordinarias-que-se-pueden-ver-en-streaming","status":"publish","type":"post","link":"https:\/\/www.europesays.com\/es\/254357\/","title":{"rendered":"Ha fallecido Udo Kier, el secundario que siempre se hac\u00eda notar. As\u00ed lo hizo en estas 3 pel\u00edculas extraordinarias que se pueden ver en streaming"},"content":{"rendered":"<p>Hab\u00eda actores que brillaban con luz propia sin importar el tama\u00f1o del papel. Udo Kier lo llev\u00f3 a otro nivel, uno pr\u00e1cticamente inalcanzable por cualquier otro, porque su carrera fue fundamentalmente de secundario y, en ocasiones, en papeles marginales. Pero <strong>llamaban todos la atenci\u00f3n<\/strong>, porque su presencia era inconfundible, al igual que su energ\u00eda.<\/p>\n<p><a class=\"text-outboundlink\" href=\"https:\/\/www.espinof.com\/actores-y-actrices\/muere-a-81-anos-udo-kier-actor-culto-aleman-que-hizo-270-peliculas-que-colaboro-andy-warhol-lars-von-trier-gus-van-sant\" data-vars-post-title=\"Muere a los 81 a\u00f1os Udo Kier, actor de culto alem\u00e1n que hizo m\u00e1s de 270 pel\u00edculas y que colabor\u00f3 con Andy Warhol, Lars von Trier o Gus Van Sant \" data-vars-post-url=\"https:\/\/www.espinof.com\/actores-y-actrices\/muere-a-81-anos-udo-kier-actor-culto-aleman-que-hizo-270-peliculas-que-colaboro-andy-warhol-lars-von-trier-gus-van-sant\" rel=\"nofollow noopener\" target=\"_blank\">El actor alem\u00e1n ha fallecido<\/a>, y deja tras de s\u00ed una filmograf\u00eda inabarcable. Seg\u00fan \u00e9l mismo, de todas las pel\u00edculas que vio unas 100 eran malas, 50 se pod\u00edan ver con una copa de vino y unas 50 eran buenas. Cualquiera es apetecible de ver con un buen vino, pero <strong>estas tres son realmente imprescindibles<\/strong> y muestran no s\u00f3lo su manera de destacar sino su ojo para trabajar con autores.<\/p>\n<p>\u2018Suspiria\u2019 (1977)<\/p>\n<p>                   <img class=\"centro_sinmarco\" height=\"816\" width=\"1920\" loading=\"lazy\" decoding=\"async\"  fetchpriority=\"high\"  src=\"https:\/\/www.europesays.com\/es\/wp-content\/uploads\/2025\/11\/1764040872_287_450_1000.jpeg\" alt=\"Suspiria 1977 Udo Kier Jessica Harper\"\/><\/p>\n<p><strong>Direcci\u00f3n<\/strong>: Dario Argento. <strong>Reparto<\/strong>: Jessica Harper, Stefania Casini, Flavio Bucci, Udo Kier, Miguel Bos\u00e9.<\/p>\n<p>Su conexi\u00f3n con el cine de g\u00e9nero fue bastante importante, con algunos de sus papeles m\u00e1s prominentes en diferentes versiones de Frankenstein y Dr\u00e1cula. Pero no le importaba tomar algo m\u00e1s puntual si la visi\u00f3n pod\u00eda ser potente, algo que realiz\u00f3 en la <strong>sideral y psicod\u00e9lica obra maestra de Dario Argento<\/strong> que sigue siendo un giallo afilad\u00edsimo.<\/p>\n<p>    <a href=\"https:\/\/www.espinof.com\/otros\/guia-giallo-mario-bava-a-suspiria-ola-terror-italiana-que-marco-mundo\" class=\"pivot-outboundlink\" data-vars-post-title=\"Gu\u00eda Giallo, de Mario Bava a &#039;Suspiria&#039;: la ola de terror italiana que marc\u00f3 el mundo \" rel=\"nofollow noopener\" target=\"_blank\"><br \/>\n     <img loading=\"lazy\" decoding=\"async\" alt=\"Gu\u00eda Giallo, de Mario Bava a 'Suspiria': la ola de terror italiana que marc\u00f3 el mundo \" width=\"375\" height=\"142\" src=\"https:\/\/www.europesays.com\/es\/wp-content\/uploads\/2025\/11\/1764040872_59_375_142.jpg\"\/><br \/>\n    <\/a><\/p>\n<p><a rel=\"nofollow, sponsored, noopener, noreferrer\" target=\"_blank\" class=\"js-ecommerce\" id=\"link-ecommerce-1\" href=\"https:\/\/www.webedia-afilia.com\/redirect?url=https%3A%2F%2Fwww.primevideo.com%2F-%2Fes%2Fdetail%2F0RQYW4XZ5OMODCX9KT7VV6BPWI%2F&amp;category=listas&amp;site=espinof&amp;ecomPostExpiration=everlasting&amp;postId=250126\" data-vars-affiliate-url=\"https:\/\/www.primevideo.com\/-\/es\/detail\/0RQYW4XZ5OMODCX9KT7VV6BPWI\/\">Ver en acontra+<\/a> y <a rel=\"nofollow, sponsored, noopener, noreferrer\" target=\"_blank\" class=\"js-ecommerce\" id=\"link-ecommerce-2\" href=\"https:\/\/www.webedia-afilia.com\/redirect?url=https%3A%2F%2Fwww.filmin.es%2Fpelicula%2Fsuspiria-de-dario-argento&amp;category=listas&amp;site=espinof&amp;ecomPostExpiration=everlasting&amp;postId=250126\" data-vars-affiliate-url=\"https:\/\/www.filmin.es\/pelicula\/suspiria-de-dario-argento\">en Filmin<\/a> | <a class=\"text-outboundlink\" href=\"https:\/\/www.espinof.com\/otros\/suspiria-inferno-madre-mal-trilogia-terror-dario-argento-que-nunca-existio\" data-vars-post-title=\"&#039;Suspiria&#039;, &#039;Inferno&#039; y &#039;La madre del mal&#039;: la trilog\u00eda de terror de Dario Argento que nunca existi\u00f3\" data-vars-post-url=\"https:\/\/www.espinof.com\/otros\/suspiria-inferno-madre-mal-trilogia-terror-dario-argento-que-nunca-existio\" rel=\"nofollow noopener\" target=\"_blank\">&#8216;Suspiria&#8217;, &#8216;Inferno&#8217; y &#8216;La madre del mal&#8217;: la trilog\u00eda de terror de Dario Argento que nunca existi\u00f3<\/a><\/p>\n<p>\u2018Mi Idaho Privado\u2019 (\u2019My Own Private Idaho\u2019, 1991)<\/p>\n<p>                   <img class=\"centro_sinmarco\" height=\"402\" width=\"720\" loading=\"lazy\" decoding=\"async\"  fetchpriority=\"high\"  src=\"https:\/\/www.europesays.com\/es\/wp-content\/uploads\/2025\/11\/1764040873_730_450_1000.jpeg\" alt=\"Mi Idaho Privado 1991 Udo Kier River Phoenix\"\/><\/p>\n<p><strong>Direcci\u00f3n<\/strong>: Gus Van Sant. <strong>Reparto<\/strong>: River Phoenix, Keanu Reeves, James Russo, Chiara Caselli, Udo Kier.<\/p>\n<p>Moverse a Estados Unidos no era un problema, especialmente si le supon\u00edan trabajar con un autor de culto o con Pamela Anderson. No es que la actriz salga en esta americana reinterpretaci\u00f3n en clave road movie de Enrique IV, pero s\u00ed que tiene la <strong>delicada esencia de Gus Van Sant para sacar lo m\u00e1ximo de su historia<\/strong> as\u00ed como de un gran reparto joven que recibe un electroshock con la presencia del alem\u00e1n.<\/p>\n<p><a rel=\"nofollow, sponsored, noopener, noreferrer\" target=\"_blank\" class=\"js-ecommerce\" id=\"link-ecommerce-3\" href=\"https:\/\/www.webedia-afilia.com\/redirect?url=https%3A%2F%2Fwww.movistarplus.es%2Fcine%2Fmi-idaho-privado%2Fficha%3Ftipo%3DE%26id%3D305700&amp;category=listas&amp;site=espinof&amp;ecomPostExpiration=everlasting&amp;postId=250126\" data-vars-affiliate-url=\"https:\/\/www.movistarplus.es\/cine\/mi-idaho-privado\/ficha?tipo=E&amp;id=305700\">Ver en Movistar+<\/a> | <a class=\"text-outboundlink\" href=\"https:\/\/www.espinof.com\/directores-y-guionistas\/gus-van-sant-director-esencial-del-cine-norteamericano\" data-vars-post-title=\"Gus Van Sant, director esencial del cine norteamericano\" data-vars-post-url=\"https:\/\/www.espinof.com\/directores-y-guionistas\/gus-van-sant-director-esencial-del-cine-norteamericano\" rel=\"nofollow noopener\" target=\"_blank\">Gus Van Sant, director esencial del cine norteamericano<\/a><\/p>\n<p>\u2018Melancol\u00eda\u2019 (\u2019Melancholia\u2019, 2011)<\/p>\n<p>                   <img class=\"centro_sinmarco\" height=\"459\" width=\"1080\" loading=\"lazy\" decoding=\"async\"  fetchpriority=\"high\"  src=\"https:\/\/www.europesays.com\/es\/wp-content\/uploads\/2025\/11\/1764040873_520_450_1000.jpeg\" alt=\"Melancolia 2011 Udo Kier Charlotte Gainsbourg\"\/><\/p>\n<p><strong>Direcci\u00f3n<\/strong>: Lars von Trier. <strong>Reparto<\/strong>: Kirsten Dunst, Charlotte Gainsbourg, Alexander Skarsg\u00e5rd, Stellan Skarsg\u00e5rd, Udo Kier.<\/p>\n<p>Kier tambi\u00e9n ten\u00eda mucha afinidad con Lars von Trier, que le dio un papel siempre en casi todas las pel\u00edculas de su carrera as\u00ed como en la serie \u2018The Kingdom\u2019. Habitualmente papeles marginales pero que, como siempre con el actor, <strong>se hac\u00edan notar<\/strong>. As\u00ed que c\u00f3mo resistirse al apabullante desastre de la boda donde el alem\u00e1n es un organizador de boda cabreado porque la novia le ha arruinado su evento.<\/p>\n<p>    <a href=\"https:\/\/www.espinof.com\/listas\/mejores-peliculas-cine-culto-historia\" class=\"pivot-outboundlink\" data-vars-post-title=\"Las 30 mejores pel\u00edculas de cine de culto de la historia\" rel=\"nofollow noopener\" target=\"_blank\"><br \/>\n     <img loading=\"lazy\" decoding=\"async\" alt=\"Las 30 mejores pel\u00edculas de cine de culto de la historia\" width=\"375\" height=\"142\" src=\"https:\/\/www.europesays.com\/es\/wp-content\/uploads\/2025\/10\/1760964969_895_375_142.jpg\"\/><br \/>\n    <\/a><\/p>\n<p><a rel=\"nofollow, sponsored, noopener, noreferrer\" target=\"_blank\" class=\"js-ecommerce\" id=\"link-ecommerce-4\" href=\"https:\/\/www.webedia-afilia.com\/redirect?url=https%3A%2F%2Fwww.movistarplus.es%2Fcine%2Fmelancolia%2Fficha%3Ftipo%3DE%26id%3D1026737&amp;category=listas&amp;site=espinof&amp;ecomPostExpiration=everlasting&amp;postId=250126\" data-vars-affiliate-url=\"https:\/\/www.movistarplus.es\/cine\/melancolia\/ficha?tipo=E&amp;id=1026737\">Ver en Movistar+<\/a> y <a rel=\"nofollow, sponsored, noopener, noreferrer\" target=\"_blank\" class=\"js-ecommerce\" id=\"link-ecommerce-5\" href=\"https:\/\/www.webedia-afilia.com\/redirect?url=https%3A%2F%2Fwww.filmin.es%2Fpelicula%2Fmelancolia&amp;category=listas&amp;site=espinof&amp;ecomPostExpiration=everlasting&amp;postId=250126\" data-vars-affiliate-url=\"https:\/\/www.filmin.es\/pelicula\/melancolia\">en Filmin<\/a> | <a class=\"text-outboundlink\" href=\"https:\/\/www.espinof.com\/criticas\/melancolia-la-belleza-traera-nuestro-fin\" data-vars-post-title=\"&#039;Melancol\u00eda&#039;, la belleza traer\u00e1 nuestro fin\" data-vars-post-url=\"https:\/\/www.espinof.com\/criticas\/melancolia-la-belleza-traera-nuestro-fin\" rel=\"nofollow noopener\" target=\"_blank\">La cr\u00edtica en Espinof<\/a><\/p>\n<p>En Espinof | <a class=\"text-outboundlink\" href=\"https:\/\/www.espinof.com\/listas\/mejores-peliculas-2025\" data-vars-post-title=\"Las 15 mejores pel\u00edculas de 2025 (por ahora)\" data-vars-post-url=\"https:\/\/www.espinof.com\/listas\/mejores-peliculas-2025\" rel=\"nofollow noopener\" target=\"_blank\">Las mejores pel\u00edculas de 2025<\/a><\/p>\n<p>En Espinof | <a class=\"text-outboundlink\" href=\"https:\/\/www.espinof.com\/listas\/17-mejores-peliculas-drama-que-puedes-ver-streaming\" data-vars-post-title=\"Las 17 mejores pel\u00edculas de drama que puedes ver en streaming\" data-vars-post-url=\"https:\/\/www.espinof.com\/listas\/17-mejores-peliculas-drama-que-puedes-ver-streaming\" rel=\"nofollow noopener\" target=\"_blank\">Las mejores pel\u00edculas de drama en streaming<\/a><\/p>\n","protected":false},"excerpt":{"rendered":"Hab\u00eda actores que brillaban con luz propia sin importar el tama\u00f1o del papel. Udo Kier lo llev\u00f3 a&hellip;\n","protected":false},"author":2,"featured_media":254358,"comment_status":"","ping_status":"","sticky":false,"template":"","format":"standard","meta":{"footnotes":""},"categories":[174],"tags":[255,146,147,25,24,256,23],"class_list":{"0":"post-254357","1":"post","2":"type-post","3":"status-publish","4":"format-standard","5":"has-post-thumbnail","7":"category-famosos","8":"tag-celebrities","9":"tag-entertainment","10":"tag-entretenimiento","11":"tag-es","12":"tag-espana","13":"tag-famosos","14":"tag-spain"},"share_on_mastodon":{"url":"https:\/\/pubeurope.com\/@es\/115608190215425130","error":""},"_links":{"self":[{"href":"https:\/\/www.europesays.com\/es\/wp-json\/wp\/v2\/posts\/254357","targetHints":{"allow":["GET"]}}],"collection":[{"href":"https:\/\/www.europesays.com\/es\/wp-json\/wp\/v2\/posts"}],"about":[{"href":"https:\/\/www.europesays.com\/es\/wp-json\/wp\/v2\/types\/post"}],"author":[{"embeddable":true,"href":"https:\/\/www.europesays.com\/es\/wp-json\/wp\/v2\/users\/2"}],"replies":[{"embeddable":true,"href":"https:\/\/www.europesays.com\/es\/wp-json\/wp\/v2\/comments?post=254357"}],"version-history":[{"count":0,"href":"https:\/\/www.europesays.com\/es\/wp-json\/wp\/v2\/posts\/254357\/revisions"}],"wp:featuredmedia":[{"embeddable":true,"href":"https:\/\/www.europesays.com\/es\/wp-json\/wp\/v2\/media\/254358"}],"wp:attachment":[{"href":"https:\/\/www.europesays.com\/es\/wp-json\/wp\/v2\/media?parent=254357"}],"wp:term":[{"taxonomy":"category","embeddable":true,"href":"https:\/\/www.europesays.com\/es\/wp-json\/wp\/v2\/categories?post=254357"},{"taxonomy":"post_tag","embeddable":true,"href":"https:\/\/www.europesays.com\/es\/wp-json\/wp\/v2\/tags?post=254357"}],"curies":[{"name":"wp","href":"https:\/\/api.w.org\/{rel}","templated":true}]}}