{"id":254365,"date":"2025-11-25T03:28:13","date_gmt":"2025-11-25T03:28:13","guid":{"rendered":"https:\/\/www.europesays.com\/es\/254365\/"},"modified":"2025-11-25T03:28:13","modified_gmt":"2025-11-25T03:28:13","slug":"alta-densidad-mamografica-podria-asociarse-con-tumores-de-mama-de-peor-pronostico-segun-estudio","status":"publish","type":"post","link":"https:\/\/www.europesays.com\/es\/254365\/","title":{"rendered":"Alta densidad mamogr\u00e1fica podr\u00eda asociarse con tumores de mama de peor pron\u00f3stico, seg\u00fan estudio"},"content":{"rendered":"<p style=\"font-size: 1.2em; color: #000!important; margin-bottom: 15px;\">&#13;<br \/>\n                        Investigaci\u00f3n sugiere que las mujeres con alta densidad mamogr\u00e1fica tienen mayor probabilidad de desarrollar subtipos tumorales agresivos como HER2+ y triple negativo, especialmente en premenop\u00e1usicas y mujeres con sobrepeso.&#13;<br \/>\n&#13;\n                    <\/p>\n<p><a href=\"https:\/\/medicinaysaludpublica.com\/autor\/laura-guio\/53996\/\" title=\"Autor Laura Guio\" rel=\"nofollow noopener\" target=\"_blank\">&#13;<br \/>\n                            Laura Guio&#13;<br \/>\n                        <\/a><\/p>\n<p>Noviembre 23, 2025 | | Tiempo De Lectura: 4 min <\/p>\n<p>La densidad mamaria se refiere a la proporci\u00f3n de tejido fibroso y glandular en comparaci\u00f3n con el tejido graso en los senos, seg\u00fan se observa en una mamograf\u00eda. Fotomontaje: Revista MSP.<\/p>\n<p>Un reciente <strong><a href=\"https:\/\/medicinaysaludpublica.com\/tags\/estudio\/12249\" style=\"text-decoration: underline;\" title=\"estudio\" rel=\"nofollow noopener\" target=\"_blank\">estudio<\/a><\/strong> realizado desde el Instituto de Salud Carlos III (ISCIII) ha analizado el impacto de la <strong><a href=\"https:\/\/medicinaysaludpublica.com\/tags\/densidad\/57528\" style=\"text-decoration: underline;\" title=\"densidad\" rel=\"nofollow noopener\" target=\"_blank\">densidad<\/a><\/strong> <strong><a href=\"https:\/\/medicinaysaludpublica.com\/tags\/mamografica\/57527\" style=\"text-decoration: underline;\" title=\"mamogr\u00e1fica\" rel=\"nofollow noopener\" target=\"_blank\">mamogr\u00e1fica<\/a><\/strong> en el desarrollo de los distintos subtipos de c\u00e1ncer de mama.<\/p>\n<p>\u00a0Los resultados indican que las <strong><a href=\"https:\/\/medicinaysaludpublica.com\/tags\/mujeres\/12172\" style=\"text-decoration: underline;\" title=\"mujeres\" rel=\"nofollow noopener\" target=\"_blank\">mujeres<\/a><\/strong> con mayor proporci\u00f3n de tejido fibroglandular \u2014lo que se conoce como alta <strong>densidad<\/strong> mamaria\u2014 podr\u00edan tener m\u00e1s probabilidades de presentar tumores con peor pron\u00f3stico.<\/p>\n<p>El trabajo fue liderado por el Centro Nacional de Epidemiolog\u00eda (CNE) y cont\u00f3 con la participaci\u00f3n del Centro de Investigaci\u00f3n Biom\u00e9dica en Red (CIBER-ISCIII), adem\u00e1s de ocho centros hospitalarios ubicados en distintas regiones de Espa\u00f1a. Los hallazgos fueron publicados en la revista cient\u00edfica Breast Cancer Research.<\/p>\n<p><strong>714 pacientes analizadas en cinco a\u00f1os<\/strong><\/p>\n<p>Para la investigaci\u00f3n se evaluaron 714 <strong>mujeres<\/strong> diagnosticadas entre 2014 y 2019 en ocho hospitales de cuatro comunidades aut\u00f3nomas. La informaci\u00f3n cl\u00ednica, epidemiol\u00f3gica y patol\u00f3gica se recopil\u00f3 mediante cuestionarios y revisi\u00f3n de historias m\u00e9dicas.<\/p>\n<p>Del total de pacientes:<\/p>\n<ul>\n<li dir=\"ltr\" aria-level=\"1\">\n<p>69 % presentaron tumores HR+, asociados en general con un mejor pron\u00f3stico.<\/p>\n<\/li>\n<li dir=\"ltr\" aria-level=\"1\">\n<p>19 % pertenec\u00edan al subtipo <strong><a href=\"https:\/\/medicinaysaludpublica.com\/tags\/her2\/57526\" style=\"text-decoration: underline;\" title=\"HER2\" rel=\"nofollow noopener\" target=\"_blank\">HER2<\/a><\/strong>+, caracterizado por mayor agresividad.<\/p>\n<\/li>\n<li dir=\"ltr\" aria-level=\"1\">\n<p>12 % fueron tumores triple negativos, que suelen tener peor evoluci\u00f3n y un tratamiento m\u00e1s complejo.<\/p>\n<\/li>\n<\/ul>\n<p>La <strong>densidad<\/strong> <strong>mamogr\u00e1fica<\/strong> media fue del 26 %, pero las <strong>mujeres<\/strong> con niveles superiores al 50 % mostraron una distribuci\u00f3n m\u00e1s desfavorable: menos tumores HR+ y un aumento del 36 % en tumores <strong>HER2<\/strong>+ y del 23 % en triple negativo, respecto a las <strong>mujeres<\/strong> con menor <strong>densidad<\/strong> mamaria.<\/p>\n<p><strong>Un posible marcador cl\u00ednico para identificar pacientes de alto riesgo<\/strong><\/p>\n<p>La <strong>densidad<\/strong> <strong>mamogr\u00e1fica<\/strong> es un factor de riesgo reconocido para el c\u00e1ncer de mama, y podr\u00eda influir en el desarrollo de subtipos tumorales de manera diferenciada.\u00a0<\/p>\n<p>Seg\u00fan explic\u00f3 Virginia Lope, investigadora del CNE y autora principal del <strong>estudio<\/strong>, las asociaciones observadas fueron m\u00e1s evidentes en <strong>mujeres<\/strong> pre o perimenop\u00e1usicas y en aquellas con sobrepeso u obesidad.<\/p>\n<p>Si bien los resultados son preliminares y requieren m\u00e1s investigaci\u00f3n, Lope destaca que una <strong>densidad<\/strong> mamaria elevada podr\u00eda convertirse en un indicador \u00fatil para identificar a <strong>mujeres<\/strong> con mayor riesgo de desarrollar tumores m\u00e1s agresivos, permitiendo reforzar estrategias de vigilancia cl\u00ednica y detecci\u00f3n temprana.<\/p>\n<p><strong>Una <strong><a href=\"https:\/\/medicinaysaludpublica.com\/tags\/enfermedad\/12236\" style=\"text-decoration: underline;\" title=\"enfermedad\" rel=\"nofollow noopener\" target=\"_blank\">enfermedad<\/a><\/strong> heterog\u00e9nea que requiere abordajes personalizados<\/strong><\/p>\n<p>El c\u00e1ncer de mama es el tumor m\u00e1s frecuente en <strong>mujeres<\/strong> en Espa\u00f1a, representando cerca del 30 % de los diagn\u00f3sticos oncol\u00f3gicos femeninos. Se trata de una <strong>enfermedad<\/strong> heterog\u00e9nea, con m\u00faltiples subtipos moleculares que determinan el comportamiento cl\u00ednico, la respuesta al tratamiento y el pron\u00f3stico.<\/p>\n<ul>\n<li dir=\"ltr\" aria-level=\"1\">\n<p><strong>HR+:<\/strong> responde mejor a terapias hormonales y presenta mayor supervivencia.<\/p>\n<\/li>\n<li dir=\"ltr\" aria-level=\"1\">\n<p><strong>HER2+: <\/strong>tiende a ser m\u00e1s agresivo, aunque ha mejorado su tratamiento gracias a terapias dirigidas.<\/p>\n<\/li>\n<li dir=\"ltr\" aria-level=\"1\">\n<p><strong>Triple negativo:<\/strong> suele tener peor evoluci\u00f3n y mayores tasas de reca\u00edda.<\/p>\n<\/li>\n<\/ul>\n<p>Este <strong>estudio<\/strong> contribuye a entender mejor c\u00f3mo caracter\u00edsticas individuales \u2014como la <strong>densidad<\/strong> <strong>mamogr\u00e1fica<\/strong>, el peso corporal o el estado hormonal\u2014 podr\u00edan ayudar a personalizar el seguimiento y la prevenci\u00f3n en <strong>mujeres<\/strong> con mayor riesgo.<\/p>\n","protected":false},"excerpt":{"rendered":"&#13; Investigaci\u00f3n sugiere que las mujeres con alta densidad mamogr\u00e1fica tienen mayor probabilidad de desarrollar subtipos tumorales agresivos&hellip;\n","protected":false},"author":2,"featured_media":254366,"comment_status":"","ping_status":"","sticky":false,"template":"","format":"standard","meta":{"footnotes":""},"categories":[92],"tags":[25,24,165,166,23],"class_list":{"0":"post-254365","1":"post","2":"type-post","3":"status-publish","4":"format-standard","5":"has-post-thumbnail","7":"category-salud","8":"tag-es","9":"tag-espana","10":"tag-health","11":"tag-salud","12":"tag-spain"},"share_on_mastodon":{"url":"https:\/\/pubeurope.com\/@es\/115608217512671760","error":""},"_links":{"self":[{"href":"https:\/\/www.europesays.com\/es\/wp-json\/wp\/v2\/posts\/254365","targetHints":{"allow":["GET"]}}],"collection":[{"href":"https:\/\/www.europesays.com\/es\/wp-json\/wp\/v2\/posts"}],"about":[{"href":"https:\/\/www.europesays.com\/es\/wp-json\/wp\/v2\/types\/post"}],"author":[{"embeddable":true,"href":"https:\/\/www.europesays.com\/es\/wp-json\/wp\/v2\/users\/2"}],"replies":[{"embeddable":true,"href":"https:\/\/www.europesays.com\/es\/wp-json\/wp\/v2\/comments?post=254365"}],"version-history":[{"count":0,"href":"https:\/\/www.europesays.com\/es\/wp-json\/wp\/v2\/posts\/254365\/revisions"}],"wp:featuredmedia":[{"embeddable":true,"href":"https:\/\/www.europesays.com\/es\/wp-json\/wp\/v2\/media\/254366"}],"wp:attachment":[{"href":"https:\/\/www.europesays.com\/es\/wp-json\/wp\/v2\/media?parent=254365"}],"wp:term":[{"taxonomy":"category","embeddable":true,"href":"https:\/\/www.europesays.com\/es\/wp-json\/wp\/v2\/categories?post=254365"},{"taxonomy":"post_tag","embeddable":true,"href":"https:\/\/www.europesays.com\/es\/wp-json\/wp\/v2\/tags?post=254365"}],"curies":[{"name":"wp","href":"https:\/\/api.w.org\/{rel}","templated":true}]}}