{"id":254379,"date":"2025-11-25T03:39:12","date_gmt":"2025-11-25T03:39:12","guid":{"rendered":"https:\/\/www.europesays.com\/es\/254379\/"},"modified":"2025-11-25T03:39:12","modified_gmt":"2025-11-25T03:39:12","slug":"joao-fonseca-del-duelo-con-carlos-alcaraz-a-un-muy-cargado-inicio-de-2026","status":"publish","type":"post","link":"https:\/\/www.europesays.com\/es\/254379\/","title":{"rendered":"Joao Fonseca, del duelo con Carlos Alcaraz a un muy cargado inicio de 2026"},"content":{"rendered":"<p data-gtm-element-container=\"modulo-texto-link\" class=\"paragraph\"><strong>Joao Fonseca<\/strong> ha sido una de las grandes revelaciones de la temporada 2025. A sus diecinueve a\u00f1os, ha conquistado dos torneos en la campa\u00f1a (el ATP 250 de Buenos Aires y el ATP 500 de Basilea) que le han confirmado como una de las grandes estrellas emergentes del circuito.<\/p>\n<p>        Lee tambi\u00e9n<\/p>\n<p>    Iv\u00e1n Ronda<\/p>\n<p>             <img loading=\"lazy\" decoding=\"async\" data-full-src=\"https:\/\/www.mundodeportivo.com\/uploads\/2025\/07\/13\/6873d42149ad6.jpeg\" alt=\"Horizontal\" src=\"https:\/\/www.europesays.com\/es\/wp-content\/uploads\/2025\/11\/6873d42149ad6.r_d.2484-1508.jpeg\" class=\"lazy\" width=\"104\" height=\"108\"\/><\/p>\n<p>        Lee tambi\u00e9n<\/p>\n<p>    Redacci\u00f3n<\/p>\n<p>             <img loading=\"lazy\" decoding=\"async\" data-full-src=\"https:\/\/www.mundodeportivo.com\/uploads\/2025\/11\/24\/6923fb2738a61.jpeg\" alt=\"Horizontal\" src=\"https:\/\/www.europesays.com\/es\/wp-content\/uploads\/2025\/11\/6923fb2738a61.r_d.2805-1870.jpeg\" class=\"lazy\" width=\"104\" height=\"108\"\/><\/p>\n<p>        Lee tambi\u00e9n<\/p>\n<p>    Llu\u00eds Carles P\u00e9rez<\/p>\n<p>             <img loading=\"lazy\" decoding=\"async\" data-full-src=\"https:\/\/www.mundodeportivo.com\/uploads\/2025\/11\/23\/692365f54eaf9.jpeg\" alt=\"Horizontal\" src=\"https:\/\/www.europesays.com\/es\/wp-content\/uploads\/2025\/11\/692365f54eaf9.r_d.1589-844.jpeg\" class=\"lazy\" width=\"104\" height=\"108\"\/><\/p>\n<p data-gtm-element-container=\"modulo-texto-link\" class=\"paragraph\">El brasile\u00f1o est\u00e1 llamado a consolidarse en<strong> un 2026 en el que quiere dar un paso m\u00e1s<\/strong>. Tras instaurarse en el vigesimocuarto puesto del ranking mundial en el cierre de la temporada, <strong>Fonseca, vigente campe\u00f3n de las NextGen ATP Finals, <\/strong>renunci\u00f3 hace unas semanas al Masters de los j\u00f3venes para afrontar con plena ambici\u00f3n la pretemporada de cara a un a\u00f1o importante para \u00e9l.<\/p>\n<p data-gtm-element-container=\"modulo-texto-link\" class=\"paragraph\">Por ello, va a tener un gran test de nivel en su pretemporada.<strong> El 8 de diciembre se desplazar\u00e1 a Miami para jugar un partido de exhibici\u00f3n ante Carlos Alcaraz<\/strong>, n\u00famero 1 del mundo y gran referente del circuito. Ser\u00e1 el primer choque, aunque no compute de forma oficial, entre dos de los jugadores m\u00e1s explosivos del circuito y les servir\u00e1 a ambos como test de cara a un 2026 que, a pesar de que han pasado horas desde la finalizaci\u00f3n oficial de la temporada 2025, ya est\u00e1 a la vuelta de la esquina.<\/p>\n<p data-gtm-element-container=\"modulo-texto-link\" class=\"paragraph\">Por ello, el diario brasile\u00f1o <strong>&#8216;Globo Esporte&#8217; <\/strong>recoge que Fonseca ya tiene planificado el inicio de la pr\u00f3xima campa\u00f1a. En ella, su objetivo ser\u00e1 consolidarse como cabeza de serie de cara a los primeros Grand Slam de la temporada, un Open de Australia para el que conservar\u00e1 esa posici\u00f3n tras terminar vigesimocuarto del ranking mundial este a\u00f1o. Pero deber\u00e1 luchar para tratar de seguir escalando puestos de cara al segundo &#8216;grande&#8217; de la temporada, Roland Garros.<\/p>\n<p data-gtm-element-container=\"modulo-texto-link\" class=\"paragraph\">Quiz\u00e1 por ello Fonseca ha dise\u00f1ado<strong> un muy cargado calendario en la primera parte de la temporada<\/strong>. Seg\u00fan recoge el citado diario brasile\u00f1o, Fonseca iniciar\u00e1 su hoja de ruta de forma oficial en el <strong>ATP 250 de Brisbane<\/strong>, del 29 de diciembre al 4 de enero. En la siguiente semana tambi\u00e9n tiene previsto jugar el <strong>ATP 250 de Adelaida<\/strong> para llegar con carga de partidos al <strong>Open de Australia.<\/strong><\/p>\n<p data-gtm-element-container=\"modulo-texto-link\" class=\"paragraph\">El calendario inicial de Fonseca no disminuir\u00e1 tras el primer &#8216;major&#8217; de la temporada. De el viajar\u00e1 a la eliminatoria inicial de la <strong>Copa Davis <\/strong>que Brasil disputar\u00e1 en Canad\u00e1 en el fin de semana del 6 al 8 de febrero. Desde ah\u00ed, sin descanso al <strong>ATP 250 de Buenos Aires<\/strong> (defiende t\u00edtulo, ya en tierra batida) y al <strong>ATP 500 de R\u00edo<\/strong> en semanas consecutivas. Ser\u00e1 entonces cuando pare unos d\u00edas antes de afrontar la gira americana de marzo en <strong>Indian Wells y Miami.<\/strong> Faltar\u00e1 ver si el brasile\u00f1o mantiene esta hoja de ruta o la va variando a medida que pasen los partidos.<\/p>\n","protected":false},"excerpt":{"rendered":"Joao Fonseca ha sido una de las grandes revelaciones de la temporada 2025. A sus diecinueve a\u00f1os, ha&hellip;\n","protected":false},"author":2,"featured_media":254380,"comment_status":"","ping_status":"","sticky":false,"template":"","format":"standard","meta":{"footnotes":""},"categories":[274],"tags":[168,25,24,23,167,327,326],"class_list":{"0":"post-254379","1":"post","2":"type-post","3":"status-publish","4":"format-standard","5":"has-post-thumbnail","7":"category-tenis","8":"tag-deportes","9":"tag-es","10":"tag-espana","11":"tag-spain","12":"tag-sports","13":"tag-tenis","14":"tag-tennis"},"share_on_mastodon":{"url":"https:\/\/pubeurope.com\/@es\/115608260939114708","error":""},"_links":{"self":[{"href":"https:\/\/www.europesays.com\/es\/wp-json\/wp\/v2\/posts\/254379","targetHints":{"allow":["GET"]}}],"collection":[{"href":"https:\/\/www.europesays.com\/es\/wp-json\/wp\/v2\/posts"}],"about":[{"href":"https:\/\/www.europesays.com\/es\/wp-json\/wp\/v2\/types\/post"}],"author":[{"embeddable":true,"href":"https:\/\/www.europesays.com\/es\/wp-json\/wp\/v2\/users\/2"}],"replies":[{"embeddable":true,"href":"https:\/\/www.europesays.com\/es\/wp-json\/wp\/v2\/comments?post=254379"}],"version-history":[{"count":0,"href":"https:\/\/www.europesays.com\/es\/wp-json\/wp\/v2\/posts\/254379\/revisions"}],"wp:featuredmedia":[{"embeddable":true,"href":"https:\/\/www.europesays.com\/es\/wp-json\/wp\/v2\/media\/254380"}],"wp:attachment":[{"href":"https:\/\/www.europesays.com\/es\/wp-json\/wp\/v2\/media?parent=254379"}],"wp:term":[{"taxonomy":"category","embeddable":true,"href":"https:\/\/www.europesays.com\/es\/wp-json\/wp\/v2\/categories?post=254379"},{"taxonomy":"post_tag","embeddable":true,"href":"https:\/\/www.europesays.com\/es\/wp-json\/wp\/v2\/tags?post=254379"}],"curies":[{"name":"wp","href":"https:\/\/api.w.org\/{rel}","templated":true}]}}