{"id":254383,"date":"2025-11-25T03:43:10","date_gmt":"2025-11-25T03:43:10","guid":{"rendered":"https:\/\/www.europesays.com\/es\/254383\/"},"modified":"2025-11-25T03:43:10","modified_gmt":"2025-11-25T03:43:10","slug":"sevilla-2-1-resumen-goles-resultado-y-reacciones","status":"publish","type":"post","link":"https:\/\/www.europesays.com\/es\/254383\/","title":{"rendered":"Sevilla (2-1): resumen, goles, resultado y reacciones"},"content":{"rendered":"<p>23:55<\/p>\n<p>Mat\u00edas Almeyda, desde la zona mixta del RCDE Stadium, ante los medios oficiales del club<\/p>\n<p class=\"voc-p\"><strong>Muchas ocasiones y poca efectividad<\/strong>: \u00abEl an\u00e1lisis que hago as\u00ed, r\u00e1pido, es el de que hubo un buen funcionamiento con algunos errores, sobre todo en los goles de ellos. Despu\u00e9s, nos falt\u00f3 un poquito, en algunas ocasiones, m\u00e1s claridad para la definici\u00f3n. Tambi\u00e9n, tener en cuenta que el portero de ellos sac\u00f3 os balones incre\u00edbles. El f\u00fatbol se define por peque\u00f1os detalles, como hemos visto, pero saco muchas cosas positivas. De los partidos que hemos jugado, este ha sido uno de los mejores, descontando el resultado, que a nadie le agrada\u00bb.<\/p>\n<p class=\"voc-p\"><strong>Lo especial de un derbi<\/strong>: \u00abSon partidos \u00fanicos, diferentes. Es la fiesta del f\u00fatbol para cualquier club, jugar un derbi. Esperamos estar a esa altura y poder regalar a la afici\u00f3n y a nosotros una alegr\u00eda\u00bb.<\/p>\n<p>23:50<\/p>\n<p>Nemanja Gudelj, desde la zona mixta del RCDE Stadium, ante los medios oficiales del club<\/p>\n<p class=\"voc-p\"><strong>Valoraci\u00f3n del partido<\/strong>: \u00abEn los primeros 10 se ve\u00eda que no entramos bien en el partido, pero despu\u00e9s dominamos, en el resto de la primera parte y en la mayor\u00eda de la segunda. Falt\u00f3 marcar el gol. No pudo ser. En muy poco nos espera el siguiente partido. Hay que analizarlo bien, dar un paso adelante y ganarlo\u00bb.<\/p>\n<p class=\"voc-p\"><strong>La jugada final y un posible penalti<\/strong>: \u00abEra un tiro libre, que le pegu\u00e9 bien, as\u00ed lo sent\u00eda. Una pena que lo bloque\u00f3 el defensor de ellos. Claro, como el bal\u00f3n iba tan r\u00e1pido no se ve\u00eda muy bien si era mano o no. Aun no lo he visto, pero fuimos a reclamar al \u00e1rbitro. Estaba esperando al VAR, a ver si hab\u00eda mano o cualquier otra cosa, y al final no ha habido nada\u00bb.<\/p>\n<p class=\"voc-p\"><strong>A corregir errores y a pensar en el derbi<\/strong>: \u00abEs muy importante analizar el partido y poner el foco en el Gran Derbi, que para nosotros es muy importante. Y, sobre todo, saber que el equipo va creciendo. Lo est\u00e1 haciendo bien, lo puede hacer mejor, pero vamos creciendo y es lo m\u00e1s importante\u00bb.<\/p>\n<p>23:46<\/p>\n<p>Chidera Ejuke, desde la zona mixta del RCDE Stadium, ante los medios oficiales del club<\/p>\n<p class=\"voc-p\"><strong>La falta de eficacia en el \u00e1rea rival<\/strong>: \u00abCreamos muchas ocasiones. Tuvimos unas 22 y solo metimos una, es incre\u00edble. Aun as\u00ed, el equipo ha jugado bien, ha tenido muchas ocasiones y ha podido marcar. Hay que construir como hemos hecho\u00bb.<\/p>\n<p>23:42<\/p>\n<p>Gabriel Suazo, desde la zona mixta del RCDE Stadium, ante los medios oficiales del club<\/p>\n<p class=\"voc-p\"><strong>Sensaciones tras la derrota<\/strong>: \u00abMe voy con mucha bronca, como estamos todos. Hicimos un gran partido, pero esto se gana con goles. No pudimos concretar las ocasiones. Tambi\u00e9n, el portero de ellos tuvo un gran partido. Se define por detalles. En el segundo tiempo tuvieron dos ocasiones y las dos las convirtieron. Nosotros tuvimos un mont\u00f3n y no pudimos convertir. Tenemos que seguir creciendo, mejorando esos detalles para que no vuelvan a ocurrir. Ya hemos perdido algunos puntos por eso. Es ah\u00ed donde tenemos que dar ese paso para ponernos en una posici\u00f3n m\u00e1s alta, que es lo que queremos\u00bb.<\/p>\n<p class=\"voc-p\"><strong>\u00bfQu\u00e9 le ha faltado al equipo?<\/strong>: \u00abHay partido que son as\u00ed, en los que por m\u00e1s que est\u00e9s jugando cinco horas es muy dif\u00edcil marcar. Me ha pasado en un mont\u00f3n de ocasiones. Hoy, sinceramente, creo que el equipo estuvo a un gran nivel, pero esos detalles al comienzo del segundo tiempo&#8230; En una jugada individual con un centro nos terminan haciendo un gol muy f\u00e1cil. Luego, el segundo, es por las ganas y el \u00edmpetu de ir a hacer el gol r\u00e1pido. Ah\u00ed creo que nos apresuramos un poco. El f\u00fatbol es as\u00ed, tiene estas cosas. Tenemos que crecer y mejorar. Creo que hicimos un gran partido y que tenemos un gran equipo para ir a por el siguiente partido, el derbi en casa, y ganarlo\u00bb.<\/p>\n<p>23:36<\/p>\n<p>Mat\u00edas Almeyda, desde la sala de prensa del RCDE Stadium<\/p>\n<p class=\"voc-p\"><strong>Balance del partido<\/strong>: \u00abEl primer tiempo fue bueno, con acciones claras y buen dominio. No pudimos abrir el marcador. El f\u00fatbol se trata de hacer goles. Y en el segundo tiempo, apenas inici\u00f3, en una acci\u00f3n que se podr\u00eda haber evitado, nos convierten el primer gol y empieza otro partido. Igualmente, el equipo respond\u00eda. Volvimos a equivocarnos y viene el segundo gol. Despu\u00e9s pudimos hacer uno, pero ya era demasiado tarde. Hoy vi al equipo jugar uno de los mejores partidos, descontando el resultado, obviamente. La realidad es que tantas acciones de gol tienen que definirse. Nos falt\u00f3 claridad en muchas de ellas y, en otras, nos encontramos con un gran portero\u00bb. <\/p>\n<p class=\"voc-p\"><strong>Las lesiones de Januzaj y Vargas<\/strong>: \u00abLos dos tuvieron molestias musculares. Seguramente, a partir de ma\u00f1ana que le hagan los estudios, sabremos el grado que gravedad que tienen\u00bb.<\/p>\n<p>23:07<\/p>\n<p>La CR\u00d3NICA del Espanyol &#8211; Sevilla<\/p>\n<p class=\"voc-p\"><a href=\"https:\/\/www.abc.es\/deportes\/orgullodenervion\/noticias-sevilla-fc\/espanyol-sevilla-cronica-20251124173742-nts.html\" data-voc-vtm-id=\"in-text-traffic\" target=\"_blank\" rel=\"nofollow noopener\"><br \/>\nEl Sevilla vuelve a tropezar contra s\u00ed mismo (2-1)<\/a><\/p>\n<p class=\"voc-p\">El Sevilla debi\u00f3 marcharse al descanso por delante en el marcador y dos errores cerca de su porter\u00eda le condenaron en la antesala del derbi, al que llega dolido en lo emocional y sin Vargas ni Januzaj por lesi\u00f3n<\/p>\n<p>23:05<\/p>\n<p>Gabriel Suazo, a pie de campo, para Movistar +<\/p>\n<p class=\"voc-p\"><strong>Sensaciones tras la derrota<\/strong>: \u00abM\u00e1s all\u00e1 de la \u00faltima jugada, sinceramente, creo que fuimos superiores, pero esto se demuestra con goles y no pudimos concretar la gran cantidad de ocasiones que creamos hoy. Ellos tuvieron creo que dos en la primera parte. Eso nos falt\u00f3. A seguir creciendo y a seguir mejorando\u00bb.<\/p>\n<p>23:00<\/p>\n<p>FINAL<\/p>\n<p class=\"voc-p\">Cay\u00f3 el Sevilla ante el Espanyol por 2-1, pese a disponer de ocasiones para haberse llevado los tres puntos. Pere Milla y Roberto anotaron para los locales, mientras que un gol en propia de Cabrera recort\u00f3 distancias<\/p>\n<p>22:59<\/p>\n<p>Min. 90+7 (2-1)<\/p>\n<p class=\"voc-p\">Disparo de Gudelj que bloquea la barrera; el serbio reclama mano de Calero<\/p>\n<p>22:58<\/p>\n<p>Min. 90+6 (2-1)<\/p>\n<p class=\"voc-p\">Pol Lozano ve la amarilla por una falta sobre Alfon cerca de la frontal del \u00e1rea del Espanyol; ocasi\u00f3n de peligro a favor del Sevilla<\/p>\n<p>22:58<\/p>\n<p>Min. 90+5 (2-1)<\/p>\n<p class=\"voc-p\">Disparo cruzado de Akor Adams que repele la zaga del Espanyol<\/p>\n<p>22:56<\/p>\n<p>Min. 90+3 (2-1)<\/p>\n<p class=\"voc-p\">Amarilla para Castr\u00edn por una falta sobre Roberto cerca del \u00e1rea sevillista; ocasi\u00f3n de peligro a favor del Espanyol<\/p>\n<p>22:55<\/p>\n<p>Min. 90+2 (2-1)<\/p>\n<p class=\"voc-p\">\u00a1\u00a1\u00a1Otra del Sevilla!!! Centro de Alfon desde la izquierda y remate de primeras de Akor Adams que se marcha desviado<\/p>\n<p>22:52<\/p>\n<p>Min. 90 (2-1)<\/p>\n<p class=\"voc-p\">Se a\u00f1aden seis minutos de tiempo extra<\/p>\n<p>22:52<\/p>\n<p>Min. 90 (2-1)<\/p>\n<p class=\"voc-p\">\u00a1\u00a1\u00a1Uyyyyyyyyyyyy!!! Cabezazo de Marcao justo delante de Dmitrovic que se marcha por encima de la porter\u00eda<\/p>\n<p>22:51<\/p>\n<p>Min. 89 (2-1)<\/p>\n<p class=\"voc-p\">Despeje a c\u00f3rner por parte de Calero<\/p>\n<p>22:49<\/p>\n<p>Min. 87 (2-1)<\/p>\n<p class=\"voc-p\">\u00daltimo cambio en el Espanyol; entra Antoniu Roca y se marcha Dolan<\/p>\n<p>22:48<\/p>\n<p>Min. 86 (2-1)<\/p>\n<p class=\"voc-p\">\u00a1\u00a1\u00a1GOOOOOOOOOOOOOL del Sevilla!!! \u00a1Gol en propia puerta de Cabrera! El uruguayo meti\u00f3 el bal\u00f3n de rebote en su porter\u00eda tras un cabezazo al primer palo de Marcao<\/p>\n<p>22:48<\/p>\n<p>Min. 85 (2-0)<\/p>\n<p class=\"voc-p\">C\u00f3rner a favor del Sevilla<\/p>\n<p>22:47<\/p>\n<p>Min. 84 (2-0)<\/p>\n<p class=\"voc-p\">\u00a1GOL del Espanyol! Roberto Fern\u00e1ndez ampl\u00eda la ventaja de su equipo con un golazo desde fuera del \u00e1rea, tras recuperar el conjunto local un bal\u00f3n en campo rival por un fallo de Akor Adams<\/p>\n<p>22:45<\/p>\n<p>Min. 83 (1-0)<\/p>\n<p class=\"voc-p\">Remate al primer palo de Pickel que despeja la zaga sevillista; nuevo c\u00f3rner para el Espanyol<\/p>\n<p>22:44<\/p>\n<p>Min. 82 (1-0)<\/p>\n<p class=\"voc-p\">C\u00f3rner para el Espanyol tras un lance entre Suazo y Carreras; se equivoc\u00f3 el colegiado al se\u00f1alar saque de esquina al haber sido el jugador del Espanyol el \u00faltimo en quien rebot\u00f3 el bal\u00f3n<\/p>\n<p>22:43<\/p>\n<p>Min. 81 (1-0)<\/p>\n<p class=\"voc-p\">Controla el bal\u00f3n el Sevilla, en busca del hueco en campo rival para crear peligro al Espanyol<\/p>\n<p>22:40<\/p>\n<p>Min. 78 (1-0)<\/p>\n<p class=\"voc-p\">Centro forzado de Alexis al segundo palo que despeja El Hilali<\/p>\n<p>22:39<\/p>\n<p>Min. 77 (1-0)<\/p>\n<p class=\"voc-p\">Centro de Juanlu demasiado fuerte que no llega a controlar bien Alexis<\/p>\n<p>22:37<\/p>\n<p>Min. 75 (1-0)<\/p>\n<p class=\"voc-p\">\u00a1\u00a1\u00a1Uyyyyyyyyyyyyyy!!! Disparo de Alfon desde fuera del \u00e1rea que desv\u00eda Dmitrovic<\/p>\n<p>22:36<\/p>\n<p>Min. 74 (1-0)<\/p>\n<p class=\"voc-p\">Mueve el banquillo Manolo Gonz\u00e1lez; Pere Milla y Kike Garc\u00eda son sustituidos por Pickel y Jofre<\/p>\n<p>22:34<\/p>\n<p>Vlachodimos, durante este Espanyol &#8211; Sevilla<\/p>\n<p class=\"voc-p\">(FOTO: Sevilla FC)<\/p>\n<p>22:34<\/p>\n<p>Min. 71 (1-0)<\/p>\n<p class=\"voc-p\">Centro de Alexis al \u00e1rea espanyolista que despeja Cabrera<\/p>\n<p>22:33<\/p>\n<p>Min. 71 (1-0)<\/p>\n<p class=\"voc-p\">Almeyda agota los cambios; Agoum\u00e9, Gudelj y Alexis sustituyen a Sow, Mendy y Peque<\/p>\n<p>22:32<\/p>\n<p>Min. 70 (1-0)<\/p>\n<p class=\"voc-p\">Amarilla para Pere Milla<\/p>\n<p>22:30<\/p>\n<p>Min. 68 (1-0)<\/p>\n<p class=\"voc-p\">\u00a1\u00a1\u00a1Uyyyyyyyyyyyyy!!! \u00a1Doble ocasi\u00f3n para el Sevilla! Fue Alfon quien recibi\u00f3 el bal\u00f3n en el punto de penalti y sus dos intentos fueron repelidos<\/p>\n<p>22:29<\/p>\n<p>Min. 67 (1-0)<\/p>\n<p class=\"voc-p\">Falta de Cabrera sobe Ejuke cuando el nigeriano avanzaba en campo contrario hacia la porter\u00eda<\/p>\n<p>22:28<\/p>\n<p>Min. 66 (1-0)<\/p>\n<p class=\"voc-p\">Rechace de Juanlu en un lance ante Romero, cuando intentaba acercarse a la porter\u00eda del Sevilla; c\u00f3rner para el Espanyol<\/p>\n<p>22:25<\/p>\n<p>Min. 63 (1-0)<\/p>\n<p class=\"voc-p\">\u00a1Gran jugada individual de Ejuke! Tras marcharse de dos rivales en el \u00e1rea rival, el disparo fue repelido por un jugador del Espanyol<\/p>\n<p>22:24<\/p>\n<p>Min. 62 (1-0)<\/p>\n<p class=\"voc-p\">Centro raso de Kike Garc\u00eda en el \u00e1rea sevillista, buscando a Urko, que despeja la zaga sevilista<\/p>\n<p>22:23<\/p>\n<p>Min. 61 (1-0)<\/p>\n<p class=\"voc-p\">Doble cambio en el Espanyol; Exp\u00f3sito y Terrats son sustituidos por Pol Lozano y Roberto Fern\u00e1ndez<\/p>\n<p>22:21<\/p>\n<p>Min. 58 (1-0)<\/p>\n<p class=\"voc-p\">Se duele del rostro Pere Milla tras un lance con Marcao, en el que el brasile\u00f1o le dio con la bota en la cara tras saltar ambos a por un bal\u00f3n<\/p>\n<p>22:19<\/p>\n<p>Min. 57 (1-0)<\/p>\n<p class=\"voc-p\">\u00a1\u00a1\u00a1Uyyyyyyyyyyyy!!! Disparo potent\u00edsimo de Ejuke desde fuera de \u00e1rea que se marcha fuera por poco<\/p>\n<p>22:18<\/p>\n<p>Min. 56 (1-0)<\/p>\n<p class=\"voc-p\">Falta de Dolan sobre Peque<\/p>\n<p>22:17<\/p>\n<p>Min. 55 (1-0)<\/p>\n<p class=\"voc-p\">Centro de Ejuke desde la derecha al que se anticipa Dmitrovic por arriba<\/p>\n<p>22:15<\/p>\n<p>Min. 53 (1-0)<\/p>\n<p class=\"voc-p\">Nuevo cambio en el Sevilla; se marcha lesionado Vargas y entra Alfon<\/p>\n<p>22:14<\/p>\n<p>Min. 52 (1-0)<\/p>\n<p class=\"voc-p\">Se echa al suelo Vargas; entran las asistencias m\u00e9dicas del Sevilla para atender al jugador<\/p>\n<p>22:13<\/p>\n<p>Min. 51 (1-0)<\/p>\n<p class=\"voc-p\">Recorte y disparo de Juanlu que se marcha muy desviado<\/p>\n<p>22:11<\/p>\n<p>Min. 49 (1-0)<\/p>\n<p class=\"voc-p\">Exp\u00f3sito ve la primera amarilla del partido por una falta a destiempo sobre Sow<\/p>\n<p>22:09<\/p>\n<p>Min. 47 (1-0)<\/p>\n<p class=\"voc-p\">\u00a1GOL del Espanyol! Centro de Dolan desde la derecha que Pere Milla cabecea solo en el segundo palo. Se adelanta en el marcador el conjunto local<\/p>\n<p>22:07<\/p>\n<p>\u00a1\u00a1\u00a1Comienza la segunda parte entre el Espanyol y el Sevilla!!!<\/p>\n<p>21:50<\/p>\n<p>Descanso<\/p>\n<p class=\"voc-p\">Se mantiene el 0-0. Comenz\u00f3 muy intenso el Espanyol, aunque quien m\u00e1s cerca ha estado de marcar ha sido el Sevilla. Dmitrovic priv\u00f3 a su ex equipo del gol en varias ocasiones <\/p>\n<p>21:49<\/p>\n<p>Min. 45+1 (0-0)<\/p>\n<p class=\"voc-p\">Despeje de Romero a c\u00f3rner para impedir que Juanlu alcance un bal\u00f3n en largo<\/p>\n<p>21:48<\/p>\n<p>Min. 45+1 (0-0)<\/p>\n<p class=\"voc-p\">Falta de Urko Gonz\u00e1lez sobre Peque<\/p>\n<p>21:47<\/p>\n<p>Min. 45 (0-0)<\/p>\n<p class=\"voc-p\">Se a\u00f1aden tres minutos de tiempo extra<\/p>\n<p>21:47<\/p>\n<p>Min. 44 (0-0)<\/p>\n<p class=\"voc-p\">Falta de Mendy sobre Exp\u00f3sito; ocasi\u00f3n de peligro a favor del Espanyol<\/p>\n<p>21:45<\/p>\n<p>Min. 42 (0-0)<\/p>\n<p class=\"voc-p\">\u00a1Uy! Jugada individual de Dolan, que se march\u00f3 de Suazo cerca de la frontal, pero tras plantarse en el \u00e1rea ante Vlachodimos el disparo se le fue demasiado cruzado<\/p>\n<p>21:43<\/p>\n<p>Min. 40 (0-0)<\/p>\n<p class=\"voc-p\">Remate de cabeza de Kike Garc\u00eda en el \u00e1rea muy f\u00e1cil para Vlachodimos<\/p>\n<p>21:40<\/p>\n<p>Min. 38 (0-0)<\/p>\n<p class=\"voc-p\">\u00a1\u00a1\u00a1Otra del Sevilla!!! Esper\u00f3 el bote Akor Adams para marcharse de Calero en el \u00e1rea, pero el remate de primeras, casi sin \u00e1ngulo, lo sac\u00f3 Dmitrovic<\/p>\n<p>21:38<\/p>\n<p>Min. 36 (0-0)<\/p>\n<p class=\"voc-p\">\u00a1\u00a1\u00a1Suazoooooooo!!! \u00a1La que ha tenido el Sevilla! Caz\u00f3 el chileno un bal\u00f3n en el \u00e1rea por alto, que remat\u00f3 de primeras con un zurdazo, pero Dmitrovic evita el gol <\/p>\n<p>21:35<\/p>\n<p>Min. 33 (0-0)<\/p>\n<p class=\"voc-p\">Primer cambio en el Sevilla; se marcha Januzaj, lesionado y entre l\u00e1grimas, y entra Ejuke<\/p>\n<p>21:34<\/p>\n<p>Min. 31 (0-0)<\/p>\n<p class=\"voc-p\">Se echa al suelo Januzaj y vuelven a entrar las asistencias m\u00e9dicas del Sevilla; no puede continuar el belga<\/p>\n<p>21:33<\/p>\n<p>Min. 31 (0-0)<\/p>\n<p class=\"voc-p\">\u00a1Cae Vargas en el \u00e1rea del Espanyol tras una disputa con El Hilali! No vio nada punible el colegiado, pese a que se acerc\u00f3 al jugador tras echarse el bal\u00f3n fuera<\/p>\n<p>21:33<\/p>\n<p>Min. 30 (0-0)<\/p>\n<p class=\"voc-p\">Entre Marcao y Castr\u00edn lograron cortar un pase filtrado de Pere Milla para Kike Garc\u00eda en el \u00e1rea sevillista<\/p>\n<p>21:31<\/p>\n<p>Min. 29 (0-0)<\/p>\n<p class=\"voc-p\">Despeje de Terrats en un lance con Vargas; nuevo c\u00f3rner para el Sevilla<\/p>\n<p>21:31<\/p>\n<p>Min. 28 (0-0)<\/p>\n<p class=\"voc-p\">Cruce de Cabrera en el \u00e1rea para impedir que Akor Adams rematase un buen pase filtrado de Peque; c\u00f3rner para el Sevilla<\/p>\n<p>21:27<\/p>\n<p>Min. 24 (0-0)<\/p>\n<p class=\"voc-p\">Han comenzado a calentar los sevillistas Ejuke y Alfon en la banda<\/p>\n<p>21:27<\/p>\n<p>Min. 24 (0-0)<\/p>\n<p class=\"voc-p\">Entran las asistencias m\u00e9dicas del Sevilla para atender a Januzaj, quien se duele del tobillo tras un lance con Romero<\/p>\n<p>21:25<\/p>\n<p>Min. 22 (0-0)<\/p>\n<p class=\"voc-p\">Falta de Sow sobre Kike Garc\u00eda<\/p>\n<p>21:24<\/p>\n<p>Min. 21(0-0)<\/p>\n<p class=\"voc-p\">Centro de Juanlu desde la derecha que Romero desv\u00eda a c\u00f3rner<\/p>\n<p>21:23<\/p>\n<p>Min. 21 (0-0)<\/p>\n<p class=\"voc-p\">Centro de Vargas desde la izquierda que despeja la defensa del Espanyol en su \u00e1rea<\/p>\n<p>21:22<\/p>\n<p>Min. 19 (0-0)<\/p>\n<p class=\"voc-p\">\u00a1\u00a1\u00a1Uyyyyyyyyyyyyyyyy!!! Cabezazo de Peque que desv\u00eda Dmitrovic tras no llegar a atrapar el bal\u00f3n<\/p>\n<p>21:22<\/p>\n<p>Min. 19 (0-0)<\/p>\n<p class=\"voc-p\">C\u00f3rner a favor del Sevilla<\/p>\n<p>21:19<\/p>\n<p>Min. 17 (0-0)<\/p>\n<p class=\"voc-p\">\u00a1\u00a1\u00a1Al palooooooooo!!! Disparo raso con la zurda de Peque que impacta en la madera, tras avanzar el jugador unos metros desde que recuper\u00f3 el bal\u00f3n en campo rival<\/p>\n<p>21:18<\/p>\n<p>Min. 15 (0-0)<\/p>\n<p class=\"voc-p\">\u00a1\u00a1\u00a1Uyyyyyyyyyyyyy!!! Trallazo de Akor Adams desde lejos que desv\u00eda Dmitrovic<\/p>\n<p>21:15<\/p>\n<p>Min. 13 (0-0)<\/p>\n<p class=\"voc-p\">Centro de El Hilali que bloquea Vargas; c\u00f3rner para el Espanyol<\/p>\n<p>21:15<\/p>\n<p>Min. 13 (0-0)<\/p>\n<p class=\"voc-p\">Bal\u00f3n en profundidad de Suazo para Vargas en el \u00e1rea; intent\u00f3 el centro del suizo, pero Dmitrovic lo intercept\u00f3<\/p>\n<p>21:13<\/p>\n<p>Min. 11 (0-0)<\/p>\n<p class=\"voc-p\">Centro de Mendy desde la derecha al que se anticipa Dmitrovic<\/p>\n<p>21:13<\/p>\n<p>Min. 10 (0-0)<\/p>\n<p class=\"voc-p\">Centro de Januzaj desde la derecha que despeja El Hilali<\/p>\n<p>21:12<\/p>\n<p>Min. 10 (0-0)<\/p>\n<p class=\"voc-p\">Dominio total del Espanyol en estos primeros minutos de partido; ya ha tenido ocasiones para ponerse por delante y no ha permitido que el Sevilla controle el bal\u00f3n en campo rival<\/p>\n<p>21:10<\/p>\n<p>Min. 07 (0-0)<\/p>\n<p class=\"voc-p\">Bloqueo de Suazo ante un avance de Dolan por la banda derecha<\/p>\n<p>21:09<\/p>\n<p>Min. 07 (0-0)<\/p>\n<p class=\"voc-p\">Centro de Dolan desde la derecha que no encuentra rematador<\/p>\n","protected":false},"excerpt":{"rendered":"23:55 Mat\u00edas Almeyda, desde la zona mixta del RCDE Stadium, ante los medios oficiales del club Muchas ocasiones&hellip;\n","protected":false},"author":2,"featured_media":254384,"comment_status":"","ping_status":"","sticky":false,"template":"","format":"standard","meta":{"footnotes":""},"categories":[268],"tags":[168,2125,25,24,16789,280,282,1458,315,288,1045,1171,281,23,167,1885,1852],"class_list":{"0":"post-254383","1":"post","2":"type-post","3":"status-publish","4":"format-standard","5":"has-post-thumbnail","7":"category-futbol","8":"tag-deportes","9":"tag-directo","10":"tag-es","11":"tag-espana","12":"tag-espanyol","13":"tag-football","14":"tag-futbol","15":"tag-hora","16":"tag-hoy","17":"tag-laliga","18":"tag-partido","19":"tag-sevilla","20":"tag-soccer","21":"tag-spain","22":"tag-sports","23":"tag-ultima","24":"tag-vivo"},"share_on_mastodon":{"url":"https:\/\/pubeurope.com\/@es\/115608276577409252","error":""},"_links":{"self":[{"href":"https:\/\/www.europesays.com\/es\/wp-json\/wp\/v2\/posts\/254383","targetHints":{"allow":["GET"]}}],"collection":[{"href":"https:\/\/www.europesays.com\/es\/wp-json\/wp\/v2\/posts"}],"about":[{"href":"https:\/\/www.europesays.com\/es\/wp-json\/wp\/v2\/types\/post"}],"author":[{"embeddable":true,"href":"https:\/\/www.europesays.com\/es\/wp-json\/wp\/v2\/users\/2"}],"replies":[{"embeddable":true,"href":"https:\/\/www.europesays.com\/es\/wp-json\/wp\/v2\/comments?post=254383"}],"version-history":[{"count":0,"href":"https:\/\/www.europesays.com\/es\/wp-json\/wp\/v2\/posts\/254383\/revisions"}],"wp:featuredmedia":[{"embeddable":true,"href":"https:\/\/www.europesays.com\/es\/wp-json\/wp\/v2\/media\/254384"}],"wp:attachment":[{"href":"https:\/\/www.europesays.com\/es\/wp-json\/wp\/v2\/media?parent=254383"}],"wp:term":[{"taxonomy":"category","embeddable":true,"href":"https:\/\/www.europesays.com\/es\/wp-json\/wp\/v2\/categories?post=254383"},{"taxonomy":"post_tag","embeddable":true,"href":"https:\/\/www.europesays.com\/es\/wp-json\/wp\/v2\/tags?post=254383"}],"curies":[{"name":"wp","href":"https:\/\/api.w.org\/{rel}","templated":true}]}}