{"id":254429,"date":"2025-11-25T04:20:11","date_gmt":"2025-11-25T04:20:11","guid":{"rendered":"https:\/\/www.europesays.com\/es\/254429\/"},"modified":"2025-11-25T04:20:11","modified_gmt":"2025-11-25T04:20:11","slug":"la-comunidad-cafyd-exige-avanzar-en-regulacionprofesionalya","status":"publish","type":"post","link":"https:\/\/www.europesays.com\/es\/254429\/","title":{"rendered":"la comunidad CAFyD exige avanzar en #Regulaci\u00f3nProfesionalYA"},"content":{"rendered":"<p><img decoding=\"async\" src=\"https:\/\/www.europesays.com\/es\/wp-content\/uploads\/2025\/11\/9bd96f_80cc247b85cb4863b982cf61a0eb194a~mv2.png\" alt=\"ree\" style=\"width:100%;height:100%;object-fit:cover;object-position:50% 50%;max-width:100%\" data-pin-url=\"https:\/\/www.consejo-colef.es\/post\/regulacion-movilizacion-anecafyde\" data-pin-media=\"https:\/\/static.wixstatic.com\/media\/9bd96f_80cc247b85cb4863b982cf61a0eb194a~mv2.png\/v1\/fill\/w_1080,h_565,al_c,q_90\/9bd96f_80cc247b85cb4863b982cf61a0eb194a~mv2.png\" draggable=\"false\"\/><\/p>\n<p><strong style=\"font-weight:700\">EL ESTUDIANTADO DE CAFyD TOMA LA INICIATIVA: UNA MOVILIZACI\u00d3N QUE REFUERZA LA NECESIDAD DE UNA LEY ESTATAL DE ORDENACI\u00d3N PROFESIONAL<\/strong><\/p>\n<blockquote class=\"_9BhPs\">\n<p><strong style=\"font-weight:700\">El estudiantado del Grado en Ciencias de la Actividad F\u00edsica y del Deporte ha protagonizado hoy una sentada simult\u00e1nea en gran parte de las universidades espa\u00f1olas que imparten esta titulaci\u00f3n, coordinada por ANECAFYDE, para reclamar avances en la Ley estatal de ordenaci\u00f3n profesional. Con m\u00e1s de 22.000 personas matriculadas y alrededor de 4.000 egresadas cada a\u00f1o, la comunidad universitaria recuerda que la regulaci\u00f3n no puede seguir demor\u00e1ndose. El Consejo COLEF valora esta movilizaci\u00f3n serena y oportuna, y reitera la necesidad de una ley s\u00f3lida, coherente y alineada con la tendencia auton\u00f3mica y la Ley del Deporte.<\/strong><\/p>\n<\/blockquote>\n<p class=\"IFLJx f1-1G _-7vPo sDlj2\" dir=\"auto\" id=\"viewer-u36i21440\">Hoy, en facultades de toda Espa\u00f1a, el estudiantado del Grado en Ciencias de la Actividad F\u00edsica y del Deporte (CAFYD) ha protagonizado una movilizaci\u00f3n in\u00e9dita en la historia reciente de la titulaci\u00f3n. Coordinado por <strong style=\"font-weight:700\">ANECAFYDE<\/strong>, el alumnado ha realizado sentadas simult\u00e1neas que, por su alcance y capacidad organizativa, evidencian un compromiso notable con la defensa de su futura profesi\u00f3n. Desde el Consejo COLEF trasladamos nuestra felicitaci\u00f3n por esta demostraci\u00f3n de madurez colectiva y por la convicci\u00f3n con la que se ha impulsado una acci\u00f3n que, con toda probabilidad, ser\u00e1 solo el <strong style=\"font-weight:700\">comienzo de un ciclo reivindicativo m\u00e1s amplio<\/strong>.<\/p>\n<p class=\"IFLJx f1-1G _-7vPo sDlj2\" dir=\"auto\" id=\"viewer-25t1h1162\">El impacto de la acci\u00f3n es especialmente significativo si se considera la dimensi\u00f3n real del sistema universitario de CAFYD en Espa\u00f1a. <strong style=\"font-weight:700\">Casi 70 universidades imparten el Grado<\/strong>, seg\u00fan datos oficiales; el <strong style=\"font-weight:700\">\u00faltimo Anuario de Estad\u00edsticas Deportivas refleja alrededor de 22.000 personas matriculadas<\/strong>, y cada a\u00f1o <strong style=\"font-weight:700\">se grad\u00faan aproximadamente 4.000 nuevas y nuevos profesionales<\/strong>. La movilizaci\u00f3n de hoy, por tanto, no es un gesto aislado, sino la expresi\u00f3n colectiva de un estudiantado numeroso, diverso y consciente de que el futuro de su ejercicio profesional est\u00e1 directamente vinculado al marco regulatorio que apruebe el Estado.<\/p>\n<p class=\"IFLJx f1-1G _-7vPo sDlj2\" dir=\"auto\" id=\"viewer-lw0ui1171\">Desde hace a\u00f1os, el Consejo COLEF viene reclamando la aprobaci\u00f3n de una ordenaci\u00f3n estatal que garantice la seguridad, la calidad de los servicios deportivos\u00a0y la claridad profesional\u00a0en un sector que, pese a su creciente importancia social, sigue sin contar con un marco estatal propio. La reivindicaci\u00f3n expresada hoy por el estudiantado apunta a la misma necesidad de fondo: urge una ley estatal que aporte seguridad jur\u00eddica, reconozca adecuadamente el nivel formativo universitario y contribuya a elevar los est\u00e1ndares de los servicios de pr\u00e1ctica f\u00edsico-deportiva en todo el Estado.<\/p>\n<p class=\"IFLJx f1-1G _-7vPo sDlj2\" dir=\"auto\" id=\"viewer-j62eu1182\">Durante los \u00faltimos meses, en el transcurso interno de los trabajos legislativos, se han producido momentos complejos. Sin necesidad de entrar en detalles, s\u00ed puede afirmarse que circularon propuestas que, de haberse impulsado, habr\u00edan introducido una seria incertidumbre sobre el papel profesional y el nivel formativo\u00a0de quienes ejercen en el \u00e1mbito de la educaci\u00f3n f\u00edsica, la actividad f\u00edsica y el deporte. Ante esa situaci\u00f3n, el Consejo COLEF actu\u00f3 con la responsabilidad\u00a0y la discreci\u00f3n institucional\u00a0que corresponden a un interlocutor reconocido por el Gobierno de Espa\u00f1a, manteniendo informados a los COLEF\/COPLEF auton\u00f3micos, al sistema universitario y a los agentes principales del ecosistema profesional.<\/p>\n<p class=\"IFLJx f1-1G _-7vPo sDlj2\" dir=\"auto\" id=\"viewer-spcpb1634\">La movilizaci\u00f3n estudiantil, lejos de ser un episodio aislado, aporta un mensaje que conviene escuchar: la ordenaci\u00f3n profesional no puede demorarse indefinidamente. El actual contexto pol\u00edtico estatal, con un clima parlamentario complejo y una elevada carga normativa en curso, genera un riesgo real de par\u00e1lisis. En este escenario, resulta imprescindible que el Ejecutivo mantenga el rumbo y avance hacia la apertura del tr\u00e1mite de audiencia p\u00fablica\u00a0del Anteproyecto de Ley. Espa\u00f1a necesita una regulaci\u00f3n clara, coherente con la Ley del Deporte\u00a0y alineada con la tendencia auton\u00f3mica\u00a0consolidada durante los \u00faltimos quince a\u00f1os.<\/p>\n<p class=\"IFLJx f1-1G _-7vPo sDlj2\" dir=\"auto\" id=\"viewer-er0a11204\">En este sentido, la acci\u00f3n del estudiantado refuerza tres mensajes clave:<\/p>\n<ol class=\"erjqb KVAVd\">\n<li dir=\"auto\" aria-level=\"1\" class=\"qUi3b\" style=\"text-align:JUSTIFY;margin-inline-start:1.5em;list-style-type:decimal\">\n<p class=\"IFLJx f1-1G _-7vPo sDlj2\" dir=\"\" id=\"viewer-dhrht1209\">En primer lugar, recuerda que el sector est\u00e1 <strong style=\"font-weight:700\">preparado para una ordenaci\u00f3n que garantice el inter\u00e9s general<\/strong>. El Grado en CAFYD ha demostrado, a lo largo de d\u00e9cadas, su valor formativo para la calidad y la seguridad de la pr\u00e1ctica f\u00edsico-deportiva. Su comunidad universitaria, sus egresados y profesionales colegiados han construido un espacio de conocimiento y responsabilidad que no puede quedar diluido en un marco estatal impreciso o insuficiente.<\/p>\n<\/li>\n<\/ol>\n<ol class=\"erjqb KVAVd\" start=\"2\">\n<li dir=\"auto\" aria-level=\"1\" class=\"qUi3b\" style=\"text-align:JUSTIFY;margin-inline-start:1.5em;list-style-type:decimal\">\n<p class=\"IFLJx f1-1G _-7vPo sDlj2\" dir=\"\" id=\"viewer-3oah71216\">En segundo lugar, se\u00f1ala la importancia de avanzar hacia una ley que respete los niveles formativos y la coherencia interna del sistema. Las legislaciones auton\u00f3micas han establecido, de forma progresiva y s\u00f3lida, un camino claro: <strong style=\"font-weight:700\">la preparaci\u00f3n f\u00edsica y la direcci\u00f3n t\u00e9cnica de servicios deportivos requieren competencias y conocimientos propios de la formaci\u00f3n universitaria especializada<\/strong>. El nuevo marco estatal debe inspirarse en esta l\u00ednea, evitando retrocesos que generen confusi\u00f3n profesional y jur\u00eddica.<\/p>\n<\/li>\n<\/ol>\n<ol class=\"erjqb KVAVd\" start=\"3\">\n<li dir=\"auto\" aria-level=\"1\" class=\"qUi3b\" style=\"text-align:JUSTIFY;margin-inline-start:1.5em;list-style-type:decimal\">\n<p class=\"IFLJx f1-1G _-7vPo sDlj2\" dir=\"\" id=\"viewer-lyzzz1223\">En tercer lugar, subraya que la ciudadan\u00eda necesita una regulaci\u00f3n que clarifique derechos y obligaciones en un sector con enorme impacto social. La demanda de servicios deportivos para la salud, el rendimiento o la inclusi\u00f3n es creciente, y el Estado no puede permitirse un marco normativo <strong style=\"font-weight:700\">d\u00e9bil o contradictorio<\/strong>.<\/p>\n<\/li>\n<\/ol>\n<p class=\"IFLJx f1-1G _-7vPo sDlj2\" dir=\"auto\" id=\"viewer-31pqh1228\">Por eso, la movilizaci\u00f3n de hoy es pertinente y oportuna. No solo visibiliza la preocupaci\u00f3n del estudiantado, sino que contribuye a recordar a los poderes p\u00fablicos que una parte esencial del futuro del sector exige una regulaci\u00f3n moderna, precisa y coherente. Y lo hace desde una acci\u00f3n pac\u00edfica, organizada y respetuosa, que abre una puerta a nuevas formas de participaci\u00f3n de la comunidad universitaria en los debates p\u00fablicos sobre su profesi\u00f3n.<\/p>\n<p><img decoding=\"async\" src=\"https:\/\/www.europesays.com\/es\/wp-content\/uploads\/2025\/11\/9bd96f_aa1916bd57384985bf5d5751f80205da~mv2.png\" alt=\"ree\" style=\"width:100%;height:100%;object-fit:cover;object-position:50% 50%;max-width:100%\" data-pin-url=\"https:\/\/www.consejo-colef.es\/post\/regulacion-movilizacion-anecafyde\" data-pin-media=\"https:\/\/static.wixstatic.com\/media\/9bd96f_aa1916bd57384985bf5d5751f80205da~mv2.png\/v1\/fill\/w_1484,h_1113,al_c,q_90\/9bd96f_aa1916bd57384985bf5d5751f80205da~mv2.png\" draggable=\"false\"\/><\/p>\n<p class=\"IFLJx f1-1G _-7vPo sDlj2\" dir=\"auto\" id=\"viewer-d5x5s2448\">El Consejo COLEF quiere poner en valor este gesto colectivo y, al mismo tiempo, reiterar su disposici\u00f3n a colaborar con todos los actores implicados para que la futura ley sea una oportunidad de avance. Este es un momento para caminar juntos. Las universidades, el estudiantado, las organizaciones colegiales, las entidades deportivas, las empresas del sector, las administraciones p\u00fablicas y los grupos pol\u00edticos comparten, o deber\u00edan compartir, un objetivo com\u00fan: garantizar que la regulaci\u00f3n del ejercicio profesional en el deporte responda al inter\u00e9s general, proteja a la ciudadan\u00eda y reconozca adecuadamente las competencias de quienes ejercen con responsabilidad y rigor.<\/p>\n<p class=\"IFLJx f1-1G _-7vPo sDlj2\" dir=\"auto\" id=\"viewer-k7cfq1242\">El impulso mostrado hoy por el alumnado de CAFYD constituye un recordatorio de que la profesi\u00f3n tiene futuro porque hay una nueva generaci\u00f3n dispuesta a defenderla. Desde el Consejo COLEF seguiremos trabajando, con compromiso institucional y di\u00e1logo constante, para que ese futuro se construya sobre un marco legislativo s\u00f3lido, coherente y alineado con las necesidades reales del Estado.<\/p>\n<p class=\"IFLJx f1-1G Lyk5M sDlj2\" style=\"line-height:max(0.8em, 1.38em)\" dir=\"auto\" id=\"viewer-a1g5s\">Cuantas m\u00e1s personas estemos colegiadas, m\u00e1s se escuchar\u00e1n nuestras voces. <\/p>\n<p class=\"IFLJx f1-1G Lyk5M sDlj2\" style=\"line-height:max(0.8em, 1.38em)\" dir=\"auto\" id=\"viewer-bmr3p\">Es tu responsabilidad, es tu compromiso con la profesi\u00f3n y la sociedad.<\/p>\n<p class=\"IFLJx f1-1G Lyk5M sDlj2\" style=\"line-height:max(0.8em, 1.38em)\" dir=\"auto\" id=\"viewer-93q75\">Si todav\u00eda no te has colegiado, puedes hacerlo de forma f\u00e1cil y sencilla a trav\u00e9s de la<\/p>\n","protected":false},"excerpt":{"rendered":"EL ESTUDIANTADO DE CAFyD TOMA LA INICIATIVA: UNA MOVILIZACI\u00d3N QUE REFUERZA LA NECESIDAD DE UNA LEY ESTATAL DE&hellip;\n","protected":false},"author":2,"featured_media":254430,"comment_status":"","ping_status":"","sticky":false,"template":"","format":"standard","meta":{"footnotes":""},"categories":[5],"tags":[17,18,25,24,13,14,11,19,20,9,10,15,16,23,12,21,22],"class_list":{"0":"post-254429","1":"post","2":"type-post","3":"status-publish","4":"format-standard","5":"has-post-thumbnail","7":"category-titulares","8":"tag-breaking-news","9":"tag-breakingnews","10":"tag-es","11":"tag-espana","12":"tag-featured-news","13":"tag-featurednews","14":"tag-headlines","15":"tag-latest-news","16":"tag-latestnews","17":"tag-news","18":"tag-noticias","19":"tag-noticias-destacadas","20":"tag-noticiasdestacadas","21":"tag-spain","22":"tag-titulares","23":"tag-ultimas-noticias","24":"tag-ultimasnoticias"},"share_on_mastodon":{"url":"https:\/\/pubeurope.com\/@es\/115608422216554177","error":""},"_links":{"self":[{"href":"https:\/\/www.europesays.com\/es\/wp-json\/wp\/v2\/posts\/254429","targetHints":{"allow":["GET"]}}],"collection":[{"href":"https:\/\/www.europesays.com\/es\/wp-json\/wp\/v2\/posts"}],"about":[{"href":"https:\/\/www.europesays.com\/es\/wp-json\/wp\/v2\/types\/post"}],"author":[{"embeddable":true,"href":"https:\/\/www.europesays.com\/es\/wp-json\/wp\/v2\/users\/2"}],"replies":[{"embeddable":true,"href":"https:\/\/www.europesays.com\/es\/wp-json\/wp\/v2\/comments?post=254429"}],"version-history":[{"count":0,"href":"https:\/\/www.europesays.com\/es\/wp-json\/wp\/v2\/posts\/254429\/revisions"}],"wp:featuredmedia":[{"embeddable":true,"href":"https:\/\/www.europesays.com\/es\/wp-json\/wp\/v2\/media\/254430"}],"wp:attachment":[{"href":"https:\/\/www.europesays.com\/es\/wp-json\/wp\/v2\/media?parent=254429"}],"wp:term":[{"taxonomy":"category","embeddable":true,"href":"https:\/\/www.europesays.com\/es\/wp-json\/wp\/v2\/categories?post=254429"},{"taxonomy":"post_tag","embeddable":true,"href":"https:\/\/www.europesays.com\/es\/wp-json\/wp\/v2\/tags?post=254429"}],"curies":[{"name":"wp","href":"https:\/\/api.w.org\/{rel}","templated":true}]}}