{"id":254439,"date":"2025-11-25T04:33:12","date_gmt":"2025-11-25T04:33:12","guid":{"rendered":"https:\/\/www.europesays.com\/es\/254439\/"},"modified":"2025-11-25T04:33:12","modified_gmt":"2025-11-25T04:33:12","slug":"la-sorprendente-transformacion-de-melissa-rauch-luego-de-the-big-bang-theory","status":"publish","type":"post","link":"https:\/\/www.europesays.com\/es\/254439\/","title":{"rendered":"La sorprendente transformaci\u00f3n de Melissa Rauch luego de The Big Bang Theory"},"content":{"rendered":"\n<p data-start=\"661\" data-end=\"1097\"> Los fan\u00e1ticos de <strong><a href=\"https:\/\/es.wikipedia.org\/wiki\/The_Big_Bang_Theory\" target=\"_blank\" rel=\"follow nofollow noopener\">The Big Bang Theory<\/a><\/strong> mantiene un cari\u00f1o especial por cada integrante del elenco, incluso por quienes ocuparon roles secundarios pero dejaron una huella imborrable. Entre ellos aparece <a href=\"https:\/\/es.wikipedia.org\/wiki\/Melissa_Rauch\" target=\"_blank\" rel=\"follow nofollow noopener\">Melissa Rauch<\/a>, recordada por dar vida a la carism\u00e1tica Bernadette. Su evoluci\u00f3n desde el cierre de la <strong data-start=\"996\" data-end=\"1005\">serie<\/strong> llam\u00f3 la atenci\u00f3n de los fans, que hoy observan con sorpresa su notoria <strong data-start=\"1078\" data-end=\"1096\"><a href=\"https:\/\/www.quever.news\/temas\/transformacion-57.html\" class=\"agrupador\" rel=\"11210 nofollow noopener\" target=\"_blank\">transformaci\u00f3n<\/a><\/strong>.<\/p>\n<p data-start=\"1099\" data-end=\"1533\"> Rauch comenz\u00f3 con apariciones aisladas en la tercera temporada, hasta convertirse en un personaje central a partir de la cuarta. Su historia junto a Howard Wolowitz la consolid\u00f3 como una de las figuras m\u00e1s queridas del programa. Aunque ya pasaron m\u00e1s de cinco a\u00f1os del final de <a href=\"https:\/\/www.quever.news\/temas\/the-big-bang-theory-451.html\" class=\"agrupador\" rel=\"12687 nofollow noopener\" target=\"_blank\">The Big Bang Theory<\/a>, muchos seguidores admiten que le perdieron el rastro y que incluso les cuesta reconocerla en sus proyectos actuales.<\/p>\n<p> melissa rauch   <\/p>\n<p>  <img loading=\"lazy\" decoding=\"async\" src=\"https:\/\/www.quever.news\/css-custom\/374\/lazy.svg\" data-td-src-property=\"https:\/\/media.quever.news\/p\/1dac92c5b4f940bd8002b572d19c1ef2\/adjuntos\/374\/imagenes\/001\/845\/0001845871\/760x0\/smart\/melissa-rauch.png\" alt=\"Melissa Rauch en la actualidad\" title=\"Melissa Rauch en la actualidad\" width=\"760\" height=\"508\" id=\"1852159-Libre-1461617522_embed\"\/>    <\/p>\n<p>Melissa Rauch en la actualidad<\/p>\n<p data-start=\"1535\" data-end=\"1935\">La actriz construy\u00f3 una carrera s\u00f3lida m\u00e1s all\u00e1 de la famosa sitcom. Particip\u00f3 en producciones como The Office, Night Court y otras comedias televisivas que aprovecharon su versatilidad. Sin embargo, para buena parte del p\u00fablico su nombre sigue ligado a la voz aguda y el temperamento explosivo de Bernadette. Esa identificaci\u00f3n marc\u00f3 su imagen, pero tambi\u00e9n impuls\u00f3 su popularidad internacional.<\/p>\n<p data-start=\"1937\" data-end=\"2316\">En redes sociales, <strong><a href=\"https:\/\/www.quever.news\/temas\/melissa-rauch-11157.html\" class=\"agrupador\" rel=\"16422 nofollow noopener\" target=\"_blank\">Melissa Rauch<\/a><\/strong> re\u00fane m\u00e1s de 2,5 millones de seguidores. All\u00ed comparte fragmentos de su d\u00eda a d\u00eda, adelantos de sus trabajos y momentos personales que muestran una versi\u00f3n m\u00e1s relajada y aut\u00e9ntica. Su estilo, m\u00e1s sobrio y adulto que en sus a\u00f1os dentro de la <strong data-start=\"2229\" data-end=\"2238\">serie<\/strong>, alimenta la percepci\u00f3n de una clara <strong data-start=\"2276\" data-end=\"2294\">transformaci\u00f3n<\/strong> f\u00edsica y profesional.<\/p>\n<p> melissa rauch 2    <\/p>\n<p>  <img decoding=\"async\" src=\"https:\/\/www.europesays.com\/es\/wp-content\/uploads\/2025\/11\/melissa-rauch-2.png\" alt=\"\" title=\"\" width=\"760\" height=\"1100\" id=\"1852162-Libre-423431516_embed\" crossorigin=\"anonymous\" fetchpriority=\"high\" decode=\"async\"\/>       <\/p>\n<p data-start=\"2318\" data-end=\"2705\" data-is-last-node=\"\" data-is-only-node=\"\">A pesar del paso del tiempo, los fans mantienen intacto el afecto por su personaje en The Big Bang Theory. La actriz sigue recibiendo mensajes que celebran aquel rol que la llev\u00f3 al reconocimiento global. Hoy, con una carrera en expansi\u00f3n y una imagen renovada, <strong>Melissa Rauch<\/strong> mantiene su v\u00ednculo con el p\u00fablico.<\/p>\n","protected":false},"excerpt":{"rendered":"Los fan\u00e1ticos de The Big Bang Theory mantiene un cari\u00f1o especial por cada integrante del elenco, incluso por&hellip;\n","protected":false},"author":2,"featured_media":254440,"comment_status":"","ping_status":"","sticky":false,"template":"","format":"standard","meta":{"footnotes":""},"categories":[171],"tags":[146,147,25,24,23,214],"class_list":{"0":"post-254439","1":"post","2":"type-post","3":"status-publish","4":"format-standard","5":"has-post-thumbnail","7":"category-tv","8":"tag-entertainment","9":"tag-entretenimiento","10":"tag-es","11":"tag-espana","12":"tag-spain","13":"tag-tv"},"share_on_mastodon":{"url":"https:\/\/pubeurope.com\/@es\/115608473296620810","error":""},"_links":{"self":[{"href":"https:\/\/www.europesays.com\/es\/wp-json\/wp\/v2\/posts\/254439","targetHints":{"allow":["GET"]}}],"collection":[{"href":"https:\/\/www.europesays.com\/es\/wp-json\/wp\/v2\/posts"}],"about":[{"href":"https:\/\/www.europesays.com\/es\/wp-json\/wp\/v2\/types\/post"}],"author":[{"embeddable":true,"href":"https:\/\/www.europesays.com\/es\/wp-json\/wp\/v2\/users\/2"}],"replies":[{"embeddable":true,"href":"https:\/\/www.europesays.com\/es\/wp-json\/wp\/v2\/comments?post=254439"}],"version-history":[{"count":0,"href":"https:\/\/www.europesays.com\/es\/wp-json\/wp\/v2\/posts\/254439\/revisions"}],"wp:featuredmedia":[{"embeddable":true,"href":"https:\/\/www.europesays.com\/es\/wp-json\/wp\/v2\/media\/254440"}],"wp:attachment":[{"href":"https:\/\/www.europesays.com\/es\/wp-json\/wp\/v2\/media?parent=254439"}],"wp:term":[{"taxonomy":"category","embeddable":true,"href":"https:\/\/www.europesays.com\/es\/wp-json\/wp\/v2\/categories?post=254439"},{"taxonomy":"post_tag","embeddable":true,"href":"https:\/\/www.europesays.com\/es\/wp-json\/wp\/v2\/tags?post=254439"}],"curies":[{"name":"wp","href":"https:\/\/api.w.org\/{rel}","templated":true}]}}