{"id":254447,"date":"2025-11-25T04:39:11","date_gmt":"2025-11-25T04:39:11","guid":{"rendered":"https:\/\/www.europesays.com\/es\/254447\/"},"modified":"2025-11-25T04:39:11","modified_gmt":"2025-11-25T04:39:11","slug":"un-sanroqueno-guionista-de-la-serie-ena-que-se-estrena-hoy-en-tve1","status":"publish","type":"post","link":"https:\/\/www.europesays.com\/es\/254447\/","title":{"rendered":"Un sanroque\u00f1o, guionista de la serie Ena, que se estrena hoy en TVE1"},"content":{"rendered":"<p>Pablo Lara es un reconocido guionista de televisi\u00f3n, que ha participado en series tan importantes como \u201cEl Ministerio del Tiempo\u201d, junto a Isa S\u00e1nchez y Daniel Corpas, y con Javier Olivares como responsable argumental y showrunner.<\/p>\n<p>El alcalde de San Roque, Juan Carlos Ruiz Boix, le ha felicitado por este trabajo y por su trayectoria, dese\u00e1ndole toda clase de \u00e9xitos y agradeci\u00e9ndole que lleve siempre el nombre de San Roque a gala.<\/p>\n<p>En esta nueva serie hist\u00f3rica, Lara ha coescrito junto a los otros tres guionistas los seis cap\u00edtulos que relatan la vida de la reina Victoria Eugenia.<\/p>\n<p>Pablo Lara ha comentado a Multimedia San Roque que, aunque la serie se termin\u00f3 de rodar hace dos a\u00f1os, su trabajo se desarroll\u00f3 a lo largo de varios meses para escribir con todo rigor el guion, basado en la novela hom\u00f3nima de la escritora Pilar Eyre.<\/p>\n<p>Para ello, Pablo Lara y sus compa\u00f1eros tuvieron que leerse m\u00e1s de 6.000 p\u00e1ginas de documentaci\u00f3n hist\u00f3rica para confrontar datos para, a la hora de escribir la serie, \u00e9sta fuera lo m\u00e1s rigurosa posible con la realidad.<\/p>\n<p>Coment\u00f3 Pablo Lara que en ocasiones hubo que modificar alguno de los cap\u00edtulos que ya estaban cerrados al encontrarse nuevos datos o detalles que merec\u00edan ser incluidos en el guion<\/p>\n<p>En estos momentos, Pablo Lara est\u00e1 terminando la post-producci\u00f3n de una serie de ficci\u00f3n sonora en la que participan entre otros Salva Reina, Fernando Tejero y otros nombres ilustres, y que despu\u00e9s ser\u00e1 arreglada para televisi\u00f3n.<\/p>\n<p>Pablo Lara espera estas Navidades poder visitar de nuevo su pueblo y a su familiares que residen aqu\u00ed .<\/p>\n<p>En 2020 Pablo Lara recibi\u00f3 muy buenas cr\u00edticas por su c\u00f3mic \u201cT\u00f3rax 1975\u201d, un trabajo de 144 p\u00e1ginas a color editado por la Editorial Panini C\u00f3mics, que cuenta con el pr\u00f3logo de Borja Crespo y el ep\u00edlogo de Manuel Berrocal Muela.<\/p>\n<p>El pasado a\u00f1o, Lara fue nominado a dos galardones, mejor ficci\u00f3n y mejor producci\u00f3n, en los III Premios Ondas Globales del Podtcats, por su trabajo \u201cModo Moche\u201d.<br \/>En lo que se refiere a Ena, la serie est\u00e1 basada en la novela hom\u00f3nima de la escritora Pilar Eyre, y est\u00e1 dirigida \u00edntegramente por mujeres: Ana\u00efs Pareto, directora de la serie en su conjunto, adem\u00e1s de cuatro cap\u00edtulos; y por Estel D\u00edaz, al frente de dos cap\u00edtulos.<\/p>\n<p>La serie nos traslada a Londres. A\u00f1o 1905. Alfonso XIII acude a pactar su matrimonio con la princesa Patricia de Connaught, sin embargo, ella lo rechaza. En la misma fiesta, conoce a Ena y queda prendado de ella. As\u00ed comienza una serie que lleva dos a\u00f1os guardada en el caj\u00f3n y que ya ha podido ser vista en Finlandia y tambi\u00e9n en Portugal.<\/p>\n<p>Ena es la historia de una joven inglesa, Victoria Eugenia de Battenberg, que nunca so\u00f1\u00f3 con ser reina de Espa\u00f1a. En el viaje deja atr\u00e1s a su familia, sus costumbres, su cultura y su religi\u00f3n. Nunca se sinti\u00f3 aceptada ni querida, pero jam\u00e1s se rindi\u00f3. Moderna en un ambiente tradicional, fue icono de la moda y de la liberaci\u00f3n de las costumbres femeninas: fumaba, vest\u00eda pantal\u00f3n&#8230;<\/p>\n<p>Cuando descubre las continuas infidelidades del rey Alfonso XIII, no deja de ejercer como reina. Padeci\u00f3 la maldici\u00f3n de transmitir la hemofilia, para dolor de su marido ante la dif\u00edcil sucesi\u00f3n din\u00e1stica que ello supon\u00eda. A cambio, mejor\u00f3 la salud de muchos espa\u00f1oles con un trabajo que ha pasado a la Historia: la reconstrucci\u00f3n de la Cruz Roja.<\/p>\n<p>En paralelo, Mateo Morral vuelve a Espa\u00f1a. Tras un viaje por Europa donde el joven anarquista se ha radicalizado, decide que, para cambiar Espa\u00f1a, ya no bastan las palabras. El anuncio de la boda real entre Alfonso y Victoria Eugenia es el momento perfecto para pasar a la acci\u00f3n. El 31 de mayo de 1906 se cruzar\u00e1n ambas historias en un atentado que marcar\u00e1 la Historia de Espa\u00f1a.<\/p>\n<p>\u00a0<\/p>\n<p>\u00a0<\/p>\n<p>\u00a0<\/p>\n","protected":false},"excerpt":{"rendered":"Pablo Lara es un reconocido guionista de televisi\u00f3n, que ha participado en series tan importantes como \u201cEl Ministerio&hellip;\n","protected":false},"author":2,"featured_media":254448,"comment_status":"","ping_status":"","sticky":false,"template":"","format":"standard","meta":{"footnotes":""},"categories":[91],"tags":[1250,2193,2191,146,147,25,24,2190,2186,2189,2185,2187,23,2192,2188],"class_list":{"0":"post-254447","1":"post","2":"type-post","3":"status-publish","4":"format-standard","5":"has-post-thumbnail","7":"category-entretenimiento","8":"tag-ayuntamiento","9":"tag-cadiz","10":"tag-campamento","11":"tag-entertainment","12":"tag-entretenimiento","13":"tag-es","14":"tag-espana","15":"tag-guadiaro","16":"tag-roque","17":"tag-san-enrique","18":"tag-san-roque","19":"tag-soto-grande","20":"tag-spain","21":"tag-taraguilla","22":"tag-torreguadiaro"},"share_on_mastodon":{"url":"","error":""},"_links":{"self":[{"href":"https:\/\/www.europesays.com\/es\/wp-json\/wp\/v2\/posts\/254447","targetHints":{"allow":["GET"]}}],"collection":[{"href":"https:\/\/www.europesays.com\/es\/wp-json\/wp\/v2\/posts"}],"about":[{"href":"https:\/\/www.europesays.com\/es\/wp-json\/wp\/v2\/types\/post"}],"author":[{"embeddable":true,"href":"https:\/\/www.europesays.com\/es\/wp-json\/wp\/v2\/users\/2"}],"replies":[{"embeddable":true,"href":"https:\/\/www.europesays.com\/es\/wp-json\/wp\/v2\/comments?post=254447"}],"version-history":[{"count":0,"href":"https:\/\/www.europesays.com\/es\/wp-json\/wp\/v2\/posts\/254447\/revisions"}],"wp:featuredmedia":[{"embeddable":true,"href":"https:\/\/www.europesays.com\/es\/wp-json\/wp\/v2\/media\/254448"}],"wp:attachment":[{"href":"https:\/\/www.europesays.com\/es\/wp-json\/wp\/v2\/media?parent=254447"}],"wp:term":[{"taxonomy":"category","embeddable":true,"href":"https:\/\/www.europesays.com\/es\/wp-json\/wp\/v2\/categories?post=254447"},{"taxonomy":"post_tag","embeddable":true,"href":"https:\/\/www.europesays.com\/es\/wp-json\/wp\/v2\/tags?post=254447"}],"curies":[{"name":"wp","href":"https:\/\/api.w.org\/{rel}","templated":true}]}}