{"id":254450,"date":"2025-11-25T04:41:11","date_gmt":"2025-11-25T04:41:11","guid":{"rendered":"https:\/\/www.europesays.com\/es\/254450\/"},"modified":"2025-11-25T04:41:11","modified_gmt":"2025-11-25T04:41:11","slug":"los-plazos-de-la-guerra-por-tap-la-aerolinea-ansiada-por-los-gigantes-iag-lufthansa-y-air-france-klm","status":"publish","type":"post","link":"https:\/\/www.europesays.com\/es\/254450\/","title":{"rendered":"Los plazos de la guerra por TAP, la aerol\u00ednea ansiada por los gigantes IAG, Lufthansa y Air France-KLM"},"content":{"rendered":"<p>La &#8216;SEPI&#8217; portuguesa, Parp\u00fablica, <a href=\"https:\/\/www.eleconomista.es\/transportes-turismo\/noticias\/13657606\/11\/25\/la-gestora-de-tap-confirma-que-hay-tres-interesados-en-adquirir-parte-de-la-aerolinea-lusa.html\" title=\"La gestora de TAP confirma que hay tres interesados en adquirir parte de la aerol\u00ednea lusa\" rel=\"nofollow noopener\" target=\"_blank\">confirm\u00f3 este fin de semana<\/a> la recepci\u00f3n de <b>tres manifestaciones de inter\u00e9s<\/b> para llevar a cabo la venta de hasta el 44,9% del capital de la <b>aerol\u00ednea estatal TAP<\/b>. El plazo para presentar estas declaraciones, primer paso del proceso competitivo de reprivatizaci\u00f3n, finaliz\u00f3 el s\u00e1bado a las 16:59 horas y aunque la entidad no desvel\u00f3 oficialmente la identidad de los candidatos, se confirma as\u00ed el inter\u00e9s de <b>Air France-KLM, Lufthansa e International Airlines Group (IAG)<\/b>, propietario de las espa\u00f1olas Iberia y Vueling. <\/p>\n<p>El Gobierno portugu\u00e9s ha establecido que del 49,9% a la venta, un <b>5% estar\u00e1 reservado a los empleados<\/b> de la aerol\u00ednea, y ha fijado como requisito que las compa\u00f1\u00edas candidatas tengan una <b>facturaci\u00f3n superior a 5.000 millones<\/b> de euros en al menos uno de los \u00faltimos tres a\u00f1os. Tambi\u00e9n deben acreditar experiencia en el sector a\u00e9reo y capacidad financiera suficiente.<\/p>\n<p><b>IAG<\/b> <a href=\"https:\/\/www.eleconomista.es\/transportes-turismo\/noticias\/13655348\/11\/25\/iag-se-postula-para-comprar-el-45-de-la-portuguesa-tap-y-pugnara-con-air-france-y-lufthansa.html\" title=\"IAG se postula para comprar el 45% de la portuguesa TAP y pugnar\u00e1 con Air France y Lufthansa\" rel=\"nofollow noopener\" target=\"_blank\">confirm\u00f3 el viernes<\/a> la presentaci\u00f3n de su declaraci\u00f3n de inter\u00e9s. La firma angloespa\u00f1ola prev\u00e9 <b>mantener la independencia operativa de TAP<\/b>, ofreciendo un modelo descentralizado que \u00abofrece m\u00e1rgenes l\u00edderes en el sector y se ajusta a la ambici\u00f3n del Gobierno portugu\u00e9s de proteger TAP\u00bb, seg\u00fan fuentes de la compa\u00f1\u00eda. <\/p>\n<p>Para ello, tratar\u00e1 de replicar la estrategia que <a href=\"https:\/\/www.eleconomista.es\/transportes-turismo\/noticias\/13250280\/03\/25\/iag-seducira-a-portugal-con-un-doble-hub-lisboamadrid-para-comprar-tap.html\" title=\"IAG seducir\u00e1 a Portugal con un doble &#039;hub&#039; Lisboa-Madrid para comprar TAP\" rel=\"nofollow noopener\" target=\"_blank\">ya emple\u00f3 con Aer Lingus<\/a>, buscando un <b>doble hub Madrid-Lisboa<\/b> y fortaleciendo la conectividad transatl\u00e1ntica. La compa\u00f1\u00eda considera que TAP encaja estrat\u00e9gicamente, especialmente por su <b>presencia en Brasil<\/b>, segundo mercado de la aerol\u00ednea portuguesa, donde Iberia ya est\u00e1 tomando posiciones y reforzando su oferta de vuelos un 25%<\/p>\n<p><b>Air France-KLM<\/b> fue la <a href=\"https:\/\/www.eleconomista.es\/transportes-turismo\/noticias\/13651888\/11\/25\/air-france-se-adelanta-a-iag-y-presenta-su-oferta-para-comprar-el-449-de-la-portuguesa-tap.html\" title=\"Air France se adelanta a IAG y presenta su oferta para comprar el 44,9% de la portuguesa TAP\" rel=\"nofollow noopener\" target=\"_blank\">primera en confirmar su participaci\u00f3n<\/a>, apuntando a que la operaci\u00f3n permitir\u00eda complementar su red europea con una <b>expansi\u00f3n hacia Latinoam\u00e9rica<\/b>, un territorio en el que el grupo tiene limitada presencia. <b>Lufthansa<\/b>, por su parte, habr\u00eda presentado una oferta por una <b>participaci\u00f3n minoritaria<\/b> \u2014alrededor del 19,9%\u2014 con la intenci\u00f3n de establecer una <b>colaboraci\u00f3n a largo plazo<\/b> con TAP y reforzar la conectividad global de Portugal.<\/p>\n<p>El cierre, no antes del verano<\/p>\n<p>Tras el cierre del plazo de manifestaciones de inter\u00e9s, Parp\u00fablica dispone de <b>20 d\u00edas para elaborar un informe<\/b> detallado sobre las empresas candidatas y su cumplimiento de los requisitos. Los candidatos admitidos ser\u00e1n invitados a presentar <b>ofertas no vinculantes en un plazo m\u00e1ximo de 90 d\u00edas<\/b>, que incluir\u00e1n el precio indicativo de las acciones, la estructura financiera prevista, planes de inversi\u00f3n en flota y mantenimiento, compromiso con combustibles sostenibles, respeto a las obligaciones laborales y visi\u00f3n estrat\u00e9gica de crecimiento. Ello lleva la fecha l\u00edmite para presentar ofertas a <b>mediados de marzo<\/b>. <\/p>\n<p>Posteriormente, Parp\u00fablica dispondr\u00e1 de <b>30 d\u00edas para evaluar estas propuestas<\/b> preliminares y remitir un nuevo informe al Gobierno, que seleccionar\u00e1 a los licitadores m\u00e1s adecuados para presentar ofertas vinculantes. El proceso prev\u00e9 un m\u00e1ximo de <b>90 d\u00edas para la fase final<\/b> de entrega de propuestas definitivas, tras la cual se elaborar\u00e1 un informe final y se aprobar\u00e1n los contratos de venta, por lo que la resoluci\u00f3n definitiva podr\u00eda producirse<b> a principios de julio<\/b>. <\/p>\n<p>El Gobierno portugu\u00e9s ha impuesto <b>condiciones espec\u00edficas<\/b>: mantener las operaciones en el hub de Lisboa, preservar la sede y la marca de TAP, y asegurar las rutas estrat\u00e9gicas, incluidas las conexiones con Brasil, Madeira y Azores. Estas condiciones han sido <b>aceptadas por los tres grandes candidatos<\/b>, lo que ha permitido avanzar en el proceso de reprivatizaci\u00f3n.<\/p>\n<p><b>TAP ha logrado remontar sus finanzas<\/b> tras a\u00f1os de crisis y registr\u00f3 un <b>beneficio de 55,2 millones<\/b> de euros hasta septiembre de 2025, gracias a un verano fuerte que compens\u00f3 p\u00e9rdidas del primer semestre. La privatizaci\u00f3n parcial se perfila como la \u00faltima gran batalla de las aerol\u00edneas europeas por controlar una de las pocas compa\u00f1\u00edas medianas de bandera nacional en el continente, con un <b>enfoque estrat\u00e9gico en Latinoam\u00e9rica<\/b> que atrae especialmente a IAG.<\/p>\n<p>WhatsApp<a href=\"https:\/\/api.whatsapp.com\/send?text=https:\/\/www.eleconomista.es\/transportes-turismo\/noticias\/13658803\/11\/25\/los-plazos-de-la-guerra-por-tap-la-aerolinea-ansiada-por-los-gigantes-iag-lufthansa-y-air-franceklm.html?utm_source%3Dwhatsapp%26utm_medium%3Dshare_button&amp;id=1648118629957_whatsapp\" target=\"_blank\" data-action=\"share\/whatsapp\/share\" aria-label=\"Compartir en Whatsapp\" rel=\"nofollow noopener\"><\/a>Facebook<a id=\"fb-share\" href=\"#\" target=\"_blank\" rel=\"noopener noreferrer\" aria-label=\"Compartir en Facebook\"><\/a>Twitter<a href=\"https:\/\/twitter.com\/share?text=Los+plazos+de+la+guerra+por+TAP%2C+la+aerol%C3%ADnea+ansiada+por+los+gigantes+IAG%2C+Lufthansa+y+Air+France-KLM&amp;url=https:\/\/www.eleconomista.es\/transportes-turismo\/noticias\/13658803\/11\/25\/los-plazos-de-la-guerra-por-tap-la-aerolinea-ansiada-por-los-gigantes-iag-lufthansa-y-air-franceklm.html&amp;via=elEconomistaes&amp;id=1648118839245_twitter\" target=\"_blank\" aria-label=\"Compartir en Twitter\" rel=\"nofollow noopener\"><\/a>Linkedin<a href=\"https:\/\/linkedin.com\/share?text=https:\/\/www.eleconomista.es\/transportes-turismo\/noticias\/13658803\/11\/25\/los-plazos-de-la-guerra-por-tap-la-aerolinea-ansiada-por-los-gigantes-iag-lufthansa-y-air-franceklm.html&amp;via=elEconomistaes\" target=\"_blank\" aria-label=\"Compartir en linkedin\" rel=\"nofollow noopener\"><\/a>Beloud<a href=\"https:\/\/beloud.com\/share?text=Los+plazos+de+la+guerra+por+TAP%2C+la+aerol%C3%ADnea+ansiada+por+los+gigantes+IAG%2C+Lufthansa+y+Air+France-KLM&amp;url=https:\/\/www.eleconomista.es\/transportes-turismo\/noticias\/13658803\/11\/25\/los-plazos-de-la-guerra-por-tap-la-aerolinea-ansiada-por-los-gigantes-iag-lufthansa-y-air-franceklm.html&amp;via=elEconomistaes&amp;id=1648118839245_beloud\" target=\"_blank\" aria-label=\"Compartir en beloud\" rel=\"nofollow noopener\"><\/a>Bluesky<a href=\"https:\/\/bsky.app\/intent\/compose?text=https:\/\/bsky.app\/intent\/compose?text=https:\/\/www.eleconomista.es\/transportes-turismo\/noticias\/13658803\/11\/25\/los-plazos-de-la-guerra-por-tap-la-aerolinea-ansiada-por-los-gigantes-iag-lufthansa-y-air-franceklm.html&amp;url=https:\/\/www.eleconomista.es\/transportes-turismo\/noticias\/13658803\/11\/25\/los-plazos-de-la-guerra-por-tap-la-aerolinea-ansiada-por-los-gigantes-iag-lufthansa-y-air-franceklm.html&amp;via=elEconomistaes&amp;id=1648118839245_bluesky\" target=\"_blank\" aria-label=\"Compartir en bluesky\" rel=\"nofollow noopener\"><\/a><\/p>\n<p><script async src=\"https:\/\/platform.twitter.com\/widgets.js\" charset=\"utf-8\"><\/script><\/p>\n","protected":false},"excerpt":{"rendered":"La &#8216;SEPI&#8217; portuguesa, Parp\u00fablica, confirm\u00f3 este fin de semana la recepci\u00f3n de tres manifestaciones de inter\u00e9s para llevar&hellip;\n","protected":false},"author":2,"featured_media":254451,"comment_status":"","ping_status":"","sticky":false,"template":"","format":"standard","meta":{"footnotes":""},"categories":[80],"tags":[82,95,94,25,24,23,32147],"class_list":{"0":"post-254450","1":"post","2":"type-post","3":"status-publish","4":"format-standard","5":"has-post-thumbnail","7":"category-economia","8":"tag-business","9":"tag-economia","10":"tag-economy","11":"tag-es","12":"tag-espana","13":"tag-spain","14":"tag-transportes-y-turismo"},"share_on_mastodon":{"url":"https:\/\/pubeurope.com\/@es\/115608504585212190","error":""},"_links":{"self":[{"href":"https:\/\/www.europesays.com\/es\/wp-json\/wp\/v2\/posts\/254450","targetHints":{"allow":["GET"]}}],"collection":[{"href":"https:\/\/www.europesays.com\/es\/wp-json\/wp\/v2\/posts"}],"about":[{"href":"https:\/\/www.europesays.com\/es\/wp-json\/wp\/v2\/types\/post"}],"author":[{"embeddable":true,"href":"https:\/\/www.europesays.com\/es\/wp-json\/wp\/v2\/users\/2"}],"replies":[{"embeddable":true,"href":"https:\/\/www.europesays.com\/es\/wp-json\/wp\/v2\/comments?post=254450"}],"version-history":[{"count":0,"href":"https:\/\/www.europesays.com\/es\/wp-json\/wp\/v2\/posts\/254450\/revisions"}],"wp:featuredmedia":[{"embeddable":true,"href":"https:\/\/www.europesays.com\/es\/wp-json\/wp\/v2\/media\/254451"}],"wp:attachment":[{"href":"https:\/\/www.europesays.com\/es\/wp-json\/wp\/v2\/media?parent=254450"}],"wp:term":[{"taxonomy":"category","embeddable":true,"href":"https:\/\/www.europesays.com\/es\/wp-json\/wp\/v2\/categories?post=254450"},{"taxonomy":"post_tag","embeddable":true,"href":"https:\/\/www.europesays.com\/es\/wp-json\/wp\/v2\/tags?post=254450"}],"curies":[{"name":"wp","href":"https:\/\/api.w.org\/{rel}","templated":true}]}}