{"id":254453,"date":"2025-11-25T04:43:09","date_gmt":"2025-11-25T04:43:09","guid":{"rendered":"https:\/\/www.europesays.com\/es\/254453\/"},"modified":"2025-11-25T04:43:09","modified_gmt":"2025-11-25T04:43:09","slug":"todo-listo-en-moncloa-para-que-sanchez-cierre-el-nuevo-fiscal-nada-mas-aterrizar-de-angola-espana","status":"publish","type":"post","link":"https:\/\/www.europesays.com\/es\/254453\/","title":{"rendered":"Todo listo en Moncloa para que S\u00e1nchez cierre el nuevo fiscal nada m\u00e1s aterrizar de Angola | Espa\u00f1a"},"content":{"rendered":"<p class=\"\">En una estructura de poder tan vertical como el Gobierno de Pedro S\u00e1nchez, probablemente el presidente que menos contrapesos ha tenido dentro de su Ejecutivo y sobre todo de su partido en la reciente historia democr\u00e1tica espa\u00f1ola, nada se mueve sin que el l\u00edder lo apruebe o en la mayor\u00eda de los casos lo decida directamente. Y en las cuestiones m\u00e1s sensibles no basta con que lo haga por tel\u00e9fono. Tiene que hacerlo en persona. <\/p>\n<p class=\"\">Por eso en La Moncloa est\u00e1 todo listo para que el Consejo de Ministros <a href=\"https:\/\/elpais.com\/espana\/2025-11-23\/un-golpe-en-la-mesa-en-forma-de-nuevo-fiscal-tambien-netamente-progresista.html\" target=\"_self\" rel=\"nofollow noopener\" title=\"https:\/\/elpais.com\/espana\/2025-11-23\/un-golpe-en-la-mesa-en-forma-de-nuevo-fiscal-tambien-netamente-progresista.html\">nombre este martes a la nueva fiscal general del Estado<\/a> \u2014la mayor\u00eda de las fuentes apuntan a que ser\u00e1 mujer, aunque no hay certezas\u2014, pero hasta que S\u00e1nchez no aterrice desde Luanda (Angola) a primera hora de la ma\u00f1ana y se vaya a La Moncloa a despachar con F\u00e9lix Bola\u00f1os, el ministro de Justicia, nada es seguro.<\/p>\n<p class=\"\">Podr\u00eda incluso retrasarse la decisi\u00f3n, aunque todo indica que ser\u00e1 este martes. Para abrir esa posibilidad, <a href=\"https:\/\/elpais.com\/espana\/2025-11-24\/el-fiscal-general-presenta-su-renuncia-tras-la-condena-del-supremo.html\" target=\"_self\" rel=\"nofollow noopener\" title=\"https:\/\/elpais.com\/espana\/2025-11-24\/el-fiscal-general-presenta-su-renuncia-tras-la-condena-del-supremo.html\">el actual fiscal general, \u00c1lvaro Garc\u00eda, dimiti\u00f3 este lunes.<\/a> Si no lo hubiera hecho, el Consejo de Ministros no podr\u00eda nombrar un sustituto, porque la sentencia del Tribunal Supremo que lo inhabilita a\u00fan no ha sido publicada y, por tanto, ten\u00eda derecho a seguir ejerciendo hasta que sea firme.<\/p>\n<p class=\"\">Las especulaciones se han disparado en los entornos del Gobierno y en el mundo jur\u00eddico, donde hay m\u00e1s de 3.000 fiscales y muchas candidatas, que adem\u00e1s podr\u00edan no ser de la carrera, ya que solo se requiere que sea un jurista de reconocido prestigio. <\/p>\n<p class=\"\">Bola\u00f1os ha hecho decenas de consultas desde el jueves para perfilar el nombre que solo S\u00e1nchez puede rematar, en una decisi\u00f3n de alto voltaje pol\u00edtico. A falta de esa \u00faltima palabra del presidente, que puede cambiarlo todo, distintas fuentes del Gobierno consultadas apuntan que muy probablemente ser\u00e1 una mujer, un gesto importante para un<a href=\"https:\/\/elpais.com\/politica\/2018\/06\/05\/actualidad\/1528225386_478208.html\" target=\"_self\" rel=\"nofollow noopener\" title=\"https:\/\/elpais.com\/politica\/2018\/06\/05\/actualidad\/1528225386_478208.html\"> Ejecutivo que se define como feminista, <\/a>y con seguridad alguien de claro perfil progresista y con credibilidad en la carrera. En el mundo pol\u00edtico y jur\u00eddico se especulaba con varios nombres de mujeres progresistas como Teresa Peramato, fiscal de sala jefa de la secci\u00f3n Penal del Tribunal Supremo, especialista en violencia de g\u00e9nero y presidenta de la Uni\u00f3n Progresista de Fiscales. Pero siempre con la cautela de que decide S\u00e1nchez y podr\u00eda dar un golpe de efecto inesperado, algo muy habitual en su mandato.<\/p>\n<p class=\"\">El elegido o la elegida deber\u00e1 ser potente y cre\u00edble en la carrera para poder afrontar un momento dif\u00edcil y una respuesta pol\u00edtica y jur\u00eddica a<a href=\"https:\/\/elpais.com\/espana\/2025-11-21\/el-gobierno-mide-sus-pasos-mientras-estalla-en-privado-contra-el-supremo-lo-tenian-decidido-es-un-fallo-politico.html\" target=\"_self\" rel=\"nofollow noopener\" title=\"https:\/\/elpais.com\/espana\/2025-11-21\/el-gobierno-mide-sus-pasos-mientras-estalla-en-privado-contra-el-supremo-lo-tenian-decidido-es-un-fallo-politico.html\"> un desaf\u00edo muy claro del Tribunal Supremo al Gobierno<\/a>, al haber condenado por primera vez en la historia a un fiscal general con una sentencia que a\u00fan no est\u00e1 redactada pero ya es muy discutida. El propio S\u00e1nchez ha dicho que <a href=\"https:\/\/elpais.com\/espana\/2025-11-23\/sanchez-lamenta-la-sentencia-del-supremo-y-apunta-que-el-constitucional-podra-corregirla.html\" target=\"_self\" rel=\"nofollow noopener\" title=\"https:\/\/elpais.com\/espana\/2025-11-23\/sanchez-lamenta-la-sentencia-del-supremo-y-apunta-que-el-constitucional-podra-corregirla.html\">acata pero \u201clamenta\u201d la sentencia<\/a> porque cree que Garc\u00eda \u201ces inocente\u201d y as\u00ed lo acreditaron \u201cvarios periodistas de dilatada trayectoria\u201d durante un juicio en el que para el Gobierno no se ha mostrado ninguna prueba de la culpabilidad del fiscal general. Desde Luanda, S\u00e1nchez agradeci\u00f3 a Garc\u00eda su tarea de \u201cservidor p\u00fablico\u201d. \u201cLe deseo toda la suerte. Tiene todo mi respeto y consideraci\u00f3n\u201d, se\u00f1al\u00f3 el presidente. <\/p>\n<p class=\"\">El fin de semana ha sido muy intenso en Madrid, con llamadas y reuniones constantes del ministro y el n\u00facleo duro de S\u00e1nchez, pero tambi\u00e9n en Johannesburgo, donde estaba el presidente en el G20 que este a\u00f1o era en Sud\u00e1frica, y tambi\u00e9n en Luanda, donde lleg\u00f3 el domingo por la noche y ha permanecido todo el lunes para participar en la cumbre UE-Uni\u00f3n Africana que este a\u00f1o es en Angola.<\/p>\n<p class=\"\">En los momentos de descanso de las cumbres, o incluso durante sus desarrollos, S\u00e1nchez ha podido hablar y enviarse mensajes con sus principales colaboradores para ir fraguando la decisi\u00f3n. Pero el remate llegar\u00e1 en La Moncloa, cuando llegue con el helic\u00f3ptero desde la base a\u00e9rea de Torrej\u00f3n de Ardoz, donde aterriza el Airbus con el que suelen hacer los viajes largos tanto el presidente como el Rey.<\/p>\n<p class=\"\">S\u00e1nchez tom\u00f3 una decisi\u00f3n muy relevante este domingo. Hab\u00eda sectores en el Gobierno que apostaban por una guerra total con el Tribunal Supremo, y, por tanto, que el presidente utilizara palabras muy gruesas como hab\u00eda hecho su ministro, ex jefe de Gabinete y persona de m\u00e1xima confianza, \u00d3scar L\u00f3pez, que dijo que se ha lanzado \u201cel demoledor mensaje de, si te atreves a tocar a Ayuso, vas pa\u2019lante\u201d. O la propia vicepresidenta segunda, Yolanda D\u00edaz, l\u00edder de Sumar, que acus\u00f3 a los jueces que condenaron a Garc\u00eda de estar en una operaci\u00f3n para derribar al Gobierno. S\u00e1nchez medit\u00f3 su respuesta tres d\u00edas y el domingo opt\u00f3 por no avivar la guerra, mostrar su disconformidad con la sentencia y su confianza en que pueda ser corregida por el Tribunal Constitucional, pero sin cargar las tintas. Por eso ahora es muy importante qu\u00e9 fiscal general elige, porque esa es su verdadera respuesta pol\u00edtica.<\/p>\n<p class=\"\">\u201cLa mejor respuesta es gobernar y ejercer nuestras competencias\u201d, se\u00f1alaron durante el fin de semana fuentes de la c\u00fapula del Ejecutivo como una forma tambi\u00e9n de despejar las dudas, de nuevo, sobre un posible adelanto electoral para aprovechar el momento de indignaci\u00f3n con la sentencia que aglutina y moviliza a la izquierda. S\u00e1nchez y su entorno insisten en que van a seguir gobernando hasta 2027, con las dificultades ya conocidas y sin Presupuestos, y este nombramiento del relevo en la fiscal\u00eda general puede ser tambi\u00e9n un mensaje importante de continuidad: la persona que acepte ese puesto sabe que puede estar un periodo corto, porque en el verano de 2027 tiene que haber elecciones y podr\u00eda cambiar el Gobierno, pero no tendr\u00eda mucho sentido poner a alguien potente para poco despu\u00e9s adelantar elecciones.<\/p>\n<p class=\"\">El nuevo fiscal general ser\u00e1 el cuarto desde que Pedro S\u00e1nchez lleg\u00f3 a La Moncloa en junio de 2018. Antes que Garc\u00eda Ortiz estuvieron Mar\u00eda Jos\u00e9 Segarra y Dolores Delgado, que tambi\u00e9n dimiti\u00f3, aunque en su caso, por problemas de salud. Mientras tanto, las funciones del cargo de fiscal general ser\u00e1n asumidas, previsiblemente, por la teniente fiscal del Supremo, \u00c1ngeles S\u00e1nchez Conde, n\u00famero dos de la c\u00fapula fiscal, que tambi\u00e9n es otra candidata posible a la fiscal\u00eda general, como Teresa Gisbert, fiscal de sala de menores. Otro nombre con el que se especul\u00f3 es el de Ana Ferrer, magistrada del Supremo, pero supondr\u00eda perder un puesto clave para los progresistas en la sala de lo Penal. De hecho ella a\u00fan tiene que redactar su voto particular en la sentencia contra el fiscal general. Y si finalmente fuera un hombre, el propio Diego Villafa\u00f1e, jefe de la secretar\u00eda t\u00e9cnica de la fiscal\u00eda general y mano derecha de Garc\u00eda, ser\u00eda un candidato de continuidad. El nuevo fiscal deber\u00e1 someterse al escrutinio del Consejo General del Poder Judicial y tambi\u00e9n de las Cortes, donde tendr\u00e1 una comparecencia que se prev\u00e9 dura por el rechazo de la oposici\u00f3n a cualquier nombramiento de S\u00e1nchez.<\/p>\n","protected":false},"excerpt":{"rendered":"En una estructura de poder tan vertical como el Gobierno de Pedro S\u00e1nchez, probablemente el presidente que menos&hellip;\n","protected":false},"author":2,"featured_media":254454,"comment_status":"","ping_status":"","sticky":false,"template":"","format":"standard","meta":{"footnotes":""},"categories":[8],"tags":[8577,17,18,12493,25,24,13,14,2165,9401,2153,582,11,19,20,9,7520,10,15,16,2959,23,12,21,22],"class_list":{"0":"post-254453","1":"post","2":"type-post","3":"status-publish","4":"format-standard","5":"has-post-thumbnail","7":"category-espana","8":"tag-alvaro-garcia-ortiz","9":"tag-breaking-news","10":"tag-breakingnews","11":"tag-consejo-de-ministros","12":"tag-es","13":"tag-espana","14":"tag-featured-news","15":"tag-featurednews","16":"tag-felix-bolanos-garcia","17":"tag-fiscales","18":"tag-fiscalia-general-estado","19":"tag-gobierno","20":"tag-headlines","21":"tag-latest-news","22":"tag-latestnews","23":"tag-news","24":"tag-nombramientos","25":"tag-noticias","26":"tag-noticias-destacadas","27":"tag-noticiasdestacadas","28":"tag-pedro-sanchez","29":"tag-spain","30":"tag-titulares","31":"tag-ultimas-noticias","32":"tag-ultimasnoticias"},"share_on_mastodon":{"url":"https:\/\/pubeurope.com\/@es\/115608512525481834","error":""},"_links":{"self":[{"href":"https:\/\/www.europesays.com\/es\/wp-json\/wp\/v2\/posts\/254453","targetHints":{"allow":["GET"]}}],"collection":[{"href":"https:\/\/www.europesays.com\/es\/wp-json\/wp\/v2\/posts"}],"about":[{"href":"https:\/\/www.europesays.com\/es\/wp-json\/wp\/v2\/types\/post"}],"author":[{"embeddable":true,"href":"https:\/\/www.europesays.com\/es\/wp-json\/wp\/v2\/users\/2"}],"replies":[{"embeddable":true,"href":"https:\/\/www.europesays.com\/es\/wp-json\/wp\/v2\/comments?post=254453"}],"version-history":[{"count":0,"href":"https:\/\/www.europesays.com\/es\/wp-json\/wp\/v2\/posts\/254453\/revisions"}],"wp:featuredmedia":[{"embeddable":true,"href":"https:\/\/www.europesays.com\/es\/wp-json\/wp\/v2\/media\/254454"}],"wp:attachment":[{"href":"https:\/\/www.europesays.com\/es\/wp-json\/wp\/v2\/media?parent=254453"}],"wp:term":[{"taxonomy":"category","embeddable":true,"href":"https:\/\/www.europesays.com\/es\/wp-json\/wp\/v2\/categories?post=254453"},{"taxonomy":"post_tag","embeddable":true,"href":"https:\/\/www.europesays.com\/es\/wp-json\/wp\/v2\/tags?post=254453"}],"curies":[{"name":"wp","href":"https:\/\/api.w.org\/{rel}","templated":true}]}}